{"id":100502,"date":"2025-11-26T11:56:09","date_gmt":"2025-11-26T11:56:09","guid":{"rendered":"https:\/\/www.europesays.com\/fi\/100502\/"},"modified":"2025-11-26T11:56:09","modified_gmt":"2025-11-26T11:56:09","slug":"saipa-rikkoi-ykkosketjunsa-juuso-puustinen-palaa-kokoonpanoon-kaksi-pelaajaa-debytoi-liigassa-liiga-26-11-2025-uutiset-jatkoaika-com","status":"publish","type":"post","link":"https:\/\/www.europesays.com\/fi\/100502\/","title":{"rendered":"SaiPa rikkoi ykk\u00f6sketjunsa, Juuso Puustinen palaa kokoonpanoon \u2013 kaksi pelaajaa debytoi Liigassa &#8211; LIIGA &#8211; 26.11.2025 &#8211; Uutiset &#8211; Jatkoaika.com"},"content":{"rendered":"<p>JYPill\u00e4 <strong>Juuso Puustinen<\/strong> palaa vajaan parin viikon loukkaantumisen j\u00e4ljilt\u00e4 kokoonpanoon. Puustinen pelaa ykk\u00f6sketjussa<strong> Aaro Vidgrenin<\/strong> ja <strong>Otto M\u00e4kisen<\/strong> kanssa.<\/p>\n<p>Puolustuksesta loukkaantumisen takia puuttuu\u00a0<strong>Teemu Eronen<\/strong>. Kolmospakkipariin nousee tilalle <strong>Ossi-Veikka Vuontisvaara<\/strong> ja kokoonpanoon seiskapakiksi nousee <strong>Juuso Pulli<\/strong>. <strong>Oskari Salminen<\/strong> aloittaa maalilla.<\/p>\n<p>Lahtelaisten hy\u00f6kk\u00e4ysketjuissa on muutoksia. <strong>Patrik Carlsson<\/strong> palaa kokoonpanoon. H\u00e4n pelaa ykk\u00f6sketjussa <strong>Oskars Bat\u0146an<\/strong> ja <strong>Aidan Dudasin<\/strong> kanssa. <strong>Elias Vil\u00e9n<\/strong> siirtyy ykk\u00f6sketjusta kolmosketjuun <strong>Onni Lindin<\/strong> tilalle. Lind nousee kakkosketjuun <strong>Lucas Edmondsin<\/strong> tilalle, joka puolestaan pelaa keskiviikkona nelosketjussa.<\/p>\n<p>Puolustuksesta <strong>Otso Rantakari<\/strong> ja <strong>Onni K\u00e4yhk\u00f6<\/strong> ovat poissa. Rantakarin kolmospakkiparissa korvaa <strong>Einari Luhanka<\/strong>. Seiskapakkina n\u00e4hd\u00e4\u00e4n Liiga-debytantti <strong>Valtteri Nurmi<\/strong>. <strong>Patrik Barto\u0161\u00e1k<\/strong> aloittaa pussinokkien maalilla.<\/p>\n<p>SaiPa rikkoi ykk\u00f6sketjunsa<\/p>\n<p>SaiPa on sekoittanut hy\u00f6kk\u00e4ysketjujaan illan otteluun. <strong>Emil Kuusla<\/strong> nousee kolmosketjusta ykk\u00f6sketjuun <strong>Otto Kivenm\u00e4en<\/strong> tilalle. Kuusla hakee kauden avausmaaliaan nyt ensi kertaa ykk\u00f6sketjussa. Kivenm\u00e4ki puolestaan aloittaa kakkosketjussa <strong>Patrik Siikasen<\/strong> paikalla ja Siikanen kolmosketjussa Kuuslan paikalla. <strong>Gustavs Grigals<\/strong> aloittaa maalissa.<\/p>\n<p>TPS saa <strong>Kasper Pikkaraisen<\/strong> takaisin loukkaantumisen j\u00e4lkeen. <strong>Aatos Koivu<\/strong> on nostettu ykk\u00f6sketjuun ja muissa ketjuissa on pieni\u00e4 viilauksia. Puolustusp\u00e4\u00e4ss\u00e4 <strong>Tarmo Reunanen<\/strong> on pudotettu seiskapakiksi ja <strong>Victor Sj\u00f6holm<\/strong> uupuu kokonaan.<\/p>\n<p>Jukureilta on pudonnut viisi pelaajaa<\/p>\n<p>Jukureilla on kokoonpanossaan paljon muutoksia. Lauantaina pelanneista pois putoavat <strong>Severi Immonen<\/strong>, <strong>Verneri Ahonen<\/strong>, <strong>Lari Heikkinen<\/strong>, <strong>Luka Tiihonen<\/strong> ja <strong>Niilo Romppanen<\/strong>.<\/p>\n<p>Kokoonpanoon nousevat <strong>Bence Horvath<\/strong>, <strong>Aleks Haatanen<\/strong>, <strong>Viljam Sandvik<\/strong>, <strong>Arttu K\u00e4rki<\/strong> ja <strong>Niko Korkola<\/strong>. Sandvikille peli on ensimm\u00e4inen lokakuun alun loukkaantumisen j\u00e4lkeen.<\/p>\n<p>Kotijoukkue Tapparalla on kaksi isoa poissaoloa, kun ykk\u00f6ssentteri <strong>Oiva Keskinen<\/strong> ja nelosketjun laituri <strong>Emil Sylveg\u00e5rd<\/strong> puuttuvat nipusta.<\/p>\n<p><strong>Oliver Suvanto<\/strong> nousee ykk\u00f6sketjun sentteriksi ja\u00a0<strong>Verneri Ahonen<\/strong> nousee kokoonpanoon pelaten kolmosen keskell\u00e4. Sylveg\u00e5rdia paikkaa Liiga-debytantti <strong>Vilho Vanhatalo<\/strong>. Seiskapakkina pelaa Tapparan vasta hankkima <strong>Iivari R\u00e4s\u00e4nen<\/strong>.<\/p>\n<p><strong>Juha Metsola<\/strong> aloittaa maalilla.<\/p>\n<p>Pieni\u00e4 muutoksia<\/p>\n<p>Kuopiossa KalPan ainoa muutos on puolustuksessa, jossa <strong>Luk\u00e1\u0161 Ka\u0148\u00e1k<\/strong> nousee seiskapakista ykk\u00f6spakkipariin kokoonpanosta puuttuvan <strong>Hugo Galletin<\/strong> tilalle. Seiskapakiksi nousee <strong>Anton Karlsson<\/strong>.<\/p>\n<p>Vierasjoukkue HPK:lla <strong>Axel Skinnari<\/strong> nousee nelosketjuun <strong>Oliver Kopiloffin<\/strong> tilalle ja seiskapakki vaihtuu <strong>Lauri Sertist\u00e4<\/strong> <strong>Kalle Kankaaseen<\/strong>. Maalilla aloittaa <strong>Kim Saarinen<\/strong>.<\/p>\n<p>Lukolta <strong>\u00c9ric G\u00e9linas<\/strong> on poissa t\u00e4m\u00e4n viikon tulehtuneen polven takia. T\u00e4m\u00e4n seurauksena Lukon puolustajaparit el\u00e4v\u00e4t. <strong>Antti Raanta<\/strong> aloittaa maalilla.<\/p>\n<p>HIFK:lta <strong>Niklas Nykyri<\/strong> ja <strong>Kalle Ervasti<\/strong> palaavat puolustukseen yhden pelin poissaolojen j\u00e4lkeen. Hy\u00f6kk\u00e4\u00e4jist\u00e4 <strong>Lauri Sinivuori<\/strong> ja <strong>Kasper Lundell<\/strong> palaavat my\u00f6s kokoonpanoon. Kokoonpanosta putoavat puolustaja <strong>Eelis Uronen<\/strong> sek\u00e4 hy\u00f6kk\u00e4\u00e4j\u00e4t <strong>Aatu Karjalainen<\/strong> ja <strong>Viljo K\u00e4hk\u00f6nen<\/strong>. Lauantaina vaihtoon kolmen osuman j\u00e4lkeen otettu <strong>Hugo Alnefelt<\/strong> aloittaa maalilla.<\/p>\n<p>Sportin ainoana muutoksena <strong>Matti H\u00e4rm\u00e4<\/strong> nousee<strong> Miika Tiihosen<\/strong> paikalle nelosketjuun. H\u00e4rm\u00e4 teki lokakuun kohtaamisessa Espoossa kaksi maalia. <strong>Joni Ortio<\/strong> aloittaa vaasalaisten maalilla.<\/p>\n<p>Espoolaisilla <strong>Joonas Rask<\/strong> palaa hy\u00f6kk\u00e4ykseen ja <strong>Miro Keskitalo<\/strong> puolustukseen. Tiistaina pelin kesken j\u00e4tt\u00e4nyt<strong> Aleksi Laakso<\/strong> on sivussa. Raskin paikka on kakkosketjussa, josta <strong>Jere V\u00e4is\u00e4nen<\/strong> siirtyy kolmosketjuun. <strong>Aatu Hein\u00e4nen on<\/strong> siirretty kolmosketjusta 13. hy\u00f6kk\u00e4\u00e4j\u00e4ksi. Keskitalo ottaa tutun paikan<strong> Kristian N\u00e4kyv\u00e4n<\/strong> parina.<\/p>\n","protected":false},"excerpt":{"rendered":"JYPill\u00e4 Juuso Puustinen palaa vajaan parin viikon loukkaantumisen j\u00e4ljilt\u00e4 kokoonpanoon. Puustinen pelaa ykk\u00f6sketjussa Aaro Vidgrenin ja Otto M\u00e4kisen&hellip;\n","protected":false},"author":2,"featured_media":100503,"comment_status":"","ping_status":"","sticky":false,"template":"","format":"standard","meta":{"footnotes":""},"categories":[158],"tags":[33,31,30,19318,19317,159,32,160],"class_list":{"0":"post-100502","1":"post","2":"type-post","3":"status-publish","4":"format-standard","5":"has-post-thumbnail","7":"category-urheilu","8":"tag-fi","9":"tag-finland","10":"tag-finnish","11":"tag-juuso-puustinen-palaa-kokoonpanoon-kaksi-pelaajaa-debytoi-liigassa-liiga-26-11-2025-uutiset-jatkoaika-com-kaikki-jaakiekosta","12":"tag-saipa-rikkoi-ykkosketjunsa","13":"tag-sports","14":"tag-suomi","15":"tag-urheilu"},"share_on_mastodon":{"url":"https:\/\/pubeurope.com\/@fi\/115615877360081162","error":""},"_links":{"self":[{"href":"https:\/\/www.europesays.com\/fi\/wp-json\/wp\/v2\/posts\/100502","targetHints":{"allow":["GET"]}}],"collection":[{"href":"https:\/\/www.europesays.com\/fi\/wp-json\/wp\/v2\/posts"}],"about":[{"href":"https:\/\/www.europesays.com\/fi\/wp-json\/wp\/v2\/types\/post"}],"author":[{"embeddable":true,"href":"https:\/\/www.europesays.com\/fi\/wp-json\/wp\/v2\/users\/2"}],"replies":[{"embeddable":true,"href":"https:\/\/www.europesays.com\/fi\/wp-json\/wp\/v2\/comments?post=100502"}],"version-history":[{"count":0,"href":"https:\/\/www.europesays.com\/fi\/wp-json\/wp\/v2\/posts\/100502\/revisions"}],"wp:featuredmedia":[{"embeddable":true,"href":"https:\/\/www.europesays.com\/fi\/wp-json\/wp\/v2\/media\/100503"}],"wp:attachment":[{"href":"https:\/\/www.europesays.com\/fi\/wp-json\/wp\/v2\/media?parent=100502"}],"wp:term":[{"taxonomy":"category","embeddable":true,"href":"https:\/\/www.europesays.com\/fi\/wp-json\/wp\/v2\/categories?post=100502"},{"taxonomy":"post_tag","embeddable":true,"href":"https:\/\/www.europesays.com\/fi\/wp-json\/wp\/v2\/tags?post=100502"}],"curies":[{"name":"wp","href":"https:\/\/api.w.org\/{rel}","templated":true}]}}