{"id":100510,"date":"2025-11-26T12:02:09","date_gmt":"2025-11-26T12:02:09","guid":{"rendered":"https:\/\/www.europesays.com\/fi\/100510\/"},"modified":"2025-11-26T12:02:09","modified_gmt":"2025-11-26T12:02:09","slug":"lempaalan-ideaparkin-lahettyville-rakennetaan-uusi-vankila-paikkoja-tulossa-aluksi-noin-sata-pirkanmaa","status":"publish","type":"post","link":"https:\/\/www.europesays.com\/fi\/100510\/","title":{"rendered":"Lemp\u00e4\u00e4l\u00e4n Ideaparkin l\u00e4hettyville rakennetaan uusi vankila \u2013 paikkoja tulossa aluksi noin sata | Pirkanmaa"},"content":{"rendered":"<p class=\"aw-1gybjub aw-5vja16 kEtdKx kmuxyA yle__article__paragraph\">Uuden vankilan sijainti\u00adpaikaksi tulee Lemp\u00e4\u00e4l\u00e4n kunnan Hulikankulma-niminen tontti.<\/p>\n<p><img decoding=\"async\" alt=\"Tulevan vankilan paikka kartalla.\" src=\"https:\/\/www.europesays.com\/fi\/wp-content\/uploads\/2025\/11\/39-15597176926dc9cbdfb3.jpeg\" class=\"aw-1l9m598 hKVVvP\"\/><\/p>\n<p>Avaa kuvien katselu<\/p>\n<p>Uusi vankila tulee Lemp\u00e4\u00e4l\u00e4n maamerkkin\u00e4 pidetyn kauppakeskus Ideaparkin l\u00e4hettyville. Ensi vuoden asuntomessut rakentuvat moottoritien toiselle puolelle. Kuva: Marko Melto \/ Yle, Mapcreator, Openstreetmap<\/p>\n<p>Juttu tiivistettyn\u00e4<\/p>\n<ul class=\"aw-1jjocuh iJTSwP yle__article__list yle__article__list--ul\">\n<li class=\"aw-1j7gwms gNYKfi\">Oikeusministeri\u00f6 on p\u00e4\u00e4tt\u00e4nyt rakentaa uuden vankilan Lemp\u00e4\u00e4l\u00e4\u00e4n. Se valmistuu vuosien 2031\u20132033 v\u00e4lill\u00e4.<\/li>\n<li class=\"aw-1j7gwms gNYKfi\">Hanke helpottaa vankiloiden yliasutusta ja lis\u00e4\u00e4 vankipaikkoja Pirkanmaalle, jossa niit\u00e4 on v\u00e4h\u00e4n.<\/li>\n<li class=\"aw-1j7gwms gNYKfi\">Noin sadan vankipaikan laitos tuo Lemp\u00e4\u00e4l\u00e4\u00e4n my\u00f6s uusia ty\u00f6paikkoja rikosseuraamusalalle.<\/li>\n<\/ul>\n<p class=\"aw-1gybjub aw-1p7kakr kEtdKx cEmitX yle__article__paragraph\">T\u00e4m\u00e4 on teko\u00e4lyn avulla tuotettu, toimittajan tarkistama tiivistelm\u00e4.<\/p>\n<p class=\"aw-1gybjub aw-1p7kakr kEtdKx cEmitX yle__article__paragraph\">Oikeusministeri\u00f6 on tehnyt p\u00e4\u00e4t\u00f6ksen Pirkanmaan vankilan rakentamisesta Lemp\u00e4\u00e4l\u00e4n kuntaan. Suljetun vankilan on tarkoitus valmistua vuosien 2031\u20132033 v\u00e4lill\u00e4.<\/p>\n<p class=\"aw-1gybjub aw-1p7kakr kEtdKx cEmitX yle__article__paragraph\">Vankipaikkoja uuteen vankilaan tulisi ensivaiheessa noin sata.<\/p>\n<p class=\"aw-1gybjub aw-1p7kakr kEtdKx cEmitX yle__article__paragraph\">Uuden vankilan sijaintipaikaksi tulee Lemp\u00e4\u00e4l\u00e4n kunnan Hulikankulma-niminen tontti, joka sijoittuu Marjam\u00e4en yritysalueelle Hulikankulman etel\u00e4osaan.<\/p>\n<p class=\"aw-1gybjub aw-1p7kakr kEtdKx cEmitX yle__article__paragraph\">Esimerkiksi kauppakeskus Ideapark sijaitsee samalla alueella.<\/p>\n<p class=\"aw-1gybjub aw-1p7kakr kEtdKx cEmitX yle__article__paragraph\">Sijaintipaikan valintaan vaikuttivat muun muassa tontin pinta-ala, et\u00e4isyys Tampereen p\u00e4\u00e4poliisiasemalle ja Kylm\u00e4kosken vankilaan, arvioidut suunnittelu- ja aikatauluriskit, julkisen liikenteen saavutettavuus sek\u00e4 maanomistus.<\/p>\n<p class=\"aw-1gybjub aw-1p7kakr kEtdKx cEmitX yle__article__paragraph\">Lemp\u00e4\u00e4l\u00e4n kunnanjohtaja <strong class=\"aw-ak79eh KyCXm yle__article__strong\">Noora Pajari<\/strong> on tyytyv\u00e4inen hankkeeseen.<\/p>\n<p class=\"aw-1gybjub aw-1p7kakr kEtdKx cEmitX yle__article__paragraph\">\u2013 Olemme tyytyv\u00e4isi\u00e4, ett\u00e4 hankkeelle l\u00f6ydettiin tontti. Hanke korostaa Lemp\u00e4\u00e4l\u00e4n kunnan sijainnin merkityst\u00e4, Pajari kertoo Ylelle.<\/p>\n<p><img decoding=\"async\" alt=\"Kylm\u00e4kosken vankilan piikkilanka-aita.\" src=\"https:\/\/www.europesays.com\/fi\/wp-content\/uploads\/2025\/11\/39-10249006357ac6ec622a.jpeg\" loading=\"lazy\" class=\"aw-1l9m598 hKVVvP\"\/><\/p>\n<p>Avaa kuvien katselu<\/p>\n<p>Lemp\u00e4\u00e4l\u00e4n vankila rakentuu noin 30 kilometrin p\u00e4\u00e4h\u00e4n Kylm\u00e4kosken suljetusta vankilasta. Arkistokuva Kylm\u00e4kosken vankilasta. Kuva: Matias V\u00e4\u00e4n\u00e4nen \/ Yle<\/p>\n<p class=\"aw-1gybjub aw-1p7kakr kEtdKx cEmitX yle__article__paragraph\">Sijainnissa ja kokonaisuudessa on varauduttu siihen, ett\u00e4 vankilaa on mahdollista my\u00f6hemmin laajentaa noin 400 paikan vankilaksi.<\/p>\n<p class=\"aw-1gybjub aw-1p7kakr kEtdKx cEmitX yle__article__paragraph\">\u2013 Pirkanmaan uusi vankila helpottaa osaltaan vankiloiden yliasutustilannetta ja vankilaverkoston kehitt\u00e4mist\u00e4. Olen eritt\u00e4in tyytyv\u00e4inen, ett\u00e4 p\u00e4\u00e4semme rakentamisessa nyt eteenp\u00e4in, sanoo oikeusministeri <strong class=\"aw-ak79eh KyCXm yle__article__strong\">Leena Meri<\/strong> tiedotteessa.<\/p>\n<p class=\"aw-1gybjub aw-1p7kakr kEtdKx cEmitX yle__article__paragraph\">Pajari toteaa, ett\u00e4 kunta kantaa mielell\u00e4\u00e4n valtion kanssa yhteisvastuuta.<\/p>\n<p class=\"aw-1gybjub aw-1p7kakr kEtdKx cEmitX yle__article__paragraph\">\u2013 Uusi vankila on t\u00e4rke\u00e4 Pirkanmaalle ja tuo lis\u00e4ksi uusia ty\u00f6paikkoja, Pajari korostaa.<\/p>\n<p class=\"aw-1gybjub aw-1p7kakr kEtdKx cEmitX yle__article__paragraph\">Marjam\u00e4en yritysalueella on parhaillaan k\u00e4ynniss\u00e4 yleiskaavan muutos. Asemakaavaty\u00f6 k\u00e4ynnistet\u00e4\u00e4n hankkeen suunnittelun kanssa samanaikaisesti.<\/p>\n<p>Uusi vankila tuo lis\u00e4\u00e4 suljettuja paikkoja<\/p>\n<p class=\"aw-1gybjub aw-1p7kakr kEtdKx cEmitX yle__article__paragraph\">Kasvavasta v\u00e4est\u00f6keskittym\u00e4st\u00e4 huolimatta Pirkanmaalla on v\u00e4h\u00e4n vankipaikkoja.<\/p>\n<p class=\"aw-1gybjub aw-1p7kakr kEtdKx cEmitX yle__article__paragraph\">Akaan Kylm\u00e4koskella on suljettu vankila, jossa on noin 110 vankipaikkaa.<\/p>\n<p class=\"aw-1gybjub aw-1p7kakr kEtdKx cEmitX yle__article__paragraph\">Oikeusministeri\u00f6n tiedotteen mukaan uusi vankila tuo alueelle kaivattuja suljettuja vankipaikkoja. Samalla se lis\u00e4\u00e4 ty\u00f6paikkoja rikosseuraamusalan ammattilaisille.<\/p>\n<p class=\"aw-1gybjub aw-1p7kakr kEtdKx cEmitX yle__article__paragraph\">\u2013 Vankiloiden vaikean yliasutuksen ja henkil\u00f6kunnan ty\u00f6kuorman kevent\u00e4miseksi tarvitsemme lis\u00e4\u00e4 kapasiteettia, sanoo Rikosseuraamuslaitoksen p\u00e4\u00e4johtaja <strong class=\"aw-ak79eh KyCXm yle__article__strong\">Anna Arola-J\u00e4rvi<\/strong> tiedotteessa.<\/p>\n<p class=\"aw-1gybjub aw-1p7kakr kEtdKx cEmitX yle__article__paragraph\">Senaatti-kiinteist\u00f6t jatkaa vankilan suunnittelua yhdess\u00e4 oikeusministeri\u00f6n ja Rikosseuraamuslaitoksen kanssa. Lemp\u00e4\u00e4l\u00e4n kunnan on puolestaan teht\u00e4v\u00e4 p\u00e4\u00e4t\u00f6s asemakaavasta.<\/p>\n<p class=\"aw-1gybjub aw-1p7kakr kEtdKx cEmitX yle__article__paragraph\">Neuvottelut kunnan kanssa jatkuvat tontin hankinnasta ja kaavoituksesta. T\u00e4m\u00e4n j\u00e4lkeen vankilan toteutusaikataulu ja kustannukset saadaan t\u00e4smennetty\u00e4.<\/p>\n","protected":false},"excerpt":{"rendered":"Uuden vankilan sijainti\u00adpaikaksi tulee Lemp\u00e4\u00e4l\u00e4n kunnan Hulikankulma-niminen tontti. Avaa kuvien katselu Uusi vankila tulee Lemp\u00e4\u00e4l\u00e4n maamerkkin\u00e4 pidetyn kauppakeskus&hellip;\n","protected":false},"author":2,"featured_media":100511,"comment_status":"","ping_status":"","sticky":false,"template":"","format":"standard","meta":{"footnotes":""},"categories":[12],"tags":[22,23,26,27,33,31,30,17,71,24,25,4386,28,29,15,12147,18,21,553,19319,14456,32,19,20,16,11480,12336,796],"class_list":{"0":"post-100510","1":"post","2":"type-post","3":"status-publish","4":"format-standard","5":"has-post-thumbnail","7":"category-suomi","8":"tag-breaking-news","9":"tag-breakingnews","10":"tag-featured-news","11":"tag-featurednews","12":"tag-fi","13":"tag-finland","14":"tag-finnish","15":"tag-headlines","16":"tag-kotimaa","17":"tag-latest-news","18":"tag-latestnews","19":"tag-lempaala","20":"tag-main-news","21":"tag-mainnews","22":"tag-news","23":"tag-oikeuslaitos","24":"tag-otsikot","25":"tag-paauutiset","26":"tag-pirkanmaa","27":"tag-rikosseuraamusvirasto","28":"tag-senaatti-kiinteistot","29":"tag-suomi","30":"tag-top-stories","31":"tag-topstories","32":"tag-uutiset","33":"tag-vankeinhoito","34":"tag-vankilat","35":"tag-yhteiskunta"},"share_on_mastodon":{"url":"https:\/\/pubeurope.com\/@fi\/115615900950396323","error":""},"_links":{"self":[{"href":"https:\/\/www.europesays.com\/fi\/wp-json\/wp\/v2\/posts\/100510","targetHints":{"allow":["GET"]}}],"collection":[{"href":"https:\/\/www.europesays.com\/fi\/wp-json\/wp\/v2\/posts"}],"about":[{"href":"https:\/\/www.europesays.com\/fi\/wp-json\/wp\/v2\/types\/post"}],"author":[{"embeddable":true,"href":"https:\/\/www.europesays.com\/fi\/wp-json\/wp\/v2\/users\/2"}],"replies":[{"embeddable":true,"href":"https:\/\/www.europesays.com\/fi\/wp-json\/wp\/v2\/comments?post=100510"}],"version-history":[{"count":0,"href":"https:\/\/www.europesays.com\/fi\/wp-json\/wp\/v2\/posts\/100510\/revisions"}],"wp:featuredmedia":[{"embeddable":true,"href":"https:\/\/www.europesays.com\/fi\/wp-json\/wp\/v2\/media\/100511"}],"wp:attachment":[{"href":"https:\/\/www.europesays.com\/fi\/wp-json\/wp\/v2\/media?parent=100510"}],"wp:term":[{"taxonomy":"category","embeddable":true,"href":"https:\/\/www.europesays.com\/fi\/wp-json\/wp\/v2\/categories?post=100510"},{"taxonomy":"post_tag","embeddable":true,"href":"https:\/\/www.europesays.com\/fi\/wp-json\/wp\/v2\/tags?post=100510"}],"curies":[{"name":"wp","href":"https:\/\/api.w.org\/{rel}","templated":true}]}}