{"id":100542,"date":"2025-11-26T12:53:09","date_gmt":"2025-11-26T12:53:09","guid":{"rendered":"https:\/\/www.europesays.com\/fi\/100542\/"},"modified":"2025-11-26T12:53:09","modified_gmt":"2025-11-26T12:53:09","slug":"pudasjarven-k-supermarketin-kauppiaiksi-ville-ja-elisa-mollari","status":"publish","type":"post","link":"https:\/\/www.europesays.com\/fi\/100542\/","title":{"rendered":"Pudasj\u00e4rven K-Supermarketin kauppiaiksi Ville ja Elisa M\u00f6ll\u00e4ri"},"content":{"rendered":"<p>Ville ja Elisa odottavat innoissaan p\u00e4\u00e4sev\u00e4ns\u00e4 kauppiaiksi Pudasj\u00e4rvelle. \u201dPaikka on meille entuudestaan tuttu ja hyvin perinteik\u00e4s kauppapaikka. Mukava p\u00e4\u00e4st\u00e4 tutustumaan uusiin ja tuttuihin asiakkaisiin sek\u00e4 henkil\u00f6kuntaan!\u201d<\/p>\n<p>Uusien kauppiaiden suunnitelmissa on kehitt\u00e4\u00e4 ensi alkuun Meill\u00e4 tehty- tuoteperhett\u00e4 entisest\u00e4\u00e4n ja korostaa hedelmiss\u00e4, vihanneksissa ja leiviss\u00e4 sesonkeja. \u201d Haluamme kehitt\u00e4\u00e4 kauppaa yhdess\u00e4 henkil\u00f6kunnan ja asiakkaidemme kanssa.\u201d<\/p>\n<p>\u201dJ\u00e4rjest\u00e4mme avajaiskahvitukset, kunhan olemme saaneet uuden kauppapaikan otettua vastaan ja p\u00e4\u00e4sty uuteen arkeen kiinni\u201d, Ville ja Elisa lupaavat.<\/p>\n<p>K-Supermarket Pudasj\u00e4rvess\u00e4 jatkuvat K-Ruoan nouto- ja kotiinkuljetuspalvelut. Kaupan arkea p\u00e4\u00e4see seuraamaan Facebookista ja Instagramista. <\/p>\n<p>Ville on koulutukseltaan kalanjalostaja ja olleessaan K-Citymarket Rovaniemell\u00e4 ty\u00f6harjoittelussa h\u00e4n innostui kaupan alasta ja siirtyi kouluttautumaan kaupan alalle. H\u00e4n on suorittanut mm. kauppiasvalmennuksen juuri K-Supermarket Pudasj\u00e4rvell\u00e4. Elisalla on my\u00f6s vahva kaupan alan ammattitaito, h\u00e4n on ty\u00f6skennellyt ennen kauppiasuraa Kespron Noutotukussa ja my\u00f6s Pudasj\u00e4rvell\u00e4 K-Supermarketissa. Yhteisen kauppiasuran he aloittivat 2012 K-Market Vaarintorilla Piippolassa ja 2015 he siirtyiv\u00e4t K-Market Sinet\u00e4n kauppiaiksi. <\/p>\n<p><strong>Ruoanlaittoa ja kuntoilua<\/strong><\/p>\n<p>\u201dPerheeseemme kuuluu kaksi yl\u00e4kouluik\u00e4ist\u00e4 lasta ja meid\u00e4n arkea rytmitt\u00e4v\u00e4t todella paljon lasten harrastukset. Perheen kanssa tykk\u00e4\u00e4mme matkustaa aina kun siihen on mahdollisuus\u201d, M\u00f6ll\u00e4rit kertovat vapaa-ajan vietosta. Villen harrastuksiin kuuluvat ruoanlaitto, kalastus sek\u00e4 kuntosali. Elisa tykk\u00e4\u00e4 k\u00e4yd\u00e4 my\u00f6s kuntosalilla ja lenkkeilee.<\/p>\n","protected":false},"excerpt":{"rendered":"Ville ja Elisa odottavat innoissaan p\u00e4\u00e4sev\u00e4ns\u00e4 kauppiaiksi Pudasj\u00e4rvelle. \u201dPaikka on meille entuudestaan tuttu ja hyvin perinteik\u00e4s kauppapaikka. Mukava&hellip;\n","protected":false},"author":2,"featured_media":100543,"comment_status":"","ping_status":"","sticky":false,"template":"","format":"standard","meta":{"footnotes":""},"categories":[76],"tags":[79,77,33,31,30,32,78],"class_list":{"0":"post-100542","1":"post","2":"type-post","3":"status-publish","4":"format-standard","5":"has-post-thumbnail","7":"category-talous","8":"tag-business","9":"tag-economy","10":"tag-fi","11":"tag-finland","12":"tag-finnish","13":"tag-suomi","14":"tag-talous"},"share_on_mastodon":{"url":"https:\/\/pubeurope.com\/@fi\/115616101453676441","error":""},"_links":{"self":[{"href":"https:\/\/www.europesays.com\/fi\/wp-json\/wp\/v2\/posts\/100542","targetHints":{"allow":["GET"]}}],"collection":[{"href":"https:\/\/www.europesays.com\/fi\/wp-json\/wp\/v2\/posts"}],"about":[{"href":"https:\/\/www.europesays.com\/fi\/wp-json\/wp\/v2\/types\/post"}],"author":[{"embeddable":true,"href":"https:\/\/www.europesays.com\/fi\/wp-json\/wp\/v2\/users\/2"}],"replies":[{"embeddable":true,"href":"https:\/\/www.europesays.com\/fi\/wp-json\/wp\/v2\/comments?post=100542"}],"version-history":[{"count":0,"href":"https:\/\/www.europesays.com\/fi\/wp-json\/wp\/v2\/posts\/100542\/revisions"}],"wp:featuredmedia":[{"embeddable":true,"href":"https:\/\/www.europesays.com\/fi\/wp-json\/wp\/v2\/media\/100543"}],"wp:attachment":[{"href":"https:\/\/www.europesays.com\/fi\/wp-json\/wp\/v2\/media?parent=100542"}],"wp:term":[{"taxonomy":"category","embeddable":true,"href":"https:\/\/www.europesays.com\/fi\/wp-json\/wp\/v2\/categories?post=100542"},{"taxonomy":"post_tag","embeddable":true,"href":"https:\/\/www.europesays.com\/fi\/wp-json\/wp\/v2\/tags?post=100542"}],"curies":[{"name":"wp","href":"https:\/\/api.w.org\/{rel}","templated":true}]}}