{"id":100544,"date":"2025-11-26T12:54:09","date_gmt":"2025-11-26T12:54:09","guid":{"rendered":"https:\/\/www.europesays.com\/fi\/100544\/"},"modified":"2025-11-26T12:54:09","modified_gmt":"2025-11-26T12:54:09","slug":"liverpoolin-yliajaja-tunnusti-syyllisyytensa-uutisia-lyhyesti","status":"publish","type":"post","link":"https:\/\/www.europesays.com\/fi\/100544\/","title":{"rendered":"Liverpoolin yliajaja tunnusti syyllisyytens\u00e4 | Uutisia lyhyesti"},"content":{"rendered":"<p class=\"aw-1gybjub aw-1p7kakr kEtdKx cEmitX yle__article__paragraph\">Britanniassa Liverpoolissa v\u00e4kijoukkoon ajanut mies on my\u00f6nt\u00e4nyt syyllisyytens\u00e4. 53-vuotiasta brittimiest\u00e4 syytet\u00e4\u00e4n 31 eri rikoksesta, mm. vammantuottamuksesta ja vaarallisesta ajamisesta.<\/p>\n<p class=\"aw-1gybjub aw-1p7kakr kEtdKx cEmitX yle__article__paragraph\">Mies ajoi ajoi viime toukokuussa v\u00e4kijoukkoon Liverpoolissa l\u00e4hell\u00e4 keskustaa Water Streetill\u00e4. Kaupungilla oli meneill\u00e4\u00e4n Englannin Valioliigan Liverpoolin mestaruusjuhlat. L\u00e4hes 30 ihmist\u00e4 joutui sairaalaan.<\/p>\n<p class=\"aw-1gybjub aw-1p7kakr kEtdKx cEmitX yle__article__paragraph\">Viel\u00e4 syyskuussa mies kiisti syytteet.<\/p>\n<p class=\"aw-1gybjub aw-1p7kakr kEtdKx cEmitX yle__article__paragraph\">Reuters<\/p>\n","protected":false},"excerpt":{"rendered":"Britanniassa Liverpoolissa v\u00e4kijoukkoon ajanut mies on my\u00f6nt\u00e4nyt syyllisyytens\u00e4. 53-vuotiasta brittimiest\u00e4 syytet\u00e4\u00e4n 31 eri rikoksesta, mm. vammantuottamuksesta ja vaarallisesta&hellip;\n","protected":false},"author":2,"featured_media":100545,"comment_status":"","ping_status":"","sticky":false,"template":"","format":"standard","meta":{"footnotes":""},"categories":[14],"tags":[22,23,1775,26,27,33,31,30,17,24,25,2290,28,29,15,2098,18,21,581,32,19,20,56,16,59,60,61],"class_list":{"0":"post-100544","1":"post","2":"type-post","3":"status-publish","4":"format-standard","5":"has-post-thumbnail","7":"category-ulkomaat","8":"tag-breaking-news","9":"tag-breakingnews","10":"tag-britannia","11":"tag-featured-news","12":"tag-featurednews","13":"tag-fi","14":"tag-finland","15":"tag-finnish","16":"tag-headlines","17":"tag-latest-news","18":"tag-latestnews","19":"tag-liverpool","20":"tag-main-news","21":"tag-mainnews","22":"tag-news","23":"tag-oikeudenkaynnit","24":"tag-otsikot","25":"tag-paauutiset","26":"tag-rikokset","27":"tag-suomi","28":"tag-top-stories","29":"tag-topstories","30":"tag-ulkomaat","31":"tag-uutiset","32":"tag-world","33":"tag-world-news","34":"tag-worldnews"},"share_on_mastodon":{"url":"https:\/\/pubeurope.com\/@fi\/115616105418283034","error":""},"_links":{"self":[{"href":"https:\/\/www.europesays.com\/fi\/wp-json\/wp\/v2\/posts\/100544","targetHints":{"allow":["GET"]}}],"collection":[{"href":"https:\/\/www.europesays.com\/fi\/wp-json\/wp\/v2\/posts"}],"about":[{"href":"https:\/\/www.europesays.com\/fi\/wp-json\/wp\/v2\/types\/post"}],"author":[{"embeddable":true,"href":"https:\/\/www.europesays.com\/fi\/wp-json\/wp\/v2\/users\/2"}],"replies":[{"embeddable":true,"href":"https:\/\/www.europesays.com\/fi\/wp-json\/wp\/v2\/comments?post=100544"}],"version-history":[{"count":0,"href":"https:\/\/www.europesays.com\/fi\/wp-json\/wp\/v2\/posts\/100544\/revisions"}],"wp:featuredmedia":[{"embeddable":true,"href":"https:\/\/www.europesays.com\/fi\/wp-json\/wp\/v2\/media\/100545"}],"wp:attachment":[{"href":"https:\/\/www.europesays.com\/fi\/wp-json\/wp\/v2\/media?parent=100544"}],"wp:term":[{"taxonomy":"category","embeddable":true,"href":"https:\/\/www.europesays.com\/fi\/wp-json\/wp\/v2\/categories?post=100544"},{"taxonomy":"post_tag","embeddable":true,"href":"https:\/\/www.europesays.com\/fi\/wp-json\/wp\/v2\/tags?post=100544"}],"curies":[{"name":"wp","href":"https:\/\/api.w.org\/{rel}","templated":true}]}}