{"id":100546,"date":"2025-11-26T12:55:08","date_gmt":"2025-11-26T12:55:08","guid":{"rendered":"https:\/\/www.europesays.com\/fi\/100546\/"},"modified":"2025-11-26T12:55:08","modified_gmt":"2025-11-26T12:55:08","slug":"miten-orpo-ja-purra-reagoivat-opposition-varjobudjetteihin-suora-lahetys-kello-14-15","status":"publish","type":"post","link":"https:\/\/www.europesays.com\/fi\/100546\/","title":{"rendered":"Miten Orpo ja Purra reagoivat opposition varjobudjetteihin? Suora l\u00e4hetys kello 14.15"},"content":{"rendered":"<p>Suora l\u00e4hetys eduskunnasta.Video: Edsukunta<\/p>\n<p class=\"article-body mb-nof-24 px-nof-16\">Miten p\u00e4\u00e4ministeri<a class=\"article-personlink\" href=\"https:\/\/www.is.fi\/haku\/?query=%20Petteri%20Orpo\" rel=\"nofollow noopener\" target=\"_blank\"> Petteri Orpo<\/a> (kok) ja valtiovarainministeri <a class=\"article-personlink\" href=\"https:\/\/www.is.fi\/haku\/?query=Riikka%20Purra\" rel=\"nofollow noopener\" target=\"_blank\">Riikka Purra<\/a> (ps) ottavat vastaan oppositiopuolueiden vaihtoehdon?<\/p>\n<p class=\"article-body mb-nof-24 px-nof-16\">Tyrm\u00e4\u00e4k\u00f6 hallitus oppositiopuolueiden ehdotukset t\u00e4ydellisesti vai l\u00e4mpeneek\u00f6 hallitus joillekin ehdotuksille?<\/p>\n<p class=\"article-body mb-nof-24 px-nof-16\">Se selvi\u00e4\u00e4 iltap\u00e4iv\u00e4ll\u00e4, kun eduskunnassa k\u00e4sitell\u00e4\u00e4n oppositioryhmien varjobudjetteja ensi vuodelle.<\/p>\n<p class=\"article-body mb-nof-24 px-nof-16\">Ensimm\u00e4isen\u00e4 vaihtoehtonsa p\u00e4\u00e4see esittelem\u00e4\u00e4n suurin oppositiopuolue Sdp.<\/p>\n<p class=\"article-body mb-nof-24 px-nof-16\">Keskustelu oppositioryhmien vaihtoehtobudjeteista alkaa \u00e4\u00e4nestysten j\u00e4lkeen noin kello 14.15.<\/p>\n<p class=\"article-body mb-nof-24 px-nof-16\">Keskustelua voi seurata suorana l\u00e4hetyksen\u00e4 IS:n verkkosivuilta. IS tekee debatista tekstiseurannan.<\/p>\n","protected":false},"excerpt":{"rendered":"Suora l\u00e4hetys eduskunnasta.Video: Edsukunta Miten p\u00e4\u00e4ministeri Petteri Orpo (kok) ja valtiovarainministeri Riikka Purra (ps) ottavat vastaan oppositiopuolueiden vaihtoehdon?&hellip;\n","protected":false},"author":2,"featured_media":100547,"comment_status":"","ping_status":"","sticky":false,"template":"","format":"standard","meta":{"footnotes":""},"categories":[12],"tags":[22,23,26,27,33,31,30,17,34,24,25,28,29,15,18,21,32,19,20,16],"class_list":{"0":"post-100546","1":"post","2":"type-post","3":"status-publish","4":"format-standard","5":"has-post-thumbnail","7":"category-suomi","8":"tag-breaking-news","9":"tag-breakingnews","10":"tag-featured-news","11":"tag-featurednews","12":"tag-fi","13":"tag-finland","14":"tag-finnish","15":"tag-headlines","16":"tag-ilta-sanomat","17":"tag-latest-news","18":"tag-latestnews","19":"tag-main-news","20":"tag-mainnews","21":"tag-news","22":"tag-otsikot","23":"tag-paauutiset","24":"tag-suomi","25":"tag-top-stories","26":"tag-topstories","27":"tag-uutiset"},"share_on_mastodon":{"url":"https:\/\/pubeurope.com\/@fi\/115616109369181191","error":""},"_links":{"self":[{"href":"https:\/\/www.europesays.com\/fi\/wp-json\/wp\/v2\/posts\/100546","targetHints":{"allow":["GET"]}}],"collection":[{"href":"https:\/\/www.europesays.com\/fi\/wp-json\/wp\/v2\/posts"}],"about":[{"href":"https:\/\/www.europesays.com\/fi\/wp-json\/wp\/v2\/types\/post"}],"author":[{"embeddable":true,"href":"https:\/\/www.europesays.com\/fi\/wp-json\/wp\/v2\/users\/2"}],"replies":[{"embeddable":true,"href":"https:\/\/www.europesays.com\/fi\/wp-json\/wp\/v2\/comments?post=100546"}],"version-history":[{"count":0,"href":"https:\/\/www.europesays.com\/fi\/wp-json\/wp\/v2\/posts\/100546\/revisions"}],"wp:featuredmedia":[{"embeddable":true,"href":"https:\/\/www.europesays.com\/fi\/wp-json\/wp\/v2\/media\/100547"}],"wp:attachment":[{"href":"https:\/\/www.europesays.com\/fi\/wp-json\/wp\/v2\/media?parent=100546"}],"wp:term":[{"taxonomy":"category","embeddable":true,"href":"https:\/\/www.europesays.com\/fi\/wp-json\/wp\/v2\/categories?post=100546"},{"taxonomy":"post_tag","embeddable":true,"href":"https:\/\/www.europesays.com\/fi\/wp-json\/wp\/v2\/tags?post=100546"}],"curies":[{"name":"wp","href":"https:\/\/api.w.org\/{rel}","templated":true}]}}