{"id":100585,"date":"2025-11-26T13:58:14","date_gmt":"2025-11-26T13:58:14","guid":{"rendered":"https:\/\/www.europesays.com\/fi\/100585\/"},"modified":"2025-11-26T13:58:14","modified_gmt":"2025-11-26T13:58:14","slug":"ala-anna-laitteitasi-tallaisille-henkiloille-vaanivat-gigantin-nurkilla","status":"publish","type":"post","link":"https:\/\/www.europesays.com\/fi\/100585\/","title":{"rendered":"\u00c4l\u00e4 anna laitteitasi t\u00e4llaisille henkil\u00f6ille \u2013 Vaanivat Gigantin nurkilla"},"content":{"rendered":"<p>Elektroniikkaliikkeiden kierr\u00e4tyspisteiden ulkopuolella on ajoittain asiattomia elektroniikkaj\u00e4tteen ker\u00e4\u00e4ji\u00e4. \u00c4lylaitteille j\u00e4\u00e4neet tilit voivat aiheuttaa tietoturvariskin.<\/p>\n<p><img decoding=\"async\" class=\"image image-show image-preview\" src=\"https:\/\/www.europesays.com\/fi\/wp-content\/uploads\/2025\/11\/1764165494_275_18e11109f94fda155529d8b57c515826a9d9376d10304edfd9b92eb631ed5d9d.jpg\" alt=\"\"\/><img decoding=\"async\" class=\"image image-show\" src=\"https:\/\/www.europesays.com\/fi\/wp-content\/uploads\/2025\/11\/1764165494_728_18e11109f94fda155529d8b57c515826a9d9376d10304edfd9b92eb631ed5d9d.jpg\" alt=\"\"\/><\/p>\n<p>Elektroniikan kierr\u00e4tyksess\u00e4 on syyt\u00e4 olla tarkkana. Meeri Utti<\/p>\n<p class=\"paragraph\">Muun muassa Gigantin myym\u00e4l\u00f6iden pihoilla on ajoittain oleskellut asiattomia elektroniikkaj\u00e4tteen ker\u00e4\u00e4ji\u00e4. Ulkopuoliset elektroniikkaj\u00e4tteen ker\u00e4\u00e4j\u00e4t pyrkiv\u00e4t mahdollisesti havittelemaan \u00e4lylaitteille j\u00e4\u00e4neit\u00e4 kirjautumis- ja tilitietoja.<\/p>\n<p class=\"paragraph\">Lukijamme <strong>Lassi<\/strong> kertoi tapauksesta, jossa he olivat olleet yhdess\u00e4 puolisonsa kanssa viem\u00e4ss\u00e4 rikki mennytt\u00e4 televisiota kierr\u00e4tykseen uutta hakiessaan Espoon Suomenojan Gigantti Megastoresta.<\/p>\n<p class=\"paragraph\">Noutopisteelle tultaessa l\u00e4heisest\u00e4 ulkomaan kilviss\u00e4 olleesta autosta nousi harmittoman oloinen henkil\u00f6, joka kysyi pariskunnalta, josko h\u00e4n olisi saanut rikki menneen television.<\/p>\n<p class=\"paragraph\">\u2013 Puoliso aatteli, ett\u00e4 mik\u00e4 jottei, kiva jos voi olla hy\u00f6dyksi. Vedin liinat kiinni ja mietin ett\u00e4 siell\u00e4 on kyll\u00e4 mun kaikki Netflix-, Viaplay-, Youtube- yms. tunnarit kun ei p\u00e4\u00e4ssyt nollaamaan yht\u00e4kki\u00e4 rikki mennytt\u00e4 laitosta, Lassi kertoo.<\/p>\n<p class=\"paragraph\">Pariskunta j\u00e4tti antamatta rikki mennytt\u00e4 televisiota kyseiselle henkil\u00f6lle.<\/p>\n<p>\u201dIlmi\u00f6 ollut jo pitk\u00e4\u00e4n\u201d<\/p>\n<p class=\"paragraph\">Gigantin j\u00e4lkimarkkinointi- ja logistiikkajohtaja <strong>Raul Frimanin<\/strong> mukaan ilmi\u00f6 on heille valitettavan tuttu. Tilanteisiin on jouduttu puuttumaan aina niit\u00e4 havaitessa. Tapauksia on tiedossa my\u00f6s muuallakin, kuin Suomenojalla.<\/p>\n<p class=\"paragraph\">\u2013 Kyll\u00e4, ilmi\u00f6 on meille valitettavan tuttu ja sit\u00e4 on esiintynyt my\u00f6s Suomenojan myym\u00e4l\u00e4n alueella jo pitk\u00e4\u00e4n. Kyse on yksitt\u00e4isist\u00e4 ulkopuolisista henkil\u00f6ist\u00e4, jotka yritt\u00e4v\u00e4t saada haltuunsa asiakkaiden kierr\u00e4tykseen tuomia elektroniikkalaitteita, Friman kertoo.<\/p>\n<p class=\"paragraph\">Pahimmillaan paikalle joudutaan pyyt\u00e4m\u00e4\u00e4n my\u00f6s virkavaltaa. Frimanin mukaan n\u00e4m\u00e4 ovat kuitenkin yksitt\u00e4istapauksia. Tapauksissa laitteita yritet\u00e4\u00e4n saada suoraan asiakkaiden k\u00e4sist\u00e4 tai laitteita yritet\u00e4\u00e4n vied\u00e4 luvattomasti.<\/p>\n<p class=\"paragraph\">Kierr\u00e4tykseen viet\u00e4v\u00e4t laitteet siirtyv\u00e4t Gigantin omistukseen, ja laitteiden luvaton poisvienti on rikos.<\/p>\n<p class=\"paragraph\">Kysyimme ilmi\u00f6n n\u00e4kymisest\u00e4 my\u00f6s Powerilta ja Verkkokauppa.comilta. Power kertoi, ett\u00e4 heid\u00e4n myym\u00e4l\u00f6iss\u00e4 ei ole tietoa vastaavanlaisista tapauksista. Verkkokauppa.comilla ilmi\u00f6 on tiedossa.<\/p>\n<p class=\"paragraph\">\u2013 Tunnistamme ilmi\u00f6n ja olemme ottaneet sen huomioon kierr\u00e4tyspisteit\u00e4 ja -k\u00e4yt\u00e4nt\u00f6j\u00e4 sek\u00e4 asiakasviestint\u00e4\u00e4 kehitt\u00e4ess\u00e4, Verkkokauppa.comin tavaramerkki- ja viestint\u00e4johtaja <strong>Lauri Kutila<\/strong> kertoo Iltalehdelle s\u00e4hk\u00f6postitse.<\/p>\n<p>Asiattomien \u00e4lyj\u00e4tteiden ker\u00e4\u00e4j\u00e4t on tiedossa my\u00f6s Verkkokauppa.comilla. Antti Mannermaa<\/p>\n<p>Tietoturvariski<\/p>\n<p class=\"paragraph\">Friman huomauttaa, ett\u00e4 asiakkaan tietoturva voi vaarantua, mik\u00e4li kierr\u00e4tykseen viet\u00e4v\u00e4 laite luovutetaan ulkopuoliselle henkil\u00f6lle tai j\u00e4tet\u00e4\u00e4n myym\u00e4l\u00e4n ulkopuolelle, valvomattomaan tilaan tai aukioloaikojen ulkopuolella.<\/p>\n<p class=\"paragraph\">\u2013 On t\u00e4rke\u00e4\u00e4, ett\u00e4 asiakas luovuttaa kierr\u00e4tett\u00e4v\u00e4t laitteet suoraan henkil\u00f6kunnalle, etenkin jos kyse on tietoa sis\u00e4lt\u00e4vist\u00e4 laitteista. N\u00e4it\u00e4 ovat esimerkiksi puhelimet, tietokoneet, tabletit, kovalevyt ja \u00e4lytelevisiot.<\/p>\n<p class=\"paragraph\">Frimanin mukaan henkil\u00f6kunnalle luovutetut laitteet vied\u00e4\u00e4n suljettuun ja valvottuun tilaan. Asianmukaisesti kierr\u00e4tetyt laitteet kuljetetaan sertifoiduille kierr\u00e4tyskumppaneille sinet\u00f6idyiss\u00e4 astioissa.<\/p>\n<p class=\"paragraph\">\u2013 Erityisesti \u00e4lylaitteet voivat sis\u00e4lt\u00e4\u00e4 henkil\u00f6kohtaisia tietoja ja kirjautumistilej\u00e4, joita ei ole poistettu. T\u00e4m\u00e4n vuoksi korostamme aina, ett\u00e4 tietoturvaa vaativat laitteet tulee j\u00e4tt\u00e4\u00e4 suoraan henkil\u00f6kunnalle, joka huolehtii ne turvallisesti eteenp\u00e4in.<\/p>\n<p>N\u00e4in kierr\u00e4t\u00e4t \u00e4lylaitteen oikein<\/p>\n<ol>\n<li>Vie laite elektroniikkamyym\u00e4l\u00e4\u00e4n tai viralliseen ker\u00e4yspisteeseen.<\/li>\n<li>Huolehdi tietoturvasta. \u00c4lylaitteet voivat sis\u00e4lt\u00e4\u00e4 henkil\u00f6tietoja, joten <strong>palauta laite tehdasasetuksille,<\/strong> ja luovuta laite aina suoraan henkil\u00f6kunnalle.<\/li>\n<li>Jos \u00e4lylaite on iso, voit hy\u00f6dynt\u00e4\u00e4 my\u00f6s noutopalvelua.<\/li>\n<\/ol>\n<p class=\"paragraph\">L\u00e4hde: Gigantti<\/p>\n","protected":false},"excerpt":{"rendered":"Elektroniikkaliikkeiden kierr\u00e4tyspisteiden ulkopuolella on ajoittain asiattomia elektroniikkaj\u00e4tteen ker\u00e4\u00e4ji\u00e4. \u00c4lylaitteille j\u00e4\u00e4neet tilit voivat aiheuttaa tietoturvariskin. Elektroniikan kierr\u00e4tyksess\u00e4 on syyt\u00e4&hellip;\n","protected":false},"author":2,"featured_media":97705,"comment_status":"","ping_status":"","sticky":false,"template":"","format":"standard","meta":{"footnotes":""},"categories":[86],"tags":[35,420,33,31,30,898,421,6232,486,32,91,92,149,5989],"class_list":{"0":"post-100585","1":"post","2":"type-post","3":"status-publish","4":"format-standard","5":"has-post-thumbnail","7":"category-laitteet","8":"tag-24h","9":"tag-equipment","10":"tag-fi","11":"tag-finland","12":"tag-finnish","13":"tag-kulutustavarat","14":"tag-laitteet","15":"tag-postimyynti-ja-verkkokauppa","16":"tag-sahkoinen-kauppa","17":"tag-suomi","18":"tag-technology","19":"tag-teknologia","20":"tag-tietojenkasittely-ja-informaatioteknologia","21":"tag-verkkoliiketoiminta"},"share_on_mastodon":{"url":"https:\/\/pubeurope.com\/@fi\/115616357177758478","error":""},"_links":{"self":[{"href":"https:\/\/www.europesays.com\/fi\/wp-json\/wp\/v2\/posts\/100585","targetHints":{"allow":["GET"]}}],"collection":[{"href":"https:\/\/www.europesays.com\/fi\/wp-json\/wp\/v2\/posts"}],"about":[{"href":"https:\/\/www.europesays.com\/fi\/wp-json\/wp\/v2\/types\/post"}],"author":[{"embeddable":true,"href":"https:\/\/www.europesays.com\/fi\/wp-json\/wp\/v2\/users\/2"}],"replies":[{"embeddable":true,"href":"https:\/\/www.europesays.com\/fi\/wp-json\/wp\/v2\/comments?post=100585"}],"version-history":[{"count":0,"href":"https:\/\/www.europesays.com\/fi\/wp-json\/wp\/v2\/posts\/100585\/revisions"}],"wp:featuredmedia":[{"embeddable":true,"href":"https:\/\/www.europesays.com\/fi\/wp-json\/wp\/v2\/media\/97705"}],"wp:attachment":[{"href":"https:\/\/www.europesays.com\/fi\/wp-json\/wp\/v2\/media?parent=100585"}],"wp:term":[{"taxonomy":"category","embeddable":true,"href":"https:\/\/www.europesays.com\/fi\/wp-json\/wp\/v2\/categories?post=100585"},{"taxonomy":"post_tag","embeddable":true,"href":"https:\/\/www.europesays.com\/fi\/wp-json\/wp\/v2\/tags?post=100585"}],"curies":[{"name":"wp","href":"https:\/\/api.w.org\/{rel}","templated":true}]}}