{"id":100603,"date":"2025-11-26T14:14:12","date_gmt":"2025-11-26T14:14:12","guid":{"rendered":"https:\/\/www.europesays.com\/fi\/100603\/"},"modified":"2025-11-26T14:14:12","modified_gmt":"2025-11-26T14:14:12","slug":"poliisi-alkoi-tutkia-isoa-huumevyyhtia-sitten-jere-karalahden-pakastimesta-tehtiin-loyto","status":"publish","type":"post","link":"https:\/\/www.europesays.com\/fi\/100603\/","title":{"rendered":"Poliisi alkoi tutkia isoa huumevyyhti\u00e4 \u2013 Sitten Jere Karalahden pakastimesta tehtiin l\u00f6yt\u00f6"},"content":{"rendered":"<p>Poliisi alkoi loppukes\u00e4st\u00e4 tutkia isoa huumevyyhti\u00e4. Pian tutkintavankeuteen p\u00e4\u00e4tyi Jere Karalahti.<\/p>\n<p><img decoding=\"async\" class=\"image image-show image-preview\" src=\"https:\/\/www.europesays.com\/fi\/wp-content\/uploads\/2025\/11\/aaea7524cd8fb4407301d6940054ff86752c3c11a74864338a961e397e546f26.jpg\" alt=\"\"\/><img decoding=\"async\" class=\"image image-show\" src=\"https:\/\/www.europesays.com\/fi\/wp-content\/uploads\/2025\/11\/1764166450_882_aaea7524cd8fb4407301d6940054ff86752c3c11a74864338a961e397e546f26.jpg\" alt=\"\"\/><\/p>\n<p>Jere Karalahti istuu t\u00e4ll\u00e4 hetkell\u00e4 tutkintavankeudessa. Pete Anikari<\/p>\n<p class=\"paragraph\">Helsingin poliisi alkoi tutkia loppukes\u00e4st\u00e4 isoa huumausainevyyhti\u00e4, jossa yksi ep\u00e4illyist\u00e4 on ex-j\u00e4\u00e4kiekkoilija <a href=\"https:\/\/www.iltalehti.fi\/henkilot\/Jere Karalahti\" class=\"article-link-person-page\" rel=\"nofollow noopener\" target=\"_blank\">Jere Karalahti<\/a>, 50.<\/p>\n<p class=\"paragraph\">Ep\u00e4illyt rikokset ovat tapahtuneet kuluvan vuoden aikana. Ep\u00e4iltyn\u00e4 on toistakymment\u00e4.<\/p>\n<p class=\"paragraph\">\u2013 Useampi on edelleen vangittuna, muotoilee tutkinnanjohtaja <strong>Markku Juurikkam\u00e4ki<\/strong>.<\/p>\n<p class=\"paragraph\">Yksi vangituista on Karalahti. Poliisi ep\u00e4ilee miest\u00e4 t\u00f6rke\u00e4st\u00e4 huumausainerikoksesta, joka on tapahtunut Helsingiss\u00e4 1. kes\u00e4kuuta \u2013 29. syyskuuta v\u00e4lisen\u00e4 aikana.<\/p>\n<p class=\"paragraph\">Iltalehden tietojen mukaan Karalahden pakastimesta l\u00f6ytyi huumausaineita. Asia ei kuitenkaan ole keski\u00f6ss\u00e4 itse rikostutkinnassa. Asiasta uutisoi aiemmin my\u00f6s <a href=\"https:\/\/www.mtvuutiset.fi\/artikkeli\/mtv-uutisten-tiedot-poliisi-loysi-jere-karalahden-kotoa-pakastimesta-huumausainetta\/9259170\" target=\"_blank\" rel=\"noopener nofollow\">MTV<\/a>.<\/p>\n<p class=\"paragraph\">Poliisi on toistaiseksi ollut hyvin niukkasanainen rikosvyyhdin sis\u00e4ll\u00f6st\u00e4. Juurikkam\u00e4ki ei kommentoi esimerkiksi huumeiden laatua tai m\u00e4\u00e4r\u00e4\u00e4. Sen h\u00e4n on kertonut, ett\u00e4 kyse ei ole dopingaineista.<\/p>\n<p class=\"paragraph\">Ep\u00e4illyist\u00e4 \u201dusea\u201d on tutkinnanjohtajan mukaan suomalaisia, mutta miten paljon asiaan liittyy ulkomaalaista rikollisuutta, siihen h\u00e4n ei ota kantaa.<\/p>\n<p class=\"paragraph\">\u2013 Aina n\u00e4m\u00e4 tavalla tai toisella kytkeytyv\u00e4t j\u00e4rjest\u00e4ytyneeseen rikollisuuteen.<\/p>\n<p class=\"paragraph\">Juurikkam\u00e4ki arvioi, ett\u00e4 tutkinta saadaan valmiiksi joulukuun puoliv\u00e4liin menness\u00e4. T\u00e4m\u00e4n j\u00e4lkeen tapaus siirtyy syytt\u00e4j\u00e4lle syyteharkintaan. Syyte ainakin Karalahden osalta on nostettava 15. tammikuuta menness\u00e4.<\/p>\n<p class=\"paragraph\">Karalahti on lukuisia kertoja vaatinut p\u00e4\u00e4st\u00e4 vapaaksi tutkintavankeudesta. Sen enemp\u00e4\u00e4 k\u00e4r\u00e4j\u00e4oikeus kuin hovioikeuskaan ei ole heltynyt vaatimukseen.<\/p>\n<p class=\"paragraph\">Juurikkam\u00e4ki sanoo yleisell\u00e4 tasolla, ett\u00e4 huumeisiin liittyviss\u00e4 rikoksissa ep\u00e4illyt halutaan usein pit\u00e4\u00e4 vangittuna aina oikeudenk\u00e4yntiin saakka niin sanotun sotkemisvaaran takia.<\/p>\n<p>Tuomioita taustalla<\/p>\n<p>Jere Karalahti ehti osallistua F2F Eventin otteluun juuri ennen kuin poliisi otti h\u00e4net kiinni. Atte Kajova<\/p>\n<p class=\"paragraph\">Tutkinnassa oleva huumevyyhti ei ole ensimm\u00e4inen kerta, kun Karalahden ep\u00e4ill\u00e4\u00e4n sotkeutuneen huumeisiin.<\/p>\n<p class=\"paragraph\">Viel\u00e4 t\u00e4m\u00e4n vuoden kev\u00e4\u00e4ll\u00e4 Karalahti kertasi j\u00e4\u00e4kiekon ja p\u00e4ihteiden t\u00e4yteisi\u00e4 vuosiaan <a href=\"https:\/\/www.iltalehti.fi\/jaakiekko\/d79bb951-ef6d-4c4a-aa59-f67b06d26a1b\" rel=\"nofollow noopener\" target=\"_blank\">Iltalehden haastattelussa<\/a>.<\/p>\n<p class=\"paragraph\">Entinen j\u00e4\u00e4kiekkoilija on vuosia sitten tuomittu huumausainerikoksista. H\u00e4n on saanut tuomioita huumesotkuista vuosina 2008 ja 1997. Karalahti on kertonut aikoinaan, ett\u00e4 h\u00e4nell\u00e4 oli p\u00e4ihdeongelmia etenkin 2000-luvun alussa.<\/p>\n<p>Jere Karalahden ep\u00e4illyist\u00e4 huumerikoksista on uutisoitu jo vuosikymmeni\u00e4 sitten. Vuonna 2008 Iltalehti uutisoi, ett\u00e4 miest\u00e4 voi uhata jopa vuosien vankeusrangaistus. il-arkisto<\/p>\n<p class=\"paragraph\">Vuonna 2008 mies sai kaksi eri huumetuomiota. Toisessa oli kyse kohua her\u00e4tt\u00e4neest\u00e4 tilanteesta, jossa Karalahti oli kuvattu vet\u00e4m\u00e4ss\u00e4 nen\u00e4\u00e4ns\u00e4 huumeita. Karalahti sai sakkotuomion huumausaineen k\u00e4ytt\u00f6rikoksesta. T\u00e4st\u00e4 Karalahdelle seurasi sakkoja.<\/p>\n<p class=\"paragraph\">Samoihin aikoihin silloinen Espoon k\u00e4r\u00e4j\u00e4oikeus pui vakavampia huumerikossyytteit\u00e4. Vyyhti liittyi moottoripy\u00f6r\u00e4jengi Bandidoksen huumekauppoihin. Oikeuden mukaan Karalahti rahoitti jengil\u00e4isten amfetamiiniostoksia Virosta. H\u00e4n sai teosta alle kahden vuoden ehdollisen vankeustuomion.<\/p>\n<p><a href=\"https:\/\/www.iltalehti.fi\/telkku\/?utm_source=iltalehti.fi&amp;utm_medium=almainternal&amp;utm_campaign=urheilu_artikkelibanneri&amp;utm_content=banner_612_a\" rel=\"nofollow noopener\" target=\"_blank\"><img decoding=\"async\" src=\"https:\/\/www.europesays.com\/fi\/wp-content\/uploads\/2025\/08\/7ef604e47d46ca174b7df4149bd3557dbde56a86d520f8e1b2125548b0a2e03a.png\" alt=\"TV-ohjelmat t\u00e4n\u00e4\u00e4n, TV-opas\"\/><\/a><\/p>\n","protected":false},"excerpt":{"rendered":"Poliisi alkoi loppukes\u00e4st\u00e4 tutkia isoa huumevyyhti\u00e4. Pian tutkintavankeuteen p\u00e4\u00e4tyi Jere Karalahti. Jere Karalahti istuu t\u00e4ll\u00e4 hetkell\u00e4 tutkintavankeudessa. Pete&hellip;\n","protected":false},"author":2,"featured_media":100604,"comment_status":"","ping_status":"","sticky":false,"template":"","format":"standard","meta":{"footnotes":""},"categories":[5],"tags":[35,22,23,26,27,33,31,30,17,700,53,24,25,28,29,15,18,21,694,38,32,19,20,16,8170],"class_list":{"0":"post-100603","1":"post","2":"type-post","3":"status-publish","4":"format-standard","5":"has-post-thumbnail","7":"category-otsikot","8":"tag-24h","9":"tag-breaking-news","10":"tag-breakingnews","11":"tag-featured-news","12":"tag-featurednews","13":"tag-fi","14":"tag-finland","15":"tag-finnish","16":"tag-headlines","17":"tag-laakkeet-ja-paihteet","18":"tag-laki-oikeus-ja-rikos","19":"tag-latest-news","20":"tag-latestnews","21":"tag-main-news","22":"tag-mainnews","23":"tag-news","24":"tag-otsikot","25":"tag-paauutiset","26":"tag-paihteet","27":"tag-rikos","28":"tag-suomi","29":"tag-top-stories","30":"tag-topstories","31":"tag-uutiset","32":"tag-vankeus"},"share_on_mastodon":{"url":"https:\/\/pubeurope.com\/@fi\/115616420016344960","error":""},"_links":{"self":[{"href":"https:\/\/www.europesays.com\/fi\/wp-json\/wp\/v2\/posts\/100603","targetHints":{"allow":["GET"]}}],"collection":[{"href":"https:\/\/www.europesays.com\/fi\/wp-json\/wp\/v2\/posts"}],"about":[{"href":"https:\/\/www.europesays.com\/fi\/wp-json\/wp\/v2\/types\/post"}],"author":[{"embeddable":true,"href":"https:\/\/www.europesays.com\/fi\/wp-json\/wp\/v2\/users\/2"}],"replies":[{"embeddable":true,"href":"https:\/\/www.europesays.com\/fi\/wp-json\/wp\/v2\/comments?post=100603"}],"version-history":[{"count":0,"href":"https:\/\/www.europesays.com\/fi\/wp-json\/wp\/v2\/posts\/100603\/revisions"}],"wp:featuredmedia":[{"embeddable":true,"href":"https:\/\/www.europesays.com\/fi\/wp-json\/wp\/v2\/media\/100604"}],"wp:attachment":[{"href":"https:\/\/www.europesays.com\/fi\/wp-json\/wp\/v2\/media?parent=100603"}],"wp:term":[{"taxonomy":"category","embeddable":true,"href":"https:\/\/www.europesays.com\/fi\/wp-json\/wp\/v2\/categories?post=100603"},{"taxonomy":"post_tag","embeddable":true,"href":"https:\/\/www.europesays.com\/fi\/wp-json\/wp\/v2\/tags?post=100603"}],"curies":[{"name":"wp","href":"https:\/\/api.w.org\/{rel}","templated":true}]}}