{"id":100611,"date":"2025-11-26T14:32:13","date_gmt":"2025-11-26T14:32:13","guid":{"rendered":"https:\/\/www.europesays.com\/fi\/100611\/"},"modified":"2025-11-26T14:32:13","modified_gmt":"2025-11-26T14:32:13","slug":"kaksi-henkiloautoa-kolaroi-kannuksessa-lahella-keskustaa","status":"publish","type":"post","link":"https:\/\/www.europesays.com\/fi\/100611\/","title":{"rendered":"Kaksi henkil\u00f6autoa kolaroi Kannuksessa l\u00e4hell\u00e4 keskustaa"},"content":{"rendered":"<p>                                  Paikallisuutiset<\/p>\n<p>                <img loading=\"lazy\" decoding=\"async\" itemprop=\"contentUrl\" class=\"figure-img img-fluid\"  src=\"https:\/\/www.europesays.com\/fi\/wp-content\/uploads\/2025\/11\/1764167532_133_imengine.public.prod.hil.infomaker.io\" width=\"5600\" height=\"3728\"  alt=\"\"\/><\/p>\n<p>                                    Onnettomuus tapahtui Jokelantien risteyksen kohdalla.<br \/>\n                                                    Kuva:<br \/>\n                    Meliina Anias<\/p>\n<p>              Ke 26.11.2025 klo 14:54<br \/>\n                  | P\u00e4ivitetty: Ke 26.11.2025 klo 15:35<\/p>\n<p>      MAINOS &#8211; juttu jatkuu mainoksen j\u00e4lkeen<\/p>\n<p>      MAINOS &#8211; mainos p\u00e4\u00e4ttyy<\/p>\n<p class=\"ew-body\">Kannuksessa sattui kahden henkil\u00f6auton yhteent\u00f6rm\u00e4ys tiistaina iltap\u00e4iv\u00e4ll\u00e4.<\/p>\n<p class=\"ew-body\">Onnettomuus tapahtui Kajaanintiell\u00e4, Jokelantien risteyksen kohdalla, Paussin paikkaa vastap\u00e4\u00e4t\u00e4. Kokkolan suunnalta tullut autoilija k\u00e4\u00e4ntyi vasemmalle eli Jokelantielle, jolloin Kannuksen suunnalta tullut autoilija t\u00f6rm\u00e4si<\/p>\n<p>  <a class=\"btn btn-secondary btn-icon-left\" href=\"#coral_thread\"><br \/>\n    <img decoding=\"async\" src=\"https:\/\/www.keskipohjanmaa.fi\/wp-content\/themes\/hilla-theme\/assets\/img\/icon_comments.svg\" alt=\"\"\/><br \/>\n    Kommentoi<br \/>\n    \u00a0(0)<br \/>\n  <\/a><\/p>\n<p>  <a class=\"btn btn-secondary btn-icon-left mailto_web\" href=\"mailto:toimitus@keskipohjanmaa.fi?subject=Ilmoita%20asiavirheest%C3%A4&amp;body=Otsikko%3A%20Kaksi%20henkil%C3%B6autoa%20kolaroi%20Kannuksessa%20l%C3%A4hell%C3%A4%20keskustaa%0AUuid%3A%20a0e2aa24-3a49-4edc-bc64-84aa45febe29%0AUrl%3A%20https%3A%2F%2Fwww.keskipohjanmaa.fi%2Fartikkeli%2Fkolari-kannuksessa\"><br \/>\n    <img decoding=\"async\" src=\"https:\/\/www.keskipohjanmaa.fi\/wp-content\/themes\/hilla-theme\/assets\/img\/icon_feedback.svg\" alt=\"\"\/><br \/>\n    Ilmoita asiavirheest\u00e4<br \/>\n  <\/a><\/p>\n","protected":false},"excerpt":{"rendered":"Paikallisuutiset Onnettomuus tapahtui Jokelantien risteyksen kohdalla. Kuva: Meliina Anias Ke 26.11.2025 klo 14:54 | P\u00e4ivitetty: Ke 26.11.2025 klo&hellip;\n","protected":false},"author":2,"featured_media":100612,"comment_status":"","ping_status":"","sticky":false,"template":"","format":"standard","meta":{"footnotes":""},"categories":[165],"tags":[33,31,30,166,32,167],"class_list":{"0":"post-100611","1":"post","2":"type-post","3":"status-publish","4":"format-standard","5":"has-post-thumbnail","7":"category-terveys","8":"tag-fi","9":"tag-finland","10":"tag-finnish","11":"tag-health","12":"tag-suomi","13":"tag-terveys"},"share_on_mastodon":{"url":"https:\/\/pubeurope.com\/@fi\/115616491074577092","error":""},"_links":{"self":[{"href":"https:\/\/www.europesays.com\/fi\/wp-json\/wp\/v2\/posts\/100611","targetHints":{"allow":["GET"]}}],"collection":[{"href":"https:\/\/www.europesays.com\/fi\/wp-json\/wp\/v2\/posts"}],"about":[{"href":"https:\/\/www.europesays.com\/fi\/wp-json\/wp\/v2\/types\/post"}],"author":[{"embeddable":true,"href":"https:\/\/www.europesays.com\/fi\/wp-json\/wp\/v2\/users\/2"}],"replies":[{"embeddable":true,"href":"https:\/\/www.europesays.com\/fi\/wp-json\/wp\/v2\/comments?post=100611"}],"version-history":[{"count":0,"href":"https:\/\/www.europesays.com\/fi\/wp-json\/wp\/v2\/posts\/100611\/revisions"}],"wp:featuredmedia":[{"embeddable":true,"href":"https:\/\/www.europesays.com\/fi\/wp-json\/wp\/v2\/media\/100612"}],"wp:attachment":[{"href":"https:\/\/www.europesays.com\/fi\/wp-json\/wp\/v2\/media?parent=100611"}],"wp:term":[{"taxonomy":"category","embeddable":true,"href":"https:\/\/www.europesays.com\/fi\/wp-json\/wp\/v2\/categories?post=100611"},{"taxonomy":"post_tag","embeddable":true,"href":"https:\/\/www.europesays.com\/fi\/wp-json\/wp\/v2\/tags?post=100611"}],"curies":[{"name":"wp","href":"https:\/\/api.w.org\/{rel}","templated":true}]}}