{"id":100621,"date":"2025-11-26T14:38:09","date_gmt":"2025-11-26T14:38:09","guid":{"rendered":"https:\/\/www.europesays.com\/fi\/100621\/"},"modified":"2025-11-26T14:38:09","modified_gmt":"2025-11-26T14:38:09","slug":"venaja-avainroolissa-trumpin-suunnitelmassa-mtv-uutiset","status":"publish","type":"post","link":"https:\/\/www.europesays.com\/fi\/100621\/","title":{"rendered":"Ven\u00e4j\u00e4 &#8221;avainroolissa&#8221; Trumpin suunnitelmassa | MTV Uutiset"},"content":{"rendered":"<p><strong class=\"typography-bold\">Yhdysvaltojen rauhansuunnitelmaa on kritisoitu laajasti ja sittemmin muutettu neuvotteluiden tuloksena.<\/strong><\/p>\n<p>Yhdysvaltojen 28-kohtainen rauhansuunnitelma Ukrainaan pohjautuu aiempaa tiedetty\u00e4 enemm\u00e4n Ven\u00e4j\u00e4n n\u00e4k\u00f6kulmiin, kertoo uutistoimisto <a class=\"underline\" data-testid=\"external-link\" href=\"https:\/\/www.reuters.com\/world\/europe\/us-peace-plan-ukraine-drew-russian-document-sources-say-2025-11-26\/\" rel=\"noopener noreferrer nofollow\" target=\"_blank\" data-sentry-component=\"ExternalLink\" data-sentry-source-file=\"ExternalLink.tsx\">Reuters<\/a>.<\/p>\n<p>Reutersin mukaan Yhdysvaltojen suunnitelma perustui Ven\u00e4j\u00e4n toimittamaan ep\u00e4viralliseen asiakirjaan, jossa Kreml m\u00e4\u00e4ritteli, mill\u00e4 ehdoilla se on valmis lopettamaan Ukrainassa k\u00e4ym\u00e4ns\u00e4 hy\u00f6kk\u00e4yssodan.<\/p>\n<p>Asiasta kertoo uutistoimistolle kolme l\u00e4hdett\u00e4.<\/p>\n<p>Yhdysvaltojen ulkoministeri\u00f6 ei vastannut Reutersin kommenttipyynt\u00f6\u00f6n, kuten eiv\u00e4t my\u00f6sk\u00e4\u00e4n, Ven\u00e4j\u00e4n ja Ukrainan Yhdysvaltojen suurl\u00e4hetyst\u00f6t.<\/p>\n<p>Reuters kertoi kyseisen ven\u00e4l\u00e4isdokumentin olemassaolosta jo lokakuussa. Vasta nyt selvisi, ett\u00e4 asiakirja oli &#8221;avainroolissa&#8221; 28-kohdan rauhansuunnitelmassa, Reuters kirjoittaa.<\/p>\n<p>Ukrainassa ja Euroopassa Yhdysvaltojen suunnitelmaa on kritisoitu laajalti ja sit\u00e4 on pidetty jopa Ukrainan antautumisasiakirjana.<\/p>\n<p>Reutersin mukaan on &#8221;ep\u00e4selv\u00e4\u00e4&#8221;, miksi presidentti <strong class=\"typography-bold\">Donald Trumpin\u00a0<\/strong>hallinto nojasi niin vahvasti Ven\u00e4j\u00e4n asiakirjaan luonnostellessaan rauhansuunnitelmaansa.<\/p>\n","protected":false},"excerpt":{"rendered":"Yhdysvaltojen rauhansuunnitelmaa on kritisoitu laajasti ja sittemmin muutettu neuvotteluiden tuloksena. Yhdysvaltojen 28-kohtainen rauhansuunnitelma Ukrainaan pohjautuu aiempaa tiedetty\u00e4 enemm\u00e4n&hellip;\n","protected":false},"author":2,"featured_media":100622,"comment_status":"","ping_status":"","sticky":false,"template":"","format":"standard","meta":{"footnotes":""},"categories":[14],"tags":[22,23,26,27,33,31,30,17,24,25,28,29,15,18,21,32,19,20,56,16,59,60,61],"class_list":{"0":"post-100621","1":"post","2":"type-post","3":"status-publish","4":"format-standard","5":"has-post-thumbnail","7":"category-ulkomaat","8":"tag-breaking-news","9":"tag-breakingnews","10":"tag-featured-news","11":"tag-featurednews","12":"tag-fi","13":"tag-finland","14":"tag-finnish","15":"tag-headlines","16":"tag-latest-news","17":"tag-latestnews","18":"tag-main-news","19":"tag-mainnews","20":"tag-news","21":"tag-otsikot","22":"tag-paauutiset","23":"tag-suomi","24":"tag-top-stories","25":"tag-topstories","26":"tag-ulkomaat","27":"tag-uutiset","28":"tag-world","29":"tag-world-news","30":"tag-worldnews"},"share_on_mastodon":{"url":"https:\/\/pubeurope.com\/@fi\/115616514350968579","error":""},"_links":{"self":[{"href":"https:\/\/www.europesays.com\/fi\/wp-json\/wp\/v2\/posts\/100621","targetHints":{"allow":["GET"]}}],"collection":[{"href":"https:\/\/www.europesays.com\/fi\/wp-json\/wp\/v2\/posts"}],"about":[{"href":"https:\/\/www.europesays.com\/fi\/wp-json\/wp\/v2\/types\/post"}],"author":[{"embeddable":true,"href":"https:\/\/www.europesays.com\/fi\/wp-json\/wp\/v2\/users\/2"}],"replies":[{"embeddable":true,"href":"https:\/\/www.europesays.com\/fi\/wp-json\/wp\/v2\/comments?post=100621"}],"version-history":[{"count":0,"href":"https:\/\/www.europesays.com\/fi\/wp-json\/wp\/v2\/posts\/100621\/revisions"}],"wp:featuredmedia":[{"embeddable":true,"href":"https:\/\/www.europesays.com\/fi\/wp-json\/wp\/v2\/media\/100622"}],"wp:attachment":[{"href":"https:\/\/www.europesays.com\/fi\/wp-json\/wp\/v2\/media?parent=100621"}],"wp:term":[{"taxonomy":"category","embeddable":true,"href":"https:\/\/www.europesays.com\/fi\/wp-json\/wp\/v2\/categories?post=100621"},{"taxonomy":"post_tag","embeddable":true,"href":"https:\/\/www.europesays.com\/fi\/wp-json\/wp\/v2\/tags?post=100621"}],"curies":[{"name":"wp","href":"https:\/\/api.w.org\/{rel}","templated":true}]}}