{"id":100624,"date":"2025-11-26T14:40:10","date_gmt":"2025-11-26T14:40:10","guid":{"rendered":"https:\/\/www.europesays.com\/fi\/100624\/"},"modified":"2025-11-26T14:40:10","modified_gmt":"2025-11-26T14:40:10","slug":"yrjonkadun-ikonisen-uimahallin-avauspaiva-selvisi-paikalliset","status":"publish","type":"post","link":"https:\/\/www.europesays.com\/fi\/100624\/","title":{"rendered":"Yrj\u00f6nkadun ikonisen uimahallin avausp\u00e4iv\u00e4 selvisi | Paikalliset"},"content":{"rendered":"<p>L\u00e4hes kaksi vuotta suljettuna olleen Yrj\u00f6nkadun uimahallin remontti on edennyt.<\/p>\n<p>Laajat korjausty\u00f6t valmistuvat vuoden 2026 alussa.<\/p>\n<p>\u2013 Tavoitteena on avata ovet asiakkaille maanantaina 2. helmikuuta, kaupunki kertoo tiedotteessa.<\/p>\n<p><strong class=\"diks-storyline__impact\">Maanantaina <\/strong>2. helmikuuta ei kuitenkaan p\u00e4\u00e4se viel\u00e4 polskimaan, sill\u00e4 silloin hallissa j\u00e4rjestet\u00e4\u00e4n maksuttomia tutustumiskierroksia.<\/p>\n<p>Tiistaista 3. helmikuuta alkaen uimahallissa alkavat tuttuun tapaan erilliset uintivuorot naisille ja miehille eri viikonp\u00e4ivin\u00e4.<\/p>\n<p><strong class=\"diks-storyline__impact\">Remontoidussa <\/strong>uimahallissa voi edelleen uida uima-asussa tai ilman.<\/p>\n<p>Naisten uimavuorot ovat maanantaisin, keskiviikkoisin, perjantaisin ja sunnuntaisin.<\/p>\n<p>Miesten vuorot ovat puolestaan tiistaisin, torstaisin ja lauantaisin.<\/p>\n<p><strong class=\"diks-storyline__impact\">Korjausty\u00f6<\/strong> k\u00e4ynnistyi vuonna 2024.<\/p>\n<p>Korjauksissa on vaalittu vuonna 1928 valmistuneen, uusklassismia edustavan rakennuksen kulttuuri- ja rakennushistoriallisesti arvoja, mutta samalla my\u00f6s parannettu tilojen esteett\u00f6myytt\u00e4 ja p\u00e4ivitetty talotekniikkaa ajanmukaisemmaksi ja ymp\u00e4rist\u00f6yst\u00e4v\u00e4llisemm\u00e4ksi.<\/p>\n<p>N\u00e4kyvimpi\u00e4 uudistuksia ovat parannukset uimavalvojien valvomossa ja kassa-aulassa.<\/p>\n<p><strong class=\"diks-storyline__impact\">Korjausten<\/strong> aikana uudenaikaistettiin uimahallin teknisi\u00e4 j\u00e4rjestelmi\u00e4 sek\u00e4 korjattiin esimerkiksi vaurioituneet julkisivut, ikkunat ja ovet. Kattoa korjattiin, samoin pihakannen eristyksi\u00e4. My\u00f6s pesu- ja saunatilojen pintarakenteet ja vedeneristykset uusittiin.<\/p>\n<p><strong class=\"diks-storyline__impact\">Yrj\u00f6nkadun<\/strong> uimahallilla voi edelleen kokea tutun kylpyl\u00e4tunnelman \u2013 kauniiden, viime vuosisadan alun kylpyl\u00e4henke\u00e4 hehkuvien allasalueiden lis\u00e4ksi tarjolla on monia erilaisia saunoja, toisen kerroksen lepohytit, ryhm\u00e4liikuntatilaa, kuntosali, vuokrattavat saunat ja kokoustila, kaupunki kertoo tiedotteessa.<\/p>\n<p><strong class=\"diks-storyline__impact\">Hallissa <\/strong>on my\u00f6s uudistetut tilat kahvilaravintolapalveluille, joista hallin toisen kerroksen asiakkaat p\u00e4\u00e4sev\u00e4t nauttimaan. Kahvilaravintolayritt\u00e4j\u00e4 tulee vaihtumaan.<\/p>\n<p><strong class=\"diks-storyline__impact\">Vuonna<\/strong> 2022 kaupunkilaisia kutsuttiin kertomaan toiveita ja n\u00e4kemyksi\u00e4 uimahallin perusparannuksen ja palveluiden suunnittelun tueksi. Selke\u00e4sti keskeisin toive liittyi kulttuurihistoriallisen uimahallin hengen ja arkkitehtuurin s\u00e4ilytt\u00e4miseen.<\/p>\n<p>Verkkokyselyss\u00e4 annettiin 968 kehitysehdotusta, osa liittyen tilojen esteett\u00f6myyteen ja osa kokonaisvaltaiseen asiakaskokemukseen, kuten viestint\u00e4\u00e4n, opasteisiin sek\u00e4 lipunosto- ja varausj\u00e4rjestelmiin.<\/p>\n<p>Yrj\u00f6nkadun uimahallin on suunnitellut ja rakennuttanut arkkitehti <strong>V\u00e4in\u00f6 V\u00e4h\u00e4kallio<\/strong>.<\/p>\n<p>Uimahalli on rakennusteknisesti ainutlaatuinen, sill\u00e4 uima-altaat on rakennettu p\u00e4\u00e4llekk\u00e4in.<\/p>\n","protected":false},"excerpt":{"rendered":"L\u00e4hes kaksi vuotta suljettuna olleen Yrj\u00f6nkadun uimahallin remontti on edennyt. Laajat korjausty\u00f6t valmistuvat vuoden 2026 alussa. \u2013 Tavoitteena&hellip;\n","protected":false},"author":2,"featured_media":100625,"comment_status":"","ping_status":"","sticky":false,"template":"","format":"standard","meta":{"footnotes":""},"categories":[5],"tags":[36,22,23,26,27,33,31,30,17,2373,24,25,28,29,15,18,21,3082,402,32,19,20,16],"class_list":{"0":"post-100624","1":"post","2":"type-post","3":"status-publish","4":"format-standard","5":"has-post-thumbnail","7":"category-otsikot","8":"tag-asuintalot-ja-asunnot","9":"tag-breaking-news","10":"tag-breakingnews","11":"tag-featured-news","12":"tag-featurednews","13":"tag-fi","14":"tag-finland","15":"tag-finnish","16":"tag-headlines","17":"tag-kylpeminen-ja-saunominen","18":"tag-latest-news","19":"tag-latestnews","20":"tag-main-news","21":"tag-mainnews","22":"tag-news","23":"tag-otsikot","24":"tag-paauutiset","25":"tag-puhtaus-ja-peseytyminen","26":"tag-rakentaminen-kiinteistot","27":"tag-suomi","28":"tag-top-stories","29":"tag-topstories","30":"tag-uutiset"},"share_on_mastodon":{"url":"https:\/\/pubeurope.com\/@fi\/115616522119126845","error":""},"_links":{"self":[{"href":"https:\/\/www.europesays.com\/fi\/wp-json\/wp\/v2\/posts\/100624","targetHints":{"allow":["GET"]}}],"collection":[{"href":"https:\/\/www.europesays.com\/fi\/wp-json\/wp\/v2\/posts"}],"about":[{"href":"https:\/\/www.europesays.com\/fi\/wp-json\/wp\/v2\/types\/post"}],"author":[{"embeddable":true,"href":"https:\/\/www.europesays.com\/fi\/wp-json\/wp\/v2\/users\/2"}],"replies":[{"embeddable":true,"href":"https:\/\/www.europesays.com\/fi\/wp-json\/wp\/v2\/comments?post=100624"}],"version-history":[{"count":0,"href":"https:\/\/www.europesays.com\/fi\/wp-json\/wp\/v2\/posts\/100624\/revisions"}],"wp:featuredmedia":[{"embeddable":true,"href":"https:\/\/www.europesays.com\/fi\/wp-json\/wp\/v2\/media\/100625"}],"wp:attachment":[{"href":"https:\/\/www.europesays.com\/fi\/wp-json\/wp\/v2\/media?parent=100624"}],"wp:term":[{"taxonomy":"category","embeddable":true,"href":"https:\/\/www.europesays.com\/fi\/wp-json\/wp\/v2\/categories?post=100624"},{"taxonomy":"post_tag","embeddable":true,"href":"https:\/\/www.europesays.com\/fi\/wp-json\/wp\/v2\/tags?post=100624"}],"curies":[{"name":"wp","href":"https:\/\/api.w.org\/{rel}","templated":true}]}}