{"id":100630,"date":"2025-11-26T15:00:07","date_gmt":"2025-11-26T15:00:07","guid":{"rendered":"https:\/\/www.europesays.com\/fi\/100630\/"},"modified":"2025-11-26T15:00:07","modified_gmt":"2025-11-26T15:00:07","slug":"tassa-on-mira-luodin-aikuinen-poika-kuva-aidin-kanssa","status":"publish","type":"post","link":"https:\/\/www.europesays.com\/fi\/100630\/","title":{"rendered":"T\u00e4ss\u00e4 on Mira Luodin aikuinen poika \u2013 kuva \u00e4idin kanssa"},"content":{"rendered":"<p>Laulaja <strong>Mira Luoti<\/strong> oli mukana sunnuntaina p\u00e4\u00e4t\u00f6kseen tulleessa Tanssii T\u00e4htien Kanssa -ohjelmassa. H\u00e4n ei edennyt kisassa t\u00e4htiopettajansa <strong>Anssi Heikkil\u00e4n<\/strong> kanssa kovin pitk\u00e4lle.<\/p>\n<p>Lue my\u00f6s: <a href=\"https:\/\/www.como.fi\/uutiset\/mira-luoti-aiheutti-nyt-ttk-kohun-ei-ehka-ole-ihan-reilua-muita-tanssijoita-kohtaan\/\" title=\"Mira Luoti aiheutti nyt TTK-kohun \u2013 \u201dEi ehk\u00e4 ole ihan reilua muita tanssijoita kohtaan\u201d\" class=\"underline-custom !font-montserrat !font-bold !underline-offset-4 !decoration-4 !decoration-red-600 !text-md\" rel=\"nofollow noopener\" target=\"_blank\">Mira Luoti aiheutti nyt TTK-kohun \u2013 \u201dEi ehk\u00e4 ole ihan reilua muita tanssijoita kohtaan\u201d<\/a><\/p>\n<p>Miralla on nyt iloista kerrottavaa. H\u00e4nen poikansa on t\u00e4ytt\u00e4nyt vuosia ja on nyt t\u00e4ysi-ik\u00e4inen. <\/p>\n<p>\u2013 Onnittelut aikuisuudesta! Ole rohkea ja seuraa syd\u00e4mesi \u00e4\u00e4nt\u00e4, kirjoittaa Mira kukkien ja syd\u00e4men kera.<\/p>\n<p>Julkaisuun on tullut paljon onnitteluita. Julkaisun kuvassa poseeraa Mira t\u00e4ysi-ik\u00e4isen poikansa kanssa. <\/p>\n<p>\u2013 Emm\u00e4 kest\u00e4, miten t\u00e4m\u00e4 aika lent\u00e4\u00e4! Onnea molemmille! kommentoi juontaja <strong>Vappu Pimi\u00e4<\/strong>.<\/p>\n<p>\u2013 Oiii onnea esikoiselle ja \u00e4idille!! onnittelee tv-persoona <strong>Rita Niemi-Manninen<\/strong>.<\/p>\n<p>\u2013 Onnea <strong>Eirik<\/strong> ja Mira-\u00e4iti. \u00a0Komia t\u00e4ysi-ik\u00e4inen poika!!! Eirikille kaikkea hyv\u00e4\u00e4 ja kaunista el\u00e4m\u00e4\u00e4n! Oot huippu j\u00e4b\u00e4! kommentoi joku.<\/p>\n<p>Kuten kommenteissa tulee esille, Miran nyt t\u00e4ysi-ik\u00e4isen pojan nimi on Eirik. H\u00e4nen is\u00e4ns\u00e4 on <strong>Kristian Bj\u00f6rk<\/strong>. Miralla on h\u00e4nen kanssaan my\u00f6s toinen lapsi.<\/p>\n<p>Jos upotus ei n\u00e4y, avaa se auki <a href=\"https:\/\/www.instagram.com\/p\/DRfkmYKDRgk\/?utm_source=ig_web_copy_link&amp;igsh=MzRlODBiNWFlZA==\" target=\"_blank\" rel=\"noreferrer noopener nofollow\">t\u00e4st\u00e4<\/a>.<\/p>\n<p>Lue my\u00f6s: <a href=\"https:\/\/www.como.fi\/tilaa-comon-uutiskirje\/\" title=\"Tilaa Comon uutiskirje ja tied\u00e4t mist\u00e4 kahvitauolla puhutaan! Nappaa kotimaan tv-vinkit ja puheenaiheet suoraan s\u00e4hk\u00f6postiin t\u00e4st\u00e4.\" class=\"underline-custom !font-montserrat !font-bold !underline-offset-4 !decoration-4 !decoration-red-600 !text-md\" rel=\"nofollow noopener\" target=\"_blank\">Tilaa Comon uutiskirje ja tied\u00e4t mist\u00e4 kahvitauolla puhutaan! Nappaa kotimaan tv-vinkit ja puheenaiheet suoraan s\u00e4hk\u00f6postiin t\u00e4st\u00e4.<\/a><\/p>\n<p>\t\t\t<script async src=\"\/\/www.instagram.com\/embed.js\"><\/script><\/p>\n","protected":false},"excerpt":{"rendered":"Laulaja Mira Luoti oli mukana sunnuntaina p\u00e4\u00e4t\u00f6kseen tulleessa Tanssii T\u00e4htien Kanssa -ohjelmassa. H\u00e4n ei edennyt kisassa t\u00e4htiopettajansa Anssi&hellip;\n","protected":false},"author":2,"featured_media":100631,"comment_status":"","ping_status":"","sticky":false,"template":"","format":"standard","meta":{"footnotes":""},"categories":[130],"tags":[137,33,31,30,4800,32,109],"class_list":{"0":"post-100630","1":"post","2":"type-post","3":"status-publish","4":"format-standard","5":"has-post-thumbnail","7":"category-viihde","8":"tag-entertainment","9":"tag-fi","10":"tag-finland","11":"tag-finnish","12":"tag-mira-luoti","13":"tag-suomi","14":"tag-viihde"},"share_on_mastodon":{"url":"https:\/\/pubeurope.com\/@fi\/115616600768682926","error":""},"_links":{"self":[{"href":"https:\/\/www.europesays.com\/fi\/wp-json\/wp\/v2\/posts\/100630","targetHints":{"allow":["GET"]}}],"collection":[{"href":"https:\/\/www.europesays.com\/fi\/wp-json\/wp\/v2\/posts"}],"about":[{"href":"https:\/\/www.europesays.com\/fi\/wp-json\/wp\/v2\/types\/post"}],"author":[{"embeddable":true,"href":"https:\/\/www.europesays.com\/fi\/wp-json\/wp\/v2\/users\/2"}],"replies":[{"embeddable":true,"href":"https:\/\/www.europesays.com\/fi\/wp-json\/wp\/v2\/comments?post=100630"}],"version-history":[{"count":0,"href":"https:\/\/www.europesays.com\/fi\/wp-json\/wp\/v2\/posts\/100630\/revisions"}],"wp:featuredmedia":[{"embeddable":true,"href":"https:\/\/www.europesays.com\/fi\/wp-json\/wp\/v2\/media\/100631"}],"wp:attachment":[{"href":"https:\/\/www.europesays.com\/fi\/wp-json\/wp\/v2\/media?parent=100630"}],"wp:term":[{"taxonomy":"category","embeddable":true,"href":"https:\/\/www.europesays.com\/fi\/wp-json\/wp\/v2\/categories?post=100630"},{"taxonomy":"post_tag","embeddable":true,"href":"https:\/\/www.europesays.com\/fi\/wp-json\/wp\/v2\/tags?post=100630"}],"curies":[{"name":"wp","href":"https:\/\/api.w.org\/{rel}","templated":true}]}}