{"id":100639,"date":"2025-11-26T15:18:09","date_gmt":"2025-11-26T15:18:09","guid":{"rendered":"https:\/\/www.europesays.com\/fi\/100639\/"},"modified":"2025-11-26T15:18:09","modified_gmt":"2025-11-26T15:18:09","slug":"festivaalikentalla-kytee-uusi-huoli-tama-on-tilanne-nyt","status":"publish","type":"post","link":"https:\/\/www.europesays.com\/fi\/100639\/","title":{"rendered":"Festivaalikent\u00e4ll\u00e4 kytee uusi huoli \u2013 T\u00e4m\u00e4 on tilanne nyt"},"content":{"rendered":"<p>Nelonen Media ja Warner Music Live solmivat yhteisty\u00f6n. Kaikkia se ei ole miellytt\u00e4nyt.<\/p>\n<p><img decoding=\"async\" class=\"image image-show image-preview\" src=\"https:\/\/www.europesays.com\/fi\/wp-content\/uploads\/2025\/11\/451ccdc43c5450a5d34ce910ec1a93fab45549e3d6ecf2986eb5056d05350e22.jpg\" alt=\"\"\/><img decoding=\"async\" class=\"image image-show\" src=\"https:\/\/www.europesays.com\/fi\/wp-content\/uploads\/2025\/11\/1764170289_413_451ccdc43c5450a5d34ce910ec1a93fab45549e3d6ecf2986eb5056d05350e22.jpg\" alt=\"\"\/><\/p>\n<p>Nelonen Median ja Warner Music Liven yhteisty\u00f6 kuohuttaa. Arkistokuvaa Himos Juhannus -festivaaleilta.  ATTE KAJOVA<\/p>\n<p class=\"paragraph\">Warner Music Live ja Nelonen Media solmivat lokakuun lopulla yhteisty\u00f6sopimuksen. Jatkossa Warner Music Live hoitaa Nelonen Median festivaalien ohjelmasuunnittelun, artistien hankinnan ja sopimusneuvottelut.<\/p>\n<p class=\"paragraph\">Alalla her\u00e4si <a href=\"https:\/\/www.hs.fi\/kulttuuri\/art-2000011620214.html\" rel=\"noopener nofollow\" target=\"_blank\">Helsingin Sanomien<\/a> mukaan huoli siit\u00e4, keskittyyk\u00f6 valta alalla nyt yhdelle toimijalle.<\/p>\n<p class=\"paragraph\">Iltalehti tarkisti, kuinka monta Warner Music Liven artistia Nelonen Median tulevissa tapahtumissa esiintyy. Festivaalien ohjelmistosta on marraskuun loppuun menness\u00e4 julkaistu vasta murto-osa eli ohjelmistot t\u00e4ydentyv\u00e4t viel\u00e4.<\/p>\n<p class=\"paragraph\">Toistaiseksi festivaaliohjelmistoja tarkastellessa Warner Music Liven artistit eiv\u00e4t ole selke\u00e4ss\u00e4 enemmist\u00f6ss\u00e4.<\/p>\n<p class=\"paragraph\">Hein\u00e4kuussa j\u00e4rjestett\u00e4v\u00e4ss\u00e4 Tammerfestiss\u00e4 nyt julkaistuista kuudesta artistista puolet on Warner Music Liven rosterissa. Himos Juhannus -festivaalin kohdalla 28 julkaistusta artistista 13 on osa Warner Music Liven rosteria.<\/p>\n<p class=\"paragraph\">Jyv\u00e4skyl\u00e4n ja Oulun Suomipop-festivaalilla esiintyvist\u00e4 nelj\u00e4st\u00e4 artistista kolme on Warner Music Liven artisteja. Ainoastaan Eppu Normaali tekee kattauksessa poikkeuksen.<\/p>\n<p class=\"paragraph\">Osa Nelonen Median festivaaleille kiinnitetyist\u00e4 artisteista on yrityksen osaomistuksessa olevan Kaiku Entertainmentin rosterissa. N\u00e4ihin lukeutuvat <a href=\"https:\/\/www.iltalehti.fi\/henkilot\/Ares\" class=\"article-link-person-page\" rel=\"nofollow noopener\" target=\"_blank\">Ares<\/a>, Jore &amp; Zpoppa sek\u00e4 <a href=\"https:\/\/www.iltalehti.fi\/henkilot\/Maija Vilkkumaa\" class=\"article-link-person-page\" rel=\"nofollow noopener\" target=\"_blank\">Maija Vilkkumaa<\/a>.<\/p>\n<p class=\"paragraph\">Maustetyt\u00f6t-yhtyeen ensi kes\u00e4n Suomipop-festivaalien keikat peruttiin sen j\u00e4lkeen, kun festivaaleja j\u00e4rjest\u00e4v\u00e4 Nelonen Media oli ilmoittanut uudesta yhteisty\u00f6st\u00e4 Warner Music Liven kanssa. Maustetytt\u00f6j\u00e4 edustavan L\u00f6rdag-levy-yhti\u00f6n taiteellinen johtaja <a href=\"https:\/\/www.iltalehti.fi\/henkilot\/Aki Roukala\" class=\"article-link-person-page\" rel=\"nofollow noopener\" target=\"_blank\">Aki Roukala<\/a> kertoi Helsingin Sanomille saaneensa tiedon perumisesta s\u00e4hk\u00f6postitse Warnerin edustajalta sen j\u00e4lkeen, kun yhteisty\u00f6st\u00e4 oli ilmoitettu.<\/p>\n<p class=\"paragraph\">Warner Music Finlandin toimitusjohtaja <strong>Ramona Forsstr\u00f6min <\/strong>mukaan yhteisty\u00f6n alkamisen j\u00e4lkeen Sanoman festareille on tehty joitakin muutoksia, mutta festivaaleille on lis\u00e4tty enemm\u00e4n Warnerin ulkopuolisia artisteja kuin niit\u00e4 on peruttu<\/p>\n<p class=\"paragraph\">My\u00f6s Nelonen Median liiketoimintajohtaja <strong>Kari Laakso <\/strong>vahvisti, ett\u00e4 muutosten my\u00f6t\u00e4 Warner Music Liven artistien osuus ei ole kasvanut.<\/p>\n","protected":false},"excerpt":{"rendered":"Nelonen Media ja Warner Music Live solmivat yhteisty\u00f6n. Kaikkia se ei ole miellytt\u00e4nyt. Nelonen Median ja Warner Music&hellip;\n","protected":false},"author":2,"featured_media":100640,"comment_status":"","ping_status":"","sticky":false,"template":"","format":"standard","meta":{"footnotes":""},"categories":[136],"tags":[35,138,407,137,33,31,30,408,763,47,141,32,397,484,109],"class_list":{"0":"post-100639","1":"post","2":"type-post","3":"status-publish","4":"format-standard","5":"has-post-thumbnail","7":"category-julkkikset","8":"tag-24h","9":"tag-audio","10":"tag-celebrities","11":"tag-entertainment","12":"tag-fi","13":"tag-finland","14":"tag-finnish","15":"tag-julkkikset","16":"tag-kulttuuri-ja-viihde","17":"tag-musiikki","18":"tag-muusikot-bandit","19":"tag-suomi","20":"tag-taide","21":"tag-taiteellinen-ilmaisu-ja-mediat","22":"tag-viihde"},"share_on_mastodon":{"url":"https:\/\/pubeurope.com\/@fi\/115616671809336512","error":""},"_links":{"self":[{"href":"https:\/\/www.europesays.com\/fi\/wp-json\/wp\/v2\/posts\/100639","targetHints":{"allow":["GET"]}}],"collection":[{"href":"https:\/\/www.europesays.com\/fi\/wp-json\/wp\/v2\/posts"}],"about":[{"href":"https:\/\/www.europesays.com\/fi\/wp-json\/wp\/v2\/types\/post"}],"author":[{"embeddable":true,"href":"https:\/\/www.europesays.com\/fi\/wp-json\/wp\/v2\/users\/2"}],"replies":[{"embeddable":true,"href":"https:\/\/www.europesays.com\/fi\/wp-json\/wp\/v2\/comments?post=100639"}],"version-history":[{"count":0,"href":"https:\/\/www.europesays.com\/fi\/wp-json\/wp\/v2\/posts\/100639\/revisions"}],"wp:featuredmedia":[{"embeddable":true,"href":"https:\/\/www.europesays.com\/fi\/wp-json\/wp\/v2\/media\/100640"}],"wp:attachment":[{"href":"https:\/\/www.europesays.com\/fi\/wp-json\/wp\/v2\/media?parent=100639"}],"wp:term":[{"taxonomy":"category","embeddable":true,"href":"https:\/\/www.europesays.com\/fi\/wp-json\/wp\/v2\/categories?post=100639"},{"taxonomy":"post_tag","embeddable":true,"href":"https:\/\/www.europesays.com\/fi\/wp-json\/wp\/v2\/tags?post=100639"}],"curies":[{"name":"wp","href":"https:\/\/api.w.org\/{rel}","templated":true}]}}