{"id":100654,"date":"2025-11-26T15:30:11","date_gmt":"2025-11-26T15:30:11","guid":{"rendered":"https:\/\/www.europesays.com\/fi\/100654\/"},"modified":"2025-11-26T15:30:11","modified_gmt":"2025-11-26T15:30:11","slug":"putinin-luottomies-euroopasta-muutetaan-joukoittain-venajalle-sananvapauden-ja-turvallisuuden-vuoksi-uutissuomalainen","status":"publish","type":"post","link":"https:\/\/www.europesays.com\/fi\/100654\/","title":{"rendered":"Putinin luottomies: Euroopasta muutetaan joukoittain Ven\u00e4j\u00e4lle &#8221;sananvapauden ja turvallisuuden vuoksi&#8221; | Uutissuomalainen"},"content":{"rendered":"<p>Ven\u00e4j\u00e4n valtioduuman puhemies <strong>Vjat\u0161eslav Volodin<\/strong> v\u00e4itt\u00e4\u00e4 eurooppalaisten muuttavan kiihtyv\u00e4ll\u00e4 tahdilla asumaan Ven\u00e4j\u00e4lle.<\/p>\n<p>Volodinin mukaan joka kuukausi noin 150 &#8221;ep\u00e4yst\u00e4v\u00e4llisten maiden&#8221; kansalaista hakee asuinpaikkaa Ven\u00e4j\u00e4lt\u00e4. T\u00e4m\u00e4n vuoden aikana hakijoita on lokakuun loppuun menness\u00e4 ollut 2 275.<\/p>\n<p>Eniten halukkaita tulee h\u00e4nen mukaansa Saksasta, Latviasta, Ranskasta, Italiasta, Englannista, Virosta ja Liettuasta.<\/p>\n<p>Keskeiseksi syyksi muutolle Volodin nostaa muun muassa &#8221;Ven\u00e4j\u00e4n sananvapauden&#8221;. Muita syit\u00e4 ovat h\u00e4nen mukaansa maan turvallisuus, ilmainen terveydenhoito ja koulutus, hakijoiden kotimaiden v\u00e4itetyt talousvaikeudet sek\u00e4 perinteiset arvot.<\/p>\n<p>Ven\u00e4j\u00e4 on jo pidemp\u00e4\u00e4n pyrkinyt esitt\u00e4m\u00e4\u00e4n itsens\u00e4 turvapaikkana perinteisiin arvoihin uskoville.<\/p>\n<p>Asiasta kertova <a href=\"https:\/\/www.moscowtimes.ru\/2025\/11\/26\/volodin-zayavil-chto-evropeitsi-tisyachami-pereezzhayut-vrossiyu-iz-za-svobodi-slova-a181037\" rel=\"nofollow noopener\" target=\"_blank\">The Moscow Times<\/a> huomauttaa, ett\u00e4 maailmanlaajuisessa tiedonvapausrankingissa Ven\u00e4j\u00e4 on sijalla 151, eli 11. viimeinen. Toimittajat ilman rajoja- j\u00e4rjest\u00f6n sananvapausrankingissa Ven\u00e4j\u00e4 on puolestaan sijalla 171.<\/p>\n","protected":false},"excerpt":{"rendered":"Ven\u00e4j\u00e4n valtioduuman puhemies Vjat\u0161eslav Volodin v\u00e4itt\u00e4\u00e4 eurooppalaisten muuttavan kiihtyv\u00e4ll\u00e4 tahdilla asumaan Ven\u00e4j\u00e4lle. Volodinin mukaan joka kuukausi noin 150&hellip;\n","protected":false},"author":2,"featured_media":100655,"comment_status":"","ping_status":"","sticky":false,"template":"","format":"standard","meta":{"footnotes":""},"categories":[14],"tags":[22,23,26,27,33,31,30,17,24,25,28,29,2325,15,18,21,142,637,144,32,19,20,56,16,1665,4029,59,60,61],"class_list":{"0":"post-100654","1":"post","2":"type-post","3":"status-publish","4":"format-standard","5":"has-post-thumbnail","7":"category-ulkomaat","8":"tag-breaking-news","9":"tag-breakingnews","10":"tag-featured-news","11":"tag-featurednews","12":"tag-fi","13":"tag-finland","14":"tag-finnish","15":"tag-headlines","16":"tag-latest-news","17":"tag-latestnews","18":"tag-main-news","19":"tag-mainnews","20":"tag-moskova-venaja","21":"tag-news","22":"tag-otsikot","23":"tag-paauutiset","24":"tag-poliitikot","25":"tag-politiikka","26":"tag-presidentti","27":"tag-suomi","28":"tag-top-stories","29":"tag-topstories","30":"tag-ulkomaat","31":"tag-uutiset","32":"tag-venalaiset-poliitikot","33":"tag-viro","34":"tag-world","35":"tag-world-news","36":"tag-worldnews"},"share_on_mastodon":{"url":"https:\/\/pubeurope.com\/@fi\/115616718846018969","error":""},"_links":{"self":[{"href":"https:\/\/www.europesays.com\/fi\/wp-json\/wp\/v2\/posts\/100654","targetHints":{"allow":["GET"]}}],"collection":[{"href":"https:\/\/www.europesays.com\/fi\/wp-json\/wp\/v2\/posts"}],"about":[{"href":"https:\/\/www.europesays.com\/fi\/wp-json\/wp\/v2\/types\/post"}],"author":[{"embeddable":true,"href":"https:\/\/www.europesays.com\/fi\/wp-json\/wp\/v2\/users\/2"}],"replies":[{"embeddable":true,"href":"https:\/\/www.europesays.com\/fi\/wp-json\/wp\/v2\/comments?post=100654"}],"version-history":[{"count":0,"href":"https:\/\/www.europesays.com\/fi\/wp-json\/wp\/v2\/posts\/100654\/revisions"}],"wp:featuredmedia":[{"embeddable":true,"href":"https:\/\/www.europesays.com\/fi\/wp-json\/wp\/v2\/media\/100655"}],"wp:attachment":[{"href":"https:\/\/www.europesays.com\/fi\/wp-json\/wp\/v2\/media?parent=100654"}],"wp:term":[{"taxonomy":"category","embeddable":true,"href":"https:\/\/www.europesays.com\/fi\/wp-json\/wp\/v2\/categories?post=100654"},{"taxonomy":"post_tag","embeddable":true,"href":"https:\/\/www.europesays.com\/fi\/wp-json\/wp\/v2\/tags?post=100654"}],"curies":[{"name":"wp","href":"https:\/\/api.w.org\/{rel}","templated":true}]}}