{"id":100755,"date":"2025-11-26T17:54:10","date_gmt":"2025-11-26T17:54:10","guid":{"rendered":"https:\/\/www.europesays.com\/fi\/100755\/"},"modified":"2025-11-26T17:54:10","modified_gmt":"2025-11-26T17:54:10","slug":"mikko-alatalolle-sattui-melkoinen-moka-ikina-ei-ole-minulle-tallaista-tapahtunut","status":"publish","type":"post","link":"https:\/\/www.europesays.com\/fi\/100755\/","title":{"rendered":"Mikko Alatalolle sattui melkoinen moka \u2013 &#8221;Ikin\u00e4 ei ole minulle t\u00e4llaista tapahtunut&#8221;"},"content":{"rendered":"<p>Tapaus on Mikko Alatalolle Ilta-Sanomien mukaan harvinainen.<\/p>\n<p><img decoding=\"async\" class=\"image image-show image-preview\" src=\"https:\/\/www.europesays.com\/fi\/wp-content\/uploads\/2025\/11\/7158aa3b47d93f4047f1f8710a074e32eb27e77bb7889162b102e58327d15182.jpg\" alt=\"\"\/><img decoding=\"async\" class=\"image image-show\" src=\"https:\/\/www.europesays.com\/fi\/wp-content\/uploads\/2025\/11\/1764179650_917_7158aa3b47d93f4047f1f8710a074e32eb27e77bb7889162b102e58327d15182.jpg\" alt=\"\"\/><\/p>\n<p>Mikko Alatalon osakekirja hukkui. Inka Soveri<\/p>\n<p class=\"paragraph\">Muusikko ja entinen kansanedustaja Mikko Alatalo hukkasi Tampereen Hakamets\u00e4ss\u00e4 sijaitsevan osakeasunnon osakekirjan, kertoo <a href=\"https:\/\/www.is.fi\/taloussanomat\/art-2000011651744.html\" rel=\"noopener nofollow\" target=\"_blank\">Ilta-Sanomat<\/a>.<\/p>\n<p class=\"paragraph\">Lehden mukaan Alatalolla on useita sijoitusasuntoja.<\/p>\n<p class=\"paragraph\">\u2013\u2009Meill\u00e4 on ollut kirjanpitoa varten iso siivous, ja sen yhteydess\u00e4 huomattiin, ett\u00e4 osakekirja on kadonnut. Ajattelin myyd\u00e4 asunnon jossain vaiheessa, joten t\u00e4h\u00e4n tarvitaan osakekirjaa, Alatalo kertoo lehdelle.<\/p>\n<p class=\"paragraph\">\u2013\u2009Olemme kyll\u00e4 katsoneet kaikki hyllyt, mutta osakekirja on jossain vaiheessa h\u00e4vinnyt. Kyseess\u00e4 on kuusi vuotta sitten hankittu sijoitusasunto. Kaikista muista asunnoista on tallessa osakekirjat, mutta ei t\u00e4st\u00e4 kyseisest\u00e4 asunnosta, h\u00e4n jatkaa.<\/p>\n<p class=\"paragraph\">Osakekirjan kuoletusta hoitaa Ilta-Sanomien mukaan nyt asiamies.<\/p>\n<p class=\"paragraph\">\u2013\u2009Se on hukkunut johonkin papereihin. T\u00e4m\u00e4 on harvinaista, ikin\u00e4 ei ole minulle t\u00e4llaista tapahtunut, Alatalo sanoo.<\/p>\n<p class=\"paragraph\"><a href=\"https:\/\/www.iltalehti.fi\/musiikki\/6957388a-10f3-4f3b-80b0-364db08dd191\" rel=\"nofollow noopener\" target=\"_blank\">Iltalehti<\/a> haastatteli hiljattain musiikin ja politiikan konkaria. Alatalo muisteli muun muassa aikaa, kun l\u00e4\u00e4k\u00e4ri diagnosoi h\u00e4nelle 2 tyypin diabeteksen.<\/p>\n<p class=\"paragraph\">Kiireist\u00e4 kansanedustajan arkea el\u00e4nyt Alatalo teki ty\u00f6matkoja ja litki kokouksissa litrakaupalla kahvia. Sitten ty\u00f6terveysl\u00e4\u00e4k\u00e4ri h\u00e4tk\u00e4ytti h\u00e4net hereille oravanpy\u00f6r\u00e4st\u00e4.<\/p>\n<p class=\"paragraph\">\u2013 L\u00e4\u00e4k\u00e4ri sanoi vastaanotolla, ett\u00e4 sinun pit\u00e4isi menn\u00e4 ihan suoraan teholle tiputukseen. Sokeriarvot olivat nousseet kahteenkymppiin, Alatalo muisteli.<\/p>\n<p class=\"paragraph\">\u2013 Se poliittinen ty\u00f6 imi niin mukanaan, ett\u00e4 j\u00e4tin itseni hoitamatta. Ei sit\u00e4 uupumusta huomannut. Olin yliahkera ja ylitunnollinen. Maakuntiin pyydettiin aina kaikenlaisiin kissanristi\u00e4isiin, ett\u00e4 tule t\u00e4nne puhumaan. Olisi pit\u00e4nyt osata sanoa v\u00e4lill\u00e4 ei, Alatalo kertoi Iltalehdelle.<\/p>\n","protected":false},"excerpt":{"rendered":"Tapaus on Mikko Alatalolle Ilta-Sanomien mukaan harvinainen. Mikko Alatalon osakekirja hukkui. Inka Soveri Muusikko ja entinen kansanedustaja Mikko&hellip;\n","protected":false},"author":2,"featured_media":34092,"comment_status":"","ping_status":"","sticky":false,"template":"","format":"standard","meta":{"footnotes":""},"categories":[136],"tags":[35,407,137,33,31,30,408,142,886,888,885,887,32,109],"class_list":{"0":"post-100755","1":"post","2":"type-post","3":"status-publish","4":"format-standard","5":"has-post-thumbnail","7":"category-julkkikset","8":"tag-24h","9":"tag-celebrities","10":"tag-entertainment","11":"tag-fi","12":"tag-finland","13":"tag-finnish","14":"tag-julkkikset","15":"tag-poliitikot","16":"tag-puolueet","17":"tag-suomalaiset-poliitikot","18":"tag-suomen-poliittiset-puolueet","19":"tag-suomen-politiikka","20":"tag-suomi","21":"tag-viihde"},"share_on_mastodon":{"url":"https:\/\/pubeurope.com\/@fi\/115617285150232187","error":""},"_links":{"self":[{"href":"https:\/\/www.europesays.com\/fi\/wp-json\/wp\/v2\/posts\/100755","targetHints":{"allow":["GET"]}}],"collection":[{"href":"https:\/\/www.europesays.com\/fi\/wp-json\/wp\/v2\/posts"}],"about":[{"href":"https:\/\/www.europesays.com\/fi\/wp-json\/wp\/v2\/types\/post"}],"author":[{"embeddable":true,"href":"https:\/\/www.europesays.com\/fi\/wp-json\/wp\/v2\/users\/2"}],"replies":[{"embeddable":true,"href":"https:\/\/www.europesays.com\/fi\/wp-json\/wp\/v2\/comments?post=100755"}],"version-history":[{"count":0,"href":"https:\/\/www.europesays.com\/fi\/wp-json\/wp\/v2\/posts\/100755\/revisions"}],"wp:featuredmedia":[{"embeddable":true,"href":"https:\/\/www.europesays.com\/fi\/wp-json\/wp\/v2\/media\/34092"}],"wp:attachment":[{"href":"https:\/\/www.europesays.com\/fi\/wp-json\/wp\/v2\/media?parent=100755"}],"wp:term":[{"taxonomy":"category","embeddable":true,"href":"https:\/\/www.europesays.com\/fi\/wp-json\/wp\/v2\/categories?post=100755"},{"taxonomy":"post_tag","embeddable":true,"href":"https:\/\/www.europesays.com\/fi\/wp-json\/wp\/v2\/tags?post=100755"}],"curies":[{"name":"wp","href":"https:\/\/api.w.org\/{rel}","templated":true}]}}