{"id":100777,"date":"2025-11-26T18:28:09","date_gmt":"2025-11-26T18:28:09","guid":{"rendered":"https:\/\/www.europesays.com\/fi\/100777\/"},"modified":"2025-11-26T18:28:09","modified_gmt":"2025-11-26T18:28:09","slug":"vuoden-odotetuin-sarja-julkaistaan-ensi-yona","status":"publish","type":"post","link":"https:\/\/www.europesays.com\/fi\/100777\/","title":{"rendered":"Vuoden odotetuin sarja julkaistaan ensi y\u00f6n\u00e4"},"content":{"rendered":"<p>Kai tiesit, ett\u00e4 Netflix julkaisee ensi y\u00f6n\u00e4 kello 3 vuoden odotetuimman sarjan viimeisen kauden nelj\u00e4 ensimm\u00e4ist\u00e4 jaksoa?<\/p>\n<p>Kolme seuraavaa jaksoa ilmestyv\u00e4t 26. joulukuuta kello 3 ja finaalijakso n\u00e4hd\u00e4\u00e4n 1. tammikuuta kello 3.<\/p>\n<p>Lue my\u00f6s: <a href=\"https:\/\/www.episodi.fi\/uutiset\/punapaa-sadie-sink-spider-man-hahmostaan-ihmiset-unohtavat-etta-hiusten-varin-voi-vaihtaa\/\" title=\"Punap\u00e4\u00e4 Sadie Sink Spider-Man-hahmostaan: \u201dIhmiset unohtavat, ett\u00e4 hiusten v\u00e4rin voi vaihtaa\u201d\" class=\"underline-custom !font-montserrat !font-bold !underline-offset-4 !decoration-4 !decoration-episodi-blue !text-md\" rel=\"nofollow noopener\" target=\"_blank\">Punap\u00e4\u00e4 Sadie Sink Spider-Man-hahmostaan: \u201dIhmiset unohtavat, ett\u00e4 hiusten v\u00e4rin voi vaihtaa\u201d<\/a><\/p>\n<p>Lue my\u00f6s: <a href=\"https:\/\/www.episodi.fi\/uutiset\/bill-skarsgard-on-tosielaman-kidnappaaja-katso-dead-mans-wiren-traileri\/\" title=\"Bill Skarsg\u00e5rd on tosiel\u00e4m\u00e4n kidnappaaja \u2013 katso Dead Man\u2019s Wiren traileri\" class=\"underline-custom !font-montserrat !font-bold !underline-offset-4 !decoration-4 !decoration-episodi-blue !text-md\" rel=\"nofollow noopener\" target=\"_blank\">Bill Skarsg\u00e5rd on tosiel\u00e4m\u00e4n kidnappaaja \u2013 katso Dead Man\u2019s Wiren traileri<\/a><\/p>\n<p>Kyse on tietenkin Stranger Thingsin vitoskaudesta.<\/p>\n<p>Hawkinsin teinit ovat vihdoin kohtaamassa Vecnan viimeist\u00e4 kertaa. Onko Eleven tarpeeksi vahva ottaakseen yhteen Upside Down -universumin demonisen pahiksen kanssa?<\/p>\n<p>Ainakin h\u00e4nt\u00e4 on treenattu tulevaa yhteenottoa varten.<\/p>\n<p>K\u00e4ynnist\u00e4 siis Netflix kello kolmelta ja nauti.<\/p>\n<p>Alla neloskauden kertaus.<\/p>\n<p><img loading=\"lazy\" decoding=\"async\" alt=\"YouTube video\" width=\"480\" height=\"360\" data-pin-nopin=\"true\" nopin=\"nopin\" class=\"perfmatters-lazy\" src=\"https:\/\/www.europesays.com\/fi\/wp-content\/uploads\/2025\/11\/1764181689_706_hqdefault.jpg\"\/><\/p>\n<p>Lue my\u00f6s: <a href=\"https:\/\/www.episodi.fi\/uutiskirje\/?uutiskirjemainos=tekstilinkkimainos\" title=\"Tilaa Episodin uutiskirje ja voit voittaa leffalippuja! Nappaa tv-vinkit suoraan s\u00e4hk\u00f6postiin t\u00e4st\u00e4.\" class=\"underline-custom !font-montserrat !font-bold !underline-offset-4 !decoration-4 !decoration-episodi-blue !text-md\" rel=\"nofollow noopener\" target=\"_blank\">Tilaa Episodin uutiskirje ja voit voittaa leffalippuja! Nappaa katseluvinkit suoraan s\u00e4hk\u00f6postiin t\u00e4st\u00e4.<\/a><\/p>\n","protected":false},"excerpt":{"rendered":"Kai tiesit, ett\u00e4 Netflix julkaisee ensi y\u00f6n\u00e4 kello 3 vuoden odotetuimman sarjan viimeisen kauden nelj\u00e4 ensimm\u00e4ist\u00e4 jaksoa? Kolme&hellip;\n","protected":false},"author":2,"featured_media":100778,"comment_status":"","ping_status":"","sticky":false,"template":"","format":"standard","meta":{"footnotes":""},"categories":[130],"tags":[137,2616,33,31,30,3057,217,3058,13249,32,109],"class_list":{"0":"post-100777","1":"post","2":"type-post","3":"status-publish","4":"format-standard","5":"has-post-thumbnail","7":"category-viihde","8":"tag-entertainment","9":"tag-fantasia","10":"tag-fi","11":"tag-finland","12":"tag-finnish","13":"tag-kauhu","14":"tag-netflix","15":"tag-scifi","16":"tag-stranger-things","17":"tag-suomi","18":"tag-viihde"},"share_on_mastodon":{"url":"https:\/\/pubeurope.com\/@fi\/115617418771602298","error":""},"_links":{"self":[{"href":"https:\/\/www.europesays.com\/fi\/wp-json\/wp\/v2\/posts\/100777","targetHints":{"allow":["GET"]}}],"collection":[{"href":"https:\/\/www.europesays.com\/fi\/wp-json\/wp\/v2\/posts"}],"about":[{"href":"https:\/\/www.europesays.com\/fi\/wp-json\/wp\/v2\/types\/post"}],"author":[{"embeddable":true,"href":"https:\/\/www.europesays.com\/fi\/wp-json\/wp\/v2\/users\/2"}],"replies":[{"embeddable":true,"href":"https:\/\/www.europesays.com\/fi\/wp-json\/wp\/v2\/comments?post=100777"}],"version-history":[{"count":0,"href":"https:\/\/www.europesays.com\/fi\/wp-json\/wp\/v2\/posts\/100777\/revisions"}],"wp:featuredmedia":[{"embeddable":true,"href":"https:\/\/www.europesays.com\/fi\/wp-json\/wp\/v2\/media\/100778"}],"wp:attachment":[{"href":"https:\/\/www.europesays.com\/fi\/wp-json\/wp\/v2\/media?parent=100777"}],"wp:term":[{"taxonomy":"category","embeddable":true,"href":"https:\/\/www.europesays.com\/fi\/wp-json\/wp\/v2\/categories?post=100777"},{"taxonomy":"post_tag","embeddable":true,"href":"https:\/\/www.europesays.com\/fi\/wp-json\/wp\/v2\/tags?post=100777"}],"curies":[{"name":"wp","href":"https:\/\/api.w.org\/{rel}","templated":true}]}}