{"id":100781,"date":"2025-11-26T18:32:09","date_gmt":"2025-11-26T18:32:09","guid":{"rendered":"https:\/\/www.europesays.com\/fi\/100781\/"},"modified":"2025-11-26T18:32:09","modified_gmt":"2025-11-26T18:32:09","slug":"eu-penaa-kiinalaiselta-verkkokauppajatti-sheinilta-selvitysta-lapsia-muistuttavista-seksinukeista-uutisia-lyhyesti","status":"publish","type":"post","link":"https:\/\/www.europesays.com\/fi\/100781\/","title":{"rendered":"EU pen\u00e4\u00e4 kiinalaiselta verkkokauppa\u00adj\u00e4tti Sheinilt\u00e4 selvityst\u00e4 lapsia muistuttavista seksinukeista | Uutisia lyhyesti"},"content":{"rendered":"<p class=\"aw-1gybjub aw-5vja16 kEtdKx kmuxyA yle__article__paragraph\">K\u00e4yt\u00e4nn\u00f6ss\u00e4 EU-komissio haluaa muun muassa tiet\u00e4\u00e4, miten Shein aikoo est\u00e4\u00e4 laittomien tuotteiden myynnin alustallaan.<\/p>\n<p><img decoding=\"async\" alt=\"Shein-verkkokauppasivusto tietokoneen n\u00e4yt\u00f6ll\u00e4.\" src=\"https:\/\/www.europesays.com\/fi\/wp-content\/uploads\/2025\/11\/39-15601126927113a9301e.jpeg\" class=\"aw-1l9m598 hKVVvP\"\/><\/p>\n<p>Avaa kuvien katselu<\/p>\n<p>Shein-verkkokauppasivusto tietokoneen n\u00e4yt\u00f6ll\u00e4 Pariisissa 5. marraskuuta. Kuva: Julie Sebadelha \/ AFP<\/p>\n<p class=\"aw-1gybjub aw-1p7kakr kEtdKx cEmitX yle__article__paragraph\">EU-komissio vaatii kiinalaiselta verkkokaupalta Sheinilt\u00e4 lis\u00e4tietoja <a class=\"aw-iao6s4 iHOxEa yle__article__link\" href=\"https:\/\/yle.fi\/a\/74-20191754\" role=\"link\" rel=\"nofollow noopener\" target=\"_blank\">lapsia muistuttavien seksinukkejen<\/a> myymisest\u00e4 alustallaan. Seksinukkejen verkkomyynnist\u00e4 syntyi aiemmin kohu Ranskassa. Komissio ep\u00e4ilee, ett\u00e4 Shein voi aiheuttaa riskej\u00e4 kuluttajille koko unionin alueella.<\/p>\n<p class=\"aw-1gybjub aw-1p7kakr kEtdKx cEmitX yle__article__paragraph\">Komissio l\u00e4hetti verkkokauppaj\u00e4tille keskiviikkona pyynn\u00f6n saada asiasta lis\u00e4\u00e4 tietoja sen j\u00e4lkeen, kun alustavassa selvityksess\u00e4 tuli ilmi viitteit\u00e4, ett\u00e4 kauppapaikalla myyd\u00e4\u00e4n laittomia tuotteita, kuten lapsen n\u00e4k\u00f6isi\u00e4 seksinukkeja ja aseita.<\/p>\n<p class=\"aw-1gybjub aw-1p7kakr kEtdKx cEmitX yle__article__paragraph\">K\u00e4yt\u00e4nn\u00f6ss\u00e4 komissio haluaa muun muassa tiet\u00e4\u00e4, miten Shein aikoo est\u00e4\u00e4 laittomien tuotteiden myynnin alustallaan.<\/p>\n","protected":false},"excerpt":{"rendered":"K\u00e4yt\u00e4nn\u00f6ss\u00e4 EU-komissio haluaa muun muassa tiet\u00e4\u00e4, miten Shein aikoo est\u00e4\u00e4 laittomien tuotteiden myynnin alustallaan. Avaa kuvien katselu Shein-verkkokauppasivusto&hellip;\n","protected":false},"author":2,"featured_media":100782,"comment_status":"","ping_status":"","sticky":false,"template":"","format":"standard","meta":{"footnotes":""},"categories":[14],"tags":[22,23,26,27,33,31,30,17,148,510,24,25,28,29,15,16694,18,21,1422,32,19,20,56,16,2440,59,60,61],"class_list":{"0":"post-100781","1":"post","2":"type-post","3":"status-publish","4":"format-standard","5":"has-post-thumbnail","7":"category-ulkomaat","8":"tag-breaking-news","9":"tag-breakingnews","10":"tag-featured-news","11":"tag-featurednews","12":"tag-fi","13":"tag-finland","14":"tag-finnish","15":"tag-headlines","16":"tag-internet","17":"tag-kiina","18":"tag-latest-news","19":"tag-latestnews","20":"tag-main-news","21":"tag-mainnews","22":"tag-news","23":"tag-nuket","24":"tag-otsikot","25":"tag-paauutiset","26":"tag-ranska","27":"tag-suomi","28":"tag-top-stories","29":"tag-topstories","30":"tag-ulkomaat","31":"tag-uutiset","32":"tag-verkkokauppa","33":"tag-world","34":"tag-world-news","35":"tag-worldnews"},"share_on_mastodon":{"url":"https:\/\/pubeurope.com\/@fi\/115617434817675660","error":""},"_links":{"self":[{"href":"https:\/\/www.europesays.com\/fi\/wp-json\/wp\/v2\/posts\/100781","targetHints":{"allow":["GET"]}}],"collection":[{"href":"https:\/\/www.europesays.com\/fi\/wp-json\/wp\/v2\/posts"}],"about":[{"href":"https:\/\/www.europesays.com\/fi\/wp-json\/wp\/v2\/types\/post"}],"author":[{"embeddable":true,"href":"https:\/\/www.europesays.com\/fi\/wp-json\/wp\/v2\/users\/2"}],"replies":[{"embeddable":true,"href":"https:\/\/www.europesays.com\/fi\/wp-json\/wp\/v2\/comments?post=100781"}],"version-history":[{"count":0,"href":"https:\/\/www.europesays.com\/fi\/wp-json\/wp\/v2\/posts\/100781\/revisions"}],"wp:featuredmedia":[{"embeddable":true,"href":"https:\/\/www.europesays.com\/fi\/wp-json\/wp\/v2\/media\/100782"}],"wp:attachment":[{"href":"https:\/\/www.europesays.com\/fi\/wp-json\/wp\/v2\/media?parent=100781"}],"wp:term":[{"taxonomy":"category","embeddable":true,"href":"https:\/\/www.europesays.com\/fi\/wp-json\/wp\/v2\/categories?post=100781"},{"taxonomy":"post_tag","embeddable":true,"href":"https:\/\/www.europesays.com\/fi\/wp-json\/wp\/v2\/tags?post=100781"}],"curies":[{"name":"wp","href":"https:\/\/api.w.org\/{rel}","templated":true}]}}