{"id":100806,"date":"2025-11-26T19:16:08","date_gmt":"2025-11-26T19:16:08","guid":{"rendered":"https:\/\/www.europesays.com\/fi\/100806\/"},"modified":"2025-11-26T19:16:08","modified_gmt":"2025-11-26T19:16:08","slug":"erja-lyytinen-yhteistyohon-hanna-pakarisen-kanssa-mukaan-todellinen-suomalaisen-rockin-legenda","status":"publish","type":"post","link":"https:\/\/www.europesays.com\/fi\/100806\/","title":{"rendered":"Erja Lyytinen yhteisty\u00f6h\u00f6n Hanna Pakarisen kanssa \u2013 mukaan todellinen suomalaisen rockin legenda"},"content":{"rendered":"<p><strong>Erja Lyytisen<\/strong> perinteisell\u00e4\u00a0Blue Christmas\u00a0-joulukiertueella vierailevat t\u00e4n\u00e4 vuonna <strong>Hanna Pakarinen<\/strong> ja <strong>K\u00e4rtsy Hatakka<\/strong>. Kiertue alkaa Klaukkalasta ensi viikon keskiviikkona 3.12.2025 ja p\u00e4\u00e4ttyy perinteisesti Helsingin Savoy-teatteriin 20.12.2025. Keikkoja kolmikko soittaa kiertueen aikana yhteens\u00e4 kolmetoista. Kiertuep\u00e4iv\u00e4t n\u00e4et tiedotteen lopusta.<\/p>\n<p>Erja odottaa kiertuetta ja erityisesti Hannan ja K\u00e4rtsyn kanssa soittamista innolla:\u00a0<\/p>\n<p>\u201dJokainen kiertue on omann\u00e4k\u00f6isens\u00e4, ja t\u00e4n\u00e4 vuonna ovat mukana todella s\u00e4ihkyv\u00e4t tyypit: Hanna Pakarinen ja K\u00e4rtsy Hatakka! Hannan uraa olen tietenkin seurannut alusta l\u00e4htien, onhan h\u00e4n kuitenkin Suomen kaikkien aikojen ensimm\u00e4inen Idols-voittaja ja luonut melkoisen uran sen j\u00e4lkeen kulta- ja platinalevyineen sek\u00e4 euroviisu- ja areenakeikkoineen. Hannalta taittuvat monenlaiset musatyylit ja h\u00e4n on yleis\u00f6n edess\u00e4 kuin kotonaan. Oli mahtava esiinty\u00e4 Hannan rinnalla jo viime vuoden Rovaniemen keikalla, jossa h\u00e4n tuuras<strong>i Battle Beastin Noora Louhimoa.<\/strong>\u201d<\/p>\n<p>Vaan kuka on K\u00e4rsty Hatakka? Erja kertoo seuraavaa:<\/p>\n<p>\u201dKoin melkoisen faniher\u00e4\u00e4misen ensimm\u00e4isiss\u00e4\u00a0Blue Christmas\u00a0-soittotreeneiss\u00e4mme! Olin kuunnellut Waltari-b\u00e4ndi\u00e4 ja K\u00e4rtsyn laulu\u00e4\u00e4nt\u00e4 jo 1990-luvulla, 16-vuotiaasta saakka! Soitimme treeneiss\u00e4 yht\u00e4 yhtyeen alkutaipaleen biisi\u00e4, kun mulle iski tajuntaan, ett\u00e4 vau, t\u00e4ss\u00e4h\u00e4n m\u00e4 soitan K\u00e4rtsyn kanssa jo teinin\u00e4 diggailemaani biisi\u00e4! Siin\u00e4 hetkess\u00e4 kiteytyi my\u00f6s\u00a0Blue Christmas\u00a0-kiertueen erikoisuus \u2013 kiertueella p\u00e4\u00e4see musisoimaan uskomattomien muusikoiden kanssa, ja n\u00e4ist\u00e4 mielenkiintoisista kokoonpanoista p\u00e4\u00e4sev\u00e4t nauttimaan my\u00f6s joulukiertueen yleis\u00f6t.\u201d<\/p>\n<p>Kiertuep\u00e4iv\u00e4t alla.<br \/><strong><br \/>Erja Lyytinen &amp; Friends: Blue Christmas 2025<br \/><\/strong>Ke 3.12. Klaukkala, Monikkosali<br \/>To 4.12. Mikkeli, Mikkelin Mikaeli<br \/>Pe 5.12. Kotka, Satama Areena<br \/>Ke 10.12. Turku, Teatro<br \/>To 11.12. H\u00e4meenlinna, Verkatehdas<br \/>Pe 12.12. Tampere, Tampere-talo<br \/>La 13.12. Kokkola, Musiikkikeskus Snellman<br \/>Su 14.12. Oulu, Oulun Musiikkikeskus, Pohjankartanon Sali<br \/>Ti 16.12. Tornio, Tornion Musiikkitalo Lappia<br \/>Ke 17.12. Rovaniemi, Kulttuurikeskus Korundi<br \/>To 18.12. Kajaani, Kaukamets\u00e4talo<br \/>Pe 19.12. Kuopio, Kuopion Musiikkikeskus<br \/>La 20.12. Helsinki, Savoy-teatteri<\/p>\n<p>Lue my\u00f6s: <a href=\"https:\/\/www.como.fi\/tilaa-comon-uutiskirje\/\" title=\"Tilaa Comon uutiskirje ja tied\u00e4t mist\u00e4 kahvitauolla puhutaan! Nappaa kotimaan tv-vinkit ja puheenaiheet suoraan s\u00e4hk\u00f6postiin t\u00e4st\u00e4.\" class=\"underline-custom !font-montserrat !font-bold !underline-offset-4 !decoration-4 !decoration-red-600 !text-md\" rel=\"nofollow noopener\" target=\"_blank\">Tilaa Comon uutiskirje ja tied\u00e4t mist\u00e4 kahvitauolla puhutaan! Nappaa kotimaan tv-vinkit ja puheenaiheet suoraan s\u00e4hk\u00f6postiin t\u00e4st\u00e4.<\/a><\/p>\n","protected":false},"excerpt":{"rendered":"Erja Lyytisen perinteisell\u00e4\u00a0Blue Christmas\u00a0-joulukiertueella vierailevat t\u00e4n\u00e4 vuonna Hanna Pakarinen ja K\u00e4rtsy Hatakka. Kiertue alkaa Klaukkalasta ensi viikon keskiviikkona&hellip;\n","protected":false},"author":2,"featured_media":100807,"comment_status":"","ping_status":"","sticky":false,"template":"","format":"standard","meta":{"footnotes":""},"categories":[133],"tags":[137,19358,33,31,30,7903,32,206,156,109],"class_list":{"0":"post-100806","1":"post","2":"type-post","3":"status-publish","4":"format-standard","5":"has-post-thumbnail","7":"category-televisiot","8":"tag-entertainment","9":"tag-erja-lyytinen","10":"tag-fi","11":"tag-finland","12":"tag-finnish","13":"tag-hanna-pakarinen","14":"tag-suomi","15":"tag-televisiot","16":"tag-tv","17":"tag-viihde"},"share_on_mastodon":{"url":"https:\/\/pubeurope.com\/@fi\/115617607424998812","error":""},"_links":{"self":[{"href":"https:\/\/www.europesays.com\/fi\/wp-json\/wp\/v2\/posts\/100806","targetHints":{"allow":["GET"]}}],"collection":[{"href":"https:\/\/www.europesays.com\/fi\/wp-json\/wp\/v2\/posts"}],"about":[{"href":"https:\/\/www.europesays.com\/fi\/wp-json\/wp\/v2\/types\/post"}],"author":[{"embeddable":true,"href":"https:\/\/www.europesays.com\/fi\/wp-json\/wp\/v2\/users\/2"}],"replies":[{"embeddable":true,"href":"https:\/\/www.europesays.com\/fi\/wp-json\/wp\/v2\/comments?post=100806"}],"version-history":[{"count":0,"href":"https:\/\/www.europesays.com\/fi\/wp-json\/wp\/v2\/posts\/100806\/revisions"}],"wp:featuredmedia":[{"embeddable":true,"href":"https:\/\/www.europesays.com\/fi\/wp-json\/wp\/v2\/media\/100807"}],"wp:attachment":[{"href":"https:\/\/www.europesays.com\/fi\/wp-json\/wp\/v2\/media?parent=100806"}],"wp:term":[{"taxonomy":"category","embeddable":true,"href":"https:\/\/www.europesays.com\/fi\/wp-json\/wp\/v2\/categories?post=100806"},{"taxonomy":"post_tag","embeddable":true,"href":"https:\/\/www.europesays.com\/fi\/wp-json\/wp\/v2\/tags?post=100806"}],"curies":[{"name":"wp","href":"https:\/\/api.w.org\/{rel}","templated":true}]}}