{"id":100829,"date":"2025-11-26T19:51:09","date_gmt":"2025-11-26T19:51:09","guid":{"rendered":"https:\/\/www.europesays.com\/fi\/100829\/"},"modified":"2025-11-26T19:51:09","modified_gmt":"2025-11-26T19:51:09","slug":"sotilaat-kaappasivat-vallan-juuri-kun-vaalitulos-piti-julkistaa","status":"publish","type":"post","link":"https:\/\/www.europesays.com\/fi\/100829\/","title":{"rendered":"Sotilaat kaappasivat vallan juuri kun vaalitulos piti julkistaa"},"content":{"rendered":"<p>Guinea-Bissau|Guinea-Bissaun presidentti Umaro Sissoco Embalo vahvisti, ett\u00e4 h\u00e4net on syrj\u00e4ytetty.<\/p>\n<p>Lue tiivistelm\u00e4<\/p>\n<p>Tiivistelm\u00e4 on teko\u00e4lyn tekem\u00e4 ja ihmisen tarkistama.<\/p>\n<p class=\"article-body mb-nof-24 px-nof-16 sndp-summary-bullet-point-font\">Joukko sotilaita on tehnyt vallankaappauksen Guinea-Bissaussa ja syrj\u00e4ytt\u00e4nyt presidentti Umaro Sissoco Embalon.<\/p>\n<p class=\"article-body mb-nof-24 px-nof-16 sndp-summary-bullet-point-font\">Vallankaappaus tapahtui p\u00e4iv\u00e4\u00e4 ennen presidentinvaalien tuloksen julkistamista, ja sotilaat keskeyttiv\u00e4t vaaliprosessin sek\u00e4 julistivat ulkonaliikkumiskiellon.<\/p>\n<p class=\"article-body mb-nof-24 px-nof-16 sndp-summary-bullet-point-font\">P\u00e4\u00e4kaupungissa Bissaussa kuului tulitusta vaalilautakunnan p\u00e4\u00e4majan ja presidentin palatsin l\u00e4hist\u00f6ll\u00e4 noin tunnin ajan.<\/p>\n<p class=\"article-body mb-nof-24 px-nof-16 sndp-summary-bullet-point-font\">Guinea-Bissaussa on ollut ainakin yhdeks\u00e4n vallankaappausta tai vallankaappausyrityst\u00e4 itsen\u00e4istymisvuoden 1974 ja vuoden 2020 v\u00e4lill\u00e4.<\/p>\n<p class=\"article-body mb-nof-24 px-nof-16\">Joukko sotilaita ilmoitti keskiviikkona tehneens\u00e4 vallankaappauksen Guinea-Bissaussa, uutistoimistot kertovat.<\/p>\n<p class=\"article-body mb-nof-24 px-nof-16\">Sotilaat tekiv\u00e4t vallankaappauksen L\u00e4nsi-Afrikassa sijaitsevassa rannikkovaltiossa vain p\u00e4iv\u00e4\u00e4 ennen kuin presidentinvaalien tulos oli m\u00e4\u00e4r\u00e4 julkistaa.<\/p>\n<p class=\"article-body mb-nof-24 px-nof-16\">Sotilaat kertoivat vallankaappauksesta valtion televisiossa pidetyss\u00e4 tiedotustilaisuudessa keskiviikkona. He ilmoittivat syrj\u00e4ytt\u00e4neens\u00e4 presidentti <a class=\"article-personlink\" href=\"https:\/\/www.hs.fi\/haku\/?query=Umaro%20Sissoco%20Embalon\" rel=\"nofollow noopener\" target=\"_blank\">Umaro Sissoco Embalon<\/a>, keskeytt\u00e4neens\u00e4 vaaliprosessin, sulkeneensa rajat ja julistaneensa ulkonaliikkumiskiellon.<\/p>\n<p class=\"article-body mb-nof-24 px-nof-16\">Ryhm\u00e4n tiedottajana toimii <a class=\"article-personlink\" href=\"https:\/\/www.hs.fi\/haku\/?query=Diniz%20N%27Tchama\" rel=\"nofollow noopener\" target=\"_blank\">Diniz N&#8217;Tchama<\/a>.<\/p>\n<p class=\"article-body mb-nof-24 px-nof-16\">My\u00f6hemmin presidentti Embalo ilmoitti ranskalaiselle France 24 TV:lle, ett\u00e4 h\u00e4net on \u201dsyrj\u00e4ytetty\u201d. Embalon olinpaikkaa ei tiedet\u00e4.<\/p>\n<p class=\"article-body mb-nof-24 px-nof-16\">Guinea-Bissaussa on kahden miljoonan asukkaan maa Senegalin ja Guinean v\u00e4liss\u00e4. Se tunnetaan Latinalaisesta Amerikasta Eurooppaan suuntautuvan kokaiinin salakuljetuksen kauttakulkumaana. Tuoreen raportin mukaan kokaiinikauppa on Guinea-Bissaussa kannattavampaa kuin koskaan ennen.<\/p>\n<p><img decoding=\"async\" src=\"https:\/\/www.europesays.com\/fi\/wp-content\/uploads\/2025\/11\/1764186669_672_468.jpg\" alt=\"Guinea-Bissaun presidentti Umaro Sissoco Embalo kuvattiin \u00e4\u00e4nest\u00e4m\u00e4ss\u00e4 viime sunnuntaina Gabun kaupungissa.\" class=\"_Img_1rerz_1\" style=\"aspect-ratio:0.671875\" loading=\"eager\"\/><\/p>\n<p class=\"article-picture-caption\">Guinea-Bissaun presidentti Umaro Sissoco Embalo kuvattiin \u00e4\u00e4nest\u00e4m\u00e4ss\u00e4 viime sunnuntaina Gabun kaupungissa. Kuva:\u00a0Luc Gnago \/ Reuters<\/p>\n<p class=\"article-body mb-nof-24 px-nof-16\">Ennen sotilaiden ilmoitusta p\u00e4\u00e4kaupungissa Bissaussa kuului tulitusta vaalilautakunnan p\u00e4\u00e4majan, presidentin palatsin ja sis\u00e4ministeri\u00f6n l\u00e4hist\u00f6ll\u00e4, uutistoimisto Reuters kertoo. Tulitus kesti noin tunnin.<\/p>\n<p class=\"article-body mb-nof-24 px-nof-16\">Keskiviikkoiltana ei viel\u00e4 ollut tietoa mahdollisista uhreista.<\/p>\n<p class=\"article-body mb-nof-24 px-nof-16\">Guinea-Bissaussa j\u00e4rjestettiin sunnuntaina vaalit, joissa presidentti Embalo kohtasi p\u00e4\u00e4haastajansa <a class=\"article-personlink\" href=\"https:\/\/www.hs.fi\/haku\/?query=Fernando%20Diasin\" rel=\"nofollow noopener\" target=\"_blank\">Fernando Diasin<\/a>. Molemmat sanoivat voittaneensa vaalien ensimm\u00e4isen kierroksen.<\/p>\n<p class=\"article-body mb-nof-24 px-nof-16\">Embalon tiedottaja <a class=\"article-personlink\" href=\"https:\/\/www.hs.fi\/haku\/?query=Antonio%20Yaya%20Seidy\" rel=\"nofollow noopener\" target=\"_blank\">Antonio Yaya Seidy <\/a>kertoi uutistoimisto Reutersille, ett\u00e4 asemiehet hy\u00f6kk\u00e4siv\u00e4t vaalilautakunnan toimitiloihin ja estiv\u00e4t tulosten julkistamisen. H\u00e4n v\u00e4itti miesten olevan yhteydess\u00e4 Diasiin, mutta ei esitt\u00e4nyt todisteita.<\/p>\n<p class=\"article-body mb-nof-24 px-nof-16\">Entinen p\u00e4\u00e4ministeri <a class=\"article-personlink\" href=\"https:\/\/www.hs.fi\/haku\/?query=Domingos%20Simoes%20Pereira\" rel=\"nofollow noopener\" target=\"_blank\">Domingos Simoes Pereira<\/a>, joka tukee Diasia, kiisti v\u00e4itteet. Pereira kertoi, ett\u00e4 Dias tapasi vaalitarkkailijoita, kun \u201djotkut ihmiset rynt\u00e4siv\u00e4t huoneeseen ja ilmoittivat, ett\u00e4 kaupungin keskustassa kuului laukauksia\u201d.<\/p>\n<p class=\"article-body mb-nof-24 px-nof-16\">Dias on turvassa ja Bissaussa, Pereira sanoi.<\/p>\n<p class=\"article-body mb-nof-24 px-nof-16\">Guinea-Bissaussa on tapahtunut ainakin yhdeks\u00e4n vallankaappausta tai vallankaappausyrityst\u00e4 itsen\u00e4istymisvuoden 1974 ja vuoden 2020 v\u00e4lill\u00e4. Embalo nousi valtaan vuonna 2020.<\/p>\n<p class=\"article-body mb-nof-24 px-nof-16\">Embalo on sanonut selviytyneens\u00e4 kolmesta vallankaappausyrityksest\u00e4 presidenttikautensa aikana. Viimeisin vallankaappausyritys tapahtui lokakuun lopussa. Tuolloin viranomaiset ilmoittivat pid\u00e4tt\u00e4neens\u00e4 ryhm\u00e4n korkea-arvoisia upseereita ep\u00e4iltyn\u00e4 hallituksen kaatamisyrityksest\u00e4.<\/p>\n<p><img decoding=\"async\" src=\"https:\/\/www.europesays.com\/fi\/wp-content\/uploads\/2025\/11\/1764186669_133_468.jpg\" alt=\"Guinea-Bissaun presidentinpalatsi keskiviikkona.\" class=\"_Img_1rerz_1\" style=\"aspect-ratio:1.5\" loading=\"eager\"\/><\/p>\n<p class=\"article-picture-caption\">Guinea-Bissaun presidentinpalatsi keskiviikkona. Kuva:\u00a0Patrick Meinhardt \/ AFP<\/p>\n","protected":false},"excerpt":{"rendered":"Guinea-Bissau|Guinea-Bissaun presidentti Umaro Sissoco Embalo vahvisti, ett\u00e4 h\u00e4net on syrj\u00e4ytetty. Lue tiivistelm\u00e4 Tiivistelm\u00e4 on teko\u00e4lyn tekem\u00e4 ja ihmisen&hellip;\n","protected":false},"author":2,"featured_media":100830,"comment_status":"","ping_status":"","sticky":false,"template":"","format":"standard","meta":{"footnotes":""},"categories":[14],"tags":[22,23,26,27,33,31,30,17,46,24,25,28,29,15,18,21,32,19,20,56,16,59,60,61],"class_list":{"0":"post-100829","1":"post","2":"type-post","3":"status-publish","4":"format-standard","5":"has-post-thumbnail","7":"category-ulkomaat","8":"tag-breaking-news","9":"tag-breakingnews","10":"tag-featured-news","11":"tag-featurednews","12":"tag-fi","13":"tag-finland","14":"tag-finnish","15":"tag-headlines","16":"tag-helsingin-sanomat","17":"tag-latest-news","18":"tag-latestnews","19":"tag-main-news","20":"tag-mainnews","21":"tag-news","22":"tag-otsikot","23":"tag-paauutiset","24":"tag-suomi","25":"tag-top-stories","26":"tag-topstories","27":"tag-ulkomaat","28":"tag-uutiset","29":"tag-world","30":"tag-world-news","31":"tag-worldnews"},"share_on_mastodon":{"url":"https:\/\/pubeurope.com\/@fi\/115617745312336596","error":""},"_links":{"self":[{"href":"https:\/\/www.europesays.com\/fi\/wp-json\/wp\/v2\/posts\/100829","targetHints":{"allow":["GET"]}}],"collection":[{"href":"https:\/\/www.europesays.com\/fi\/wp-json\/wp\/v2\/posts"}],"about":[{"href":"https:\/\/www.europesays.com\/fi\/wp-json\/wp\/v2\/types\/post"}],"author":[{"embeddable":true,"href":"https:\/\/www.europesays.com\/fi\/wp-json\/wp\/v2\/users\/2"}],"replies":[{"embeddable":true,"href":"https:\/\/www.europesays.com\/fi\/wp-json\/wp\/v2\/comments?post=100829"}],"version-history":[{"count":0,"href":"https:\/\/www.europesays.com\/fi\/wp-json\/wp\/v2\/posts\/100829\/revisions"}],"wp:featuredmedia":[{"embeddable":true,"href":"https:\/\/www.europesays.com\/fi\/wp-json\/wp\/v2\/media\/100830"}],"wp:attachment":[{"href":"https:\/\/www.europesays.com\/fi\/wp-json\/wp\/v2\/media?parent=100829"}],"wp:term":[{"taxonomy":"category","embeddable":true,"href":"https:\/\/www.europesays.com\/fi\/wp-json\/wp\/v2\/categories?post=100829"},{"taxonomy":"post_tag","embeddable":true,"href":"https:\/\/www.europesays.com\/fi\/wp-json\/wp\/v2\/tags?post=100829"}],"curies":[{"name":"wp","href":"https:\/\/api.w.org\/{rel}","templated":true}]}}