{"id":100848,"date":"2025-11-26T20:19:08","date_gmt":"2025-11-26T20:19:08","guid":{"rendered":"https:\/\/www.europesays.com\/fi\/100848\/"},"modified":"2025-11-26T20:19:08","modified_gmt":"2025-11-26T20:19:08","slug":"tanak-voitti-saudi-arabian-mm-rallin-avauspatkan-rovanpera-kuudes","status":"publish","type":"post","link":"https:\/\/www.europesays.com\/fi\/100848\/","title":{"rendered":"T\u00e4nak voitti Saudi-Arabian MM-rallin avausp\u00e4tk\u00e4n \u2013 Rovanper\u00e4 kuudes"},"content":{"rendered":"<p>Ralli|Kalle Rovanper\u00e4 valitti auton aliohjausongelmia ensimm\u00e4isell\u00e4 erikoiskokeella. Torstaina ajetaan seitsem\u00e4n erikoiskoetta.<\/p>\n<p class=\"article-body mb-nof-24 px-nof-16\">Viron <a class=\"article-personlink\" href=\"https:\/\/www.hs.fi\/haku\/?query=Ott%20T%C3%A4nak\" rel=\"nofollow noopener\" target=\"_blank\">Ott T\u00e4nak<\/a> voitti Saudi-Arabian MM-rallin ensimm\u00e4isen erikoiskokeen keskiviikkona.<\/p>\n<p class=\"article-body mb-nof-24 px-nof-16\">Hyundailla ajava T\u00e4nak oli 1,2 sekuntia nopeampi kuin toiseksi tullut <a class=\"article-personlink\" href=\"https:\/\/www.hs.fi\/haku\/?query=S%C3%A9bastien%20Ogier\" rel=\"nofollow noopener\" target=\"_blank\">S\u00e9bastien Ogier<\/a>. <a class=\"article-personlink\" href=\"https:\/\/www.hs.fi\/haku\/?query=Kalle%20Rovanper%C3%A4\" rel=\"nofollow noopener\" target=\"_blank\">Kalle Rovanper\u00e4<\/a> sijoittui kuudenneksi. Suomalainen h\u00e4visi T\u00e4nakille 2,5 sekuntia.<\/p>\n<p class=\"article-body mb-nof-24 px-nof-16\">Kolmanneksi tuli M-Sportin <a class=\"article-personlink\" href=\"https:\/\/www.hs.fi\/haku\/?query=M%C4%81rti%C5%86%C5%A1%20Sesks\" rel=\"nofollow noopener\" target=\"_blank\">M\u0101rti\u0146\u0161 Sesks<\/a> 1,6 sekunnin p\u00e4\u00e4h\u00e4n T\u00e4nakista. Hyundain <a class=\"article-personlink\" href=\"https:\/\/www.hs.fi\/haku\/?query=Thierry%20Neuville\" rel=\"nofollow noopener\" target=\"_blank\">Thierry Neuville<\/a> oli nelj\u00e4s ja Toyotan <a class=\"article-personlink\" href=\"https:\/\/www.hs.fi\/haku\/?query=Elfyn%20Evans\" rel=\"nofollow noopener\" target=\"_blank\">Elfyn Evans <\/a>viides.<\/p>\n<p class=\"article-body mb-nof-24 px-nof-16\">Rovanper\u00e4 valitti auton k\u00e4ytt\u00e4ytymist\u00e4 avausp\u00e4tk\u00e4ll\u00e4.<\/p>\n<p class=\"article-body mb-nof-24 px-nof-16\">\u201dAuto aliohjasi ihan \u00e4lytt\u00f6m\u00e4sti. En tied\u00e4 aikaa, mutta se ei varmasti ollut hyv\u00e4. Huomenna erot ovat varmasti erilaisia\u201d, Rovanper\u00e4 sanoi MTV:n haastattelussa.<\/p>\n<p class=\"article-body mb-nof-24 px-nof-16\">Suomalainen odottaa torstain olevan vaikea.<\/p>\n<p class=\"article-body mb-nof-24 px-nof-16\">\u201dT\u00e4ysi\u00e4 saa menn\u00e4, varmasti kaikki sen tekee. Jollakin konstilla on v\u00e4ltytt\u00e4v\u00e4 ongelmilta.\u201d<\/p>\n<p class=\"article-body mb-nof-24 px-nof-16\">Rovanper\u00e4n tallikaveri <a class=\"article-personlink\" href=\"https:\/\/www.hs.fi\/haku\/?query=Sami%20Pajari\" rel=\"nofollow noopener\" target=\"_blank\">Sami Pajari<\/a> oli seitsem\u00e4s.<\/p>\n<p class=\"article-body mb-nof-24 px-nof-16\">Keskiviikkona ajettiin vain lyhyt 5,22 kilometrin yleis\u00f6erikoiskoe. Torstaina ralli l\u00e4htee kunnolla k\u00e4yntiin seitsem\u00e4ll\u00e4 erikoiskokeella. Ensimm\u00e4inen niist\u00e4 alkaa Suomen aikaa aamulla kello 7.08.<\/p>\n<p class=\"article-body mb-nof-24 px-nof-16\">Rallin maailmanmestaruus ratkeaa viikonloppuna Saudi-Arabiassa.<\/p>\n<p class=\"article-body mb-nof-24 px-nof-16\">Huippuj\u00e4nnitt\u00e4v\u00e4 voittotaistelu on kolmen kauppa.<\/p>\n<p class=\"article-body mb-nof-24 px-nof-16\">Kiihkein se on Toyotan kaksikon Evansin ja Ogierin v\u00e4lill\u00e4, sill\u00e4 heit\u00e4 erottaa kuljettajien MM-taulukossa vain kolme pistett\u00e4. Kolmantena olevalla Rovanper\u00e4ll\u00e4 on viel\u00e4 teoreettinen mahdollisuus, mutta suomalaisen matka k\u00e4rkeen on kovat 24 pinnaa.<\/p>\n<p class=\"article-body nof-ui-body-medium mb-nof-24 px-nof-16\">Juttu on osa kokeilua, jossa toimittaja k\u00e4ytt\u00e4\u00e4 teko\u00e4ly\u00e4 jutun luonnosteluun. Lue lis\u00e4\u00e4: <a class=\"article-genericlink article-endnote\" href=\"http:\/\/hs.fi\/tekoaly\" rel=\"nofollow noopener\" target=\"_blank\">hs.fi\/tekoaly<\/a>.<\/p>\n","protected":false},"excerpt":{"rendered":"Ralli|Kalle Rovanper\u00e4 valitti auton aliohjausongelmia ensimm\u00e4isell\u00e4 erikoiskokeella. Torstaina ajetaan seitsem\u00e4n erikoiskoetta. Viron Ott T\u00e4nak voitti Saudi-Arabian MM-rallin ensimm\u00e4isen&hellip;\n","protected":false},"author":2,"featured_media":100849,"comment_status":"","ping_status":"","sticky":false,"template":"","format":"standard","meta":{"footnotes":""},"categories":[5],"tags":[22,23,26,27,33,31,30,17,46,24,25,28,29,15,18,21,32,19,20,16],"class_list":{"0":"post-100848","1":"post","2":"type-post","3":"status-publish","4":"format-standard","5":"has-post-thumbnail","7":"category-otsikot","8":"tag-breaking-news","9":"tag-breakingnews","10":"tag-featured-news","11":"tag-featurednews","12":"tag-fi","13":"tag-finland","14":"tag-finnish","15":"tag-headlines","16":"tag-helsingin-sanomat","17":"tag-latest-news","18":"tag-latestnews","19":"tag-main-news","20":"tag-mainnews","21":"tag-news","22":"tag-otsikot","23":"tag-paauutiset","24":"tag-suomi","25":"tag-top-stories","26":"tag-topstories","27":"tag-uutiset"},"share_on_mastodon":{"url":"https:\/\/pubeurope.com\/@fi\/115617855092602439","error":""},"_links":{"self":[{"href":"https:\/\/www.europesays.com\/fi\/wp-json\/wp\/v2\/posts\/100848","targetHints":{"allow":["GET"]}}],"collection":[{"href":"https:\/\/www.europesays.com\/fi\/wp-json\/wp\/v2\/posts"}],"about":[{"href":"https:\/\/www.europesays.com\/fi\/wp-json\/wp\/v2\/types\/post"}],"author":[{"embeddable":true,"href":"https:\/\/www.europesays.com\/fi\/wp-json\/wp\/v2\/users\/2"}],"replies":[{"embeddable":true,"href":"https:\/\/www.europesays.com\/fi\/wp-json\/wp\/v2\/comments?post=100848"}],"version-history":[{"count":0,"href":"https:\/\/www.europesays.com\/fi\/wp-json\/wp\/v2\/posts\/100848\/revisions"}],"wp:featuredmedia":[{"embeddable":true,"href":"https:\/\/www.europesays.com\/fi\/wp-json\/wp\/v2\/media\/100849"}],"wp:attachment":[{"href":"https:\/\/www.europesays.com\/fi\/wp-json\/wp\/v2\/media?parent=100848"}],"wp:term":[{"taxonomy":"category","embeddable":true,"href":"https:\/\/www.europesays.com\/fi\/wp-json\/wp\/v2\/categories?post=100848"},{"taxonomy":"post_tag","embeddable":true,"href":"https:\/\/www.europesays.com\/fi\/wp-json\/wp\/v2\/tags?post=100848"}],"curies":[{"name":"wp","href":"https:\/\/api.w.org\/{rel}","templated":true}]}}