{"id":100858,"date":"2025-11-26T20:40:12","date_gmt":"2025-11-26T20:40:12","guid":{"rendered":"https:\/\/www.europesays.com\/fi\/100858\/"},"modified":"2025-11-26T20:40:12","modified_gmt":"2025-11-26T20:40:12","slug":"merikotkan-pesinta-poronhoitoalueella-onnistui-hyvin-myos-tunturihaukka-menestyi-kolmatta-vuotta-perakkain","status":"publish","type":"post","link":"https:\/\/www.europesays.com\/fi\/100858\/","title":{"rendered":"Merikotkan pesint\u00e4 poronhoitoalueella onnistui hyvin \u2013 my\u00f6s tunturihaukka menestyi kolmatta vuotta per\u00e4kk\u00e4in"},"content":{"rendered":"<p> <img decoding=\"async\" class=\"responsive-image article__image-image lozad\"   src=\"https:\/\/www.europesays.com\/fi\/wp-content\/uploads\/2025\/11\/2UI_HGrr6NMLB6vqtR5l67buXGlDSYrJ5yvSzChRmQ5gcc32LTohTmos4krPvoqbpbvhY6tfX7oBjDy8AVVLqNnz8VvowStHaDu0.jpeg\" alt=\"Merikotkan pesinn\u00e4t onnistuvat maakotkaa vakaammin, sill\u00e4 ne sy\u00f6v\u00e4t kaloja kun taas maakotkan sy\u00f6v\u00e4t kanalintuja, j\u00e4niksi\u00e4 ja poronvasoja.\"\/><\/p>\n<p>\n Merikotkan pesinn\u00e4t onnistuvat maakotkaa vakaammin, sill\u00e4 ne sy\u00f6v\u00e4t kaloja kun taas maakotkan sy\u00f6v\u00e4t kanalintuja, j\u00e4niksi\u00e4 ja poronvasoja.\n <\/p>\n<p>\n Kuva: Pekka Aho\n <\/p>\n<p class=\"article__paragraph\">\n Mets\u00e4hallitus teki t\u00e4n\u00e4 vuonna 2 500 pes\u00e4- ja reviiritarkistusta Mets\u00e4hallituksen Luontopalvelujen vastuulajeille maakotkalle, muuttohaukalle, tunturihaukalle ja merikotkalle.\n <\/p>\n<p class=\"article__paragraph\">\n Merikotkan pesint\u00e4 onnistui t\u00e4n\u00e4 vuonna hyvin poronhoitoalueella. Merikotkaa esiintyy koko poronhoitoalueella, mutta vahvimmat kannat ovat Keski-Lapissa ja Koillismaalla.<\/p>\n","protected":false},"excerpt":{"rendered":"Merikotkan pesinn\u00e4t onnistuvat maakotkaa vakaammin, sill\u00e4 ne sy\u00f6v\u00e4t kaloja kun taas maakotkan sy\u00f6v\u00e4t kanalintuja, j\u00e4niksi\u00e4 ja poronvasoja. Kuva:&hellip;\n","protected":false},"author":2,"featured_media":100859,"comment_status":"","ping_status":"","sticky":false,"template":"","format":"standard","meta":{"footnotes":""},"categories":[112],"tags":[33,31,30,118,32,119],"class_list":{"0":"post-100858","1":"post","2":"type-post","3":"status-publish","4":"format-standard","5":"has-post-thumbnail","7":"category-tiede","8":"tag-fi","9":"tag-finland","10":"tag-finnish","11":"tag-science","12":"tag-suomi","13":"tag-tiede"},"share_on_mastodon":{"url":"https:\/\/pubeurope.com\/@fi\/115617937943782731","error":""},"_links":{"self":[{"href":"https:\/\/www.europesays.com\/fi\/wp-json\/wp\/v2\/posts\/100858","targetHints":{"allow":["GET"]}}],"collection":[{"href":"https:\/\/www.europesays.com\/fi\/wp-json\/wp\/v2\/posts"}],"about":[{"href":"https:\/\/www.europesays.com\/fi\/wp-json\/wp\/v2\/types\/post"}],"author":[{"embeddable":true,"href":"https:\/\/www.europesays.com\/fi\/wp-json\/wp\/v2\/users\/2"}],"replies":[{"embeddable":true,"href":"https:\/\/www.europesays.com\/fi\/wp-json\/wp\/v2\/comments?post=100858"}],"version-history":[{"count":0,"href":"https:\/\/www.europesays.com\/fi\/wp-json\/wp\/v2\/posts\/100858\/revisions"}],"wp:featuredmedia":[{"embeddable":true,"href":"https:\/\/www.europesays.com\/fi\/wp-json\/wp\/v2\/media\/100859"}],"wp:attachment":[{"href":"https:\/\/www.europesays.com\/fi\/wp-json\/wp\/v2\/media?parent=100858"}],"wp:term":[{"taxonomy":"category","embeddable":true,"href":"https:\/\/www.europesays.com\/fi\/wp-json\/wp\/v2\/categories?post=100858"},{"taxonomy":"post_tag","embeddable":true,"href":"https:\/\/www.europesays.com\/fi\/wp-json\/wp\/v2\/tags?post=100858"}],"curies":[{"name":"wp","href":"https:\/\/api.w.org\/{rel}","templated":true}]}}