{"id":100860,"date":"2025-11-26T20:41:10","date_gmt":"2025-11-26T20:41:10","guid":{"rendered":"https:\/\/www.europesays.com\/fi\/100860\/"},"modified":"2025-11-26T20:41:10","modified_gmt":"2025-11-26T20:41:10","slug":"ai-musiikkiyhtio-suno-sopimukseen-warner-musicin-kanssa","status":"publish","type":"post","link":"https:\/\/www.europesays.com\/fi\/100860\/","title":{"rendered":"AI-musiikkiyhti\u00f6 Suno sopimukseen Warner Musicin kanssa"},"content":{"rendered":"<p><a href=\"https:\/\/www.europesays.com\/fi\/wp-content\/uploads\/2025\/11\/suno.png\" data-lightbox=\"image\"><img fetchpriority=\"high\" decoding=\"async\" aria-describedby=\"caption-attachment-269385\" class=\"size-full wp-image-269385\" src=\"data:image\/svg+xml,%3Csvg%20xmlns=\" http:=\"\" alt=\"\" width=\"817\" height=\"382\" data-lazy- data-lazy- data-lazy-src=\"https:\/\/www.europesays.com\/fi\/wp-content\/uploads\/2025\/11\/suno.png\"\/><\/a><\/p>\n<p id=\"caption-attachment-269385\" class=\"wp-caption-text\">Musiikkia tuottavan Sunon aloitusn\u00e4kym\u00e4 selaimella.<\/p>\n<p>Teko\u00e4lyn avulla musiikkia tuottava Suno ja levy-yhti\u00f6 Warner Music Group ovat sopineet kiistansa. Sopimuksen kerrotaan avaavan uusia mahdollisuuksia.<\/p>\n<p>Tekij\u00f6noikeudet ovat tuottavan eli generatiivisen teko\u00e4lyn avainkysymyksi\u00e4, eik\u00e4 musiikkiala ole poikkeus. Musiikin teko\u00e4ly-yhti\u00f6 Suno ja maailman suurimpiin lukeutuva levy-yhti\u00f6 Warner Music kuvailevat uuden sopimuksensa \u201davaavan uusia ulottuvuuksia musiikin tuottamisessa, vuorovaikutteisuudessa ja l\u00f6yt\u00e4misess\u00e4\u201d.<\/p>\n<p>Suno tarjoaa ty\u00f6kaluja, jotka \u201dmuuttavat ideat kappaleiksi\u201d ilman erityistaitoja, ja Warner Music haastoi yhti\u00f6n aiemmin oikeuteen tekij\u00e4noikeusrikkomuksista. Tuoreen sopimuksen my\u00f6t\u00e4 oikeusjutut on nyt unohdettu.<\/p>\n<p style=\"width: 98%; text-align: center; font-size:13px; border-bottom: 1px solid #C8C8C8; line-height: 0.1em; margin: 8px 1% 16px 1%;\">MAINOS (ARTIKKELI JATKUU ALLA)<\/p>\n<p>Kaksikon v\u00e4lisest\u00e4 diilist\u00e4 hy\u00f6tyv\u00e4t kaikki tuottajista kuulijoihin, ja sek\u00e4 artistien ett\u00e4 lauluntekij\u00f6iden oikeudet ja tulot on taattu, <a href=\"https:\/\/www.google.com\/url?sa=t&amp;rct=j&amp;q=&amp;esrc=s&amp;source=web&amp;cd=&amp;cad=rja&amp;uact=8&amp;ved=2ahUKEwjaj7-Jp4-RAxXGIBAIHbpsCLMQFnoECBcQAQ&amp;url=https%3A%2F%2Fwww.bloomberg.com%2Fnews%2Farticles%2F2025-11-25%2Fwarner-music-settles-lawsuit-with-ai-music-startup-suno%3Fsrnd%3Dhomepage-europe&amp;usg=AOvVaw3tG0peNHatQB1Sp85Ra8cP&amp;opi=89978449\" rel=\"nofollow noopener\" target=\"_blank\">Bloomberg<\/a> siteeraa Sunon ja Warner Musicin lausuntoa.<\/p>\n<p>Vuoden 2026 aikana Suno aikoo tiedotteensa mukaan p\u00e4ivitt\u00e4\u00e4 ty\u00f6kalujaan \u201dmonilla tavoilla\u201d sek\u00e4 esimerkiksi lis\u00e4t\u00e4 mukaan \u201dkehittyneempi\u00e4 ja lisensoituja malleja\u201d. Artisteilla ja lauluntekij\u00f6ill\u00e4 on \u201dt\u00e4ysi oikeus\u201d p\u00e4\u00e4tt\u00e4\u00e4, miten heid\u00e4n nimi\u00e4\u00e4n, kuviaan, \u00e4\u00e4nt\u00e4\u00e4n ja muuta hy\u00f6dynnet\u00e4\u00e4n Sunon alustoilla.<\/p>\n<p>Ensi vuoden aikana Suno aikoo my\u00f6s ajaa alas nykyiset ty\u00f6kalunsa. Tuotettujen sis\u00e4lt\u00f6jen lataamisesta on tulossa maksavien tilaajien yksinoikeus.<\/p>\n<p>Mainos: <a href=\"https:\/\/hinta.fi\/?src=gPp6fX03\" target=\"_blank\" rel=\"nofollow noopener\">Noin 1 600 000 tuotteen hintavertailu ja hintaseuranta &#8211; katso Hinta.fist\u00e4 mist\u00e4 saat halvimmalla<\/a><\/p>\n","protected":false},"excerpt":{"rendered":"Musiikkia tuottavan Sunon aloitusn\u00e4kym\u00e4 selaimella. Teko\u00e4lyn avulla musiikkia tuottava Suno ja levy-yhti\u00f6 Warner Music Group ovat sopineet kiistansa.&hellip;\n","protected":false},"author":2,"featured_media":100861,"comment_status":"","ping_status":"","sticky":false,"template":"","format":"standard","meta":{"footnotes":""},"categories":[84],"tags":[33,31,30,32,91,92],"class_list":{"0":"post-100860","1":"post","2":"type-post","3":"status-publish","4":"format-standard","5":"has-post-thumbnail","7":"category-teknologia","8":"tag-fi","9":"tag-finland","10":"tag-finnish","11":"tag-suomi","12":"tag-technology","13":"tag-teknologia"},"share_on_mastodon":{"url":"https:\/\/pubeurope.com\/@fi\/115617941684114572","error":""},"_links":{"self":[{"href":"https:\/\/www.europesays.com\/fi\/wp-json\/wp\/v2\/posts\/100860","targetHints":{"allow":["GET"]}}],"collection":[{"href":"https:\/\/www.europesays.com\/fi\/wp-json\/wp\/v2\/posts"}],"about":[{"href":"https:\/\/www.europesays.com\/fi\/wp-json\/wp\/v2\/types\/post"}],"author":[{"embeddable":true,"href":"https:\/\/www.europesays.com\/fi\/wp-json\/wp\/v2\/users\/2"}],"replies":[{"embeddable":true,"href":"https:\/\/www.europesays.com\/fi\/wp-json\/wp\/v2\/comments?post=100860"}],"version-history":[{"count":0,"href":"https:\/\/www.europesays.com\/fi\/wp-json\/wp\/v2\/posts\/100860\/revisions"}],"wp:featuredmedia":[{"embeddable":true,"href":"https:\/\/www.europesays.com\/fi\/wp-json\/wp\/v2\/media\/100861"}],"wp:attachment":[{"href":"https:\/\/www.europesays.com\/fi\/wp-json\/wp\/v2\/media?parent=100860"}],"wp:term":[{"taxonomy":"category","embeddable":true,"href":"https:\/\/www.europesays.com\/fi\/wp-json\/wp\/v2\/categories?post=100860"},{"taxonomy":"post_tag","embeddable":true,"href":"https:\/\/www.europesays.com\/fi\/wp-json\/wp\/v2\/tags?post=100860"}],"curies":[{"name":"wp","href":"https:\/\/api.w.org\/{rel}","templated":true}]}}