{"id":100864,"date":"2025-11-26T20:43:09","date_gmt":"2025-11-26T20:43:09","guid":{"rendered":"https:\/\/www.europesays.com\/fi\/100864\/"},"modified":"2025-11-26T20:43:09","modified_gmt":"2025-11-26T20:43:09","slug":"kreml-keskustelut-sodan-lopettamisesta-vakavasti-otettavia","status":"publish","type":"post","link":"https:\/\/www.europesays.com\/fi\/100864\/","title":{"rendered":"Kreml: Keskustelut sodan lopettamisesta vakavasti otettavia"},"content":{"rendered":"<p>Kreml: Keskustelut sodan lopettamisesta vakavasti otettavia | MTV Uutiset<a class=\"sr-only bg-component-bg-color focus:not-sr-only focus:absolute focus:left-0 focus:right-auto focus:top-0 focus:p-200\" href=\"#main\" data-sentry-component=\"SkipToContentLink\" data-sentry-source-file=\"SkipToContentLink.tsx\">Hypp\u00e4\u00e4 p\u00e4\u00e4sis\u00e4lt\u00f6\u00f6n<\/a>Sis\u00e4ll\u00f6t<\/p>\n<ul class=\"flex w-full flex-1 flex-wrap gap-800\">\n<li class=\"block flex-1 flex-nowrap xs:flex-initial\" data-testid=\"site-footer-section-item-component\" data-sentry-component=\"SiteFooterSectionItem\" data-sentry-source-file=\"SiteFooterSectionItem.tsx\">Tomi Einonen<br \/>Vastaava p\u00e4\u00e4toimittaja<\/li>\n<li class=\"block flex-1 flex-nowrap xs:flex-initial\" data-testid=\"site-footer-section-item-component\" data-sentry-component=\"SiteFooterSectionItem\" data-sentry-source-file=\"SiteFooterSectionItem.tsx\">Ilkka Ahtiainen<br \/>Uutisp\u00e4\u00e4toimittaja<\/li>\n<li class=\"block flex-1 flex-nowrap xs:flex-initial\" data-testid=\"site-footer-section-item-component\" data-sentry-component=\"SiteFooterSectionItem\" data-sentry-source-file=\"SiteFooterSectionItem.tsx\">Mona Haapsaari<br \/>Toimitusp\u00e4\u00e4llikk\u00f6<\/li>\n<li class=\"block flex-1 flex-nowrap xs:flex-initial\" data-testid=\"site-footer-section-item-component\" data-sentry-component=\"SiteFooterSectionItem\" data-sentry-source-file=\"SiteFooterSectionItem.tsx\">Teemu Niikko<br \/>Toimitusp\u00e4\u00e4llikk\u00f6, urheilu<\/li>\n<\/ul>\n<p>Liiketoiminta<\/p>\n<ul class=\"flex w-full flex-1 flex-wrap gap-800\">\n<li class=\"block flex-1 flex-nowrap xs:flex-initial\" data-testid=\"site-footer-section-item-component\" data-sentry-component=\"SiteFooterSectionItem\" data-sentry-source-file=\"SiteFooterSectionItem.tsx\">Iina Eloranta<br \/>VP, Channels and Digital Consumption<\/li>\n<\/ul>\n<p>SuomiAreena<\/p>\n<ul class=\"flex w-full flex-1 flex-wrap gap-800\">\n<li class=\"block flex-1 flex-nowrap xs:flex-initial\" data-testid=\"site-footer-section-item-component\" data-sentry-component=\"SiteFooterSectionItem\" data-sentry-source-file=\"SiteFooterSectionItem.tsx\">Jeremias Kontio<br \/>Vastaava tuottaja<\/li>\n<\/ul>\n<p><a class=\"flex flex-col items-center justify-center\" data-testid=\"Etusivu-navigation-bar-item\" role=\"link\" title=\"Etusivu linkki\" data-sentry-element=\"Link\" data-sentry-component=\"InternalLink\" data-sentry-source-file=\"InternalLink.tsx\" href=\"https:\/\/www.mtvuutiset.fi\/\" rel=\"nofollow noopener\" target=\"_blank\">Etusivu<\/a><a class=\"flex flex-col items-center justify-center\" data-testid=\"Videot-navigation-bar-item\" role=\"link\" title=\"Videot linkki\" data-sentry-element=\"Link\" data-sentry-component=\"InternalLink\" data-sentry-source-file=\"InternalLink.tsx\" href=\"https:\/\/www.mtvuutiset.fi\/videot\" rel=\"nofollow noopener\" target=\"_blank\">Videot<\/a><a class=\"flex flex-col items-center justify-center\" data-testid=\"Tuoreimmat-navigation-bar-item\" role=\"link\" title=\"Tuoreimmat linkki\" data-sentry-element=\"Link\" data-sentry-component=\"InternalLink\" data-sentry-source-file=\"InternalLink.tsx\" href=\"https:\/\/www.mtvuutiset.fi\/tuoreimmat\" rel=\"nofollow noopener\" target=\"_blank\">Tuoreimmat<\/a><a class=\"flex flex-col items-center justify-center\" data-testid=\"Luetuimmat-navigation-bar-item\" role=\"link\" title=\"Luetuimmat linkki\" data-sentry-element=\"Link\" data-sentry-component=\"InternalLink\" data-sentry-source-file=\"InternalLink.tsx\" href=\"https:\/\/www.mtvuutiset.fi\/luetuimmat\" rel=\"nofollow noopener\" target=\"_blank\">Luetuimmat<\/a>Odota<img alt=\"Nyt keskustellaan tosissaan sodan lopettamisesta, Kremlin tiedottaja Dmitri Peskov arvioi.\" data-testid=\"header-media-image\" class=\"h-full w-full object-cover transition duration-700 ease-in-out hover:scale-[1.05]\" fetchpriority=\"high\" loading=\"eager\" width=\"1024\" height=\"576\" decoding=\"async\" style=\"color:transparent;background-size:cover;background-position:50% 50%;background-repeat:no-repeat;background-image:url(&quot;data:image\/svg+xml;base64,Cjxzdmcgd2lkdGg9IjEwMjQiIGhlaWdodD0iNTc2IiB2ZXJzaW9uPSIxLjEiIHhtbG5zPSJodHRwOi8vd3d3LnczLm9yZy8yMDAwL3N2ZyIgeG1sbnM6eGxpbms9Imh0dHA6Ly93d3cudzMub3JnLzE5OTkveGxpbmsiPgogIDxkZWZzPgogICAgPGxpbmVhckdyYWRpZW50IGlkPSJnIj4KICAgICAgPHN0b3Agc3RvcC1jb2xvcj0iIzBCMTgyMyIgb2Zmc2V0PSIyMCUiIC8+CiAgICAgIDxzdG9wIHN0b3AtY29sb3I9IiMxQTI3MzIiIG9mZnNldD0iNTAlIiAvPgogICAgICA8c3RvcCBzdG9wLWNvbG9yPSIjMEIxODIzIiBvZmZzZXQ9IjcwJSIgLz4KICAgIDwvbGluZWFyR3JhZGllbnQ+CiAgPC9kZWZzPgogIDxyZWN0IHdpZHRoPSIxMDI0IiBoZWlnaHQ9IjU3NiIgZmlsbD0iIzBCMTgyMyIgLz4KICA8cmVjdCBpZD0iciIgd2lkdGg9IjEwMjQiIGhlaWdodD0iNTc2IiBmaWxsPSJ1cmwoI2cpIiAvPgogIDxhbmltYXRlIHhsaW5rOmhyZWY9IiNyIiBhdHRyaWJ1dGVOYW1lPSJ4IiBmcm9tPSItMTAyNCIgdG89IjEwMjQiIGR1cj0iMXMiIHJlcGVhdENvdW50PSJpbmRlZmluaXRlIiAgLz4KPC9zdmc+&quot;)\" src=\"https:\/\/www.europesays.com\/fi\/wp-content\/uploads\/2025\/11\/1764189789_605_image\"\/>Nyt keskustellaan tosissaan sodan lopettamisesta, Kremlin tiedottaja Dmitri Peskov arvioi.Julkaistu 26.11.2025 18:10(P\u00e4ivitetty 26.11.2025 19:11)<\/p>\n<p><strong class=\"typography-bold\">Monet kohdat Yhdysvaltain rauhansuunnitelmassa vaativat Ven\u00e4j\u00e4n mukaan viel\u00e4 lis\u00e4neuvotteluja.<\/strong><\/p>\n<p>Ven\u00e4j\u00e4 pit\u00e4\u00e4 Ukrainan sodan lopettamiseksi k\u00e4ynnistettyj\u00e4 keskusteluja vakavasti otettavina, sanoo Kremlin tiedottaja <strong class=\"typography-bold\">Dmitri Peskov <\/strong>ven\u00e4l\u00e4iselle tv-kanavalle. Peskov sanoi monien &#8221;yritt\u00e4v\u00e4n est\u00e4\u00e4&#8221; neuvottelut.<\/p>\n<p>Sek\u00e4 Ven\u00e4j\u00e4 ett\u00e4 Yhdysvallat ovat vahvistaneet, ett\u00e4 Yhdysvaltojen erityisl\u00e4hettil\u00e4s <strong class=\"typography-bold\">Steve Witkoff<\/strong> vierailee Ven\u00e4j\u00e4ll\u00e4 ensi viikolla rauhanneuvotteluihin liittyen.<\/p>\n<p>Witkoffin puolueettomuuden ylle lankesi kuitenkin ep\u00e4ilys, kun uutistoimisto Bloomberg uutisoi Witkoffin ja ven\u00e4l\u00e4isvirkamiehen puhelinkeskustelusta.<\/p>\n<p>Siin\u00e4 Witkoff ohjeisti presidentti <strong class=\"typography-bold\">Vladimir Putinin<\/strong> ulkopoliittista neuvonantajaa <strong class=\"typography-bold\">Juri Ushakovia<\/strong> siit\u00e4, kuinka Putin voisi voittaa <strong class=\"typography-bold\">Donald Trumpin <\/strong>puolelleen kehuilla.\u00a0<\/p>\n<p>Putinin olisi kehuttava Trumpia Gazan-rauhansuunnitelmasta, Witkoff sanoi lokakuussa k\u00e4ydyss\u00e4 keskustelussa.<\/p>\n<p>\u2013\u2009 len samaa mielt\u00e4, ett\u00e4 h\u00e4n onnittelee (Trumpia). H\u00e4n sanoo, ett\u00e4 herra Trump on oikea rauhan mies ja muuta sellaista, Ushakov oli todennut puhelussa.<\/p>\n<p>Witkoffin mukaan Trumpille voisi lis\u00e4ksi kertoa, ett\u00e4 Witkoff ja Ushakov ovat puhuneet vastaavanlaisen suunnitelman kehitt\u00e4misest\u00e4 Ukrainan ja Ven\u00e4j\u00e4n v\u00e4lille.<\/p>\n<p>\u2013\u2009 skon, Juri, ett\u00e4 presidentti (Trump) antaa minulle paljon tilaa ja p\u00e4\u00e4t\u00f6svaltaa sopimukseen p\u00e4\u00e4semiseksi, Witkoff oli sanonut puhelun yhteydess\u00e4.<\/p>\n<p>Uutistoimisto Reutersin mukaan Ushakov arvosteli puhelinkeskustelun vuotamista julkisuuteen. Ushakovin mukaan kyseess\u00e4 oli tahallinen yritys h\u00e4irit\u00e4 rauhanprosessia.<\/p>\n<p>Valkoisen talon viestint\u00e4johtajan <strong class=\"typography-bold\">Steven Cheungin <\/strong>mukaan Bloombergin uutisoima puhelu vain todisti sen, ett\u00e4 Witkoff puhuu sek\u00e4 Ukrainan ett\u00e4 Ven\u00e4j\u00e4n viranomaisten kanssa p\u00e4ivitt\u00e4in saavuttaakseen rauhan.\u00a0<\/p>\n<p>Trump taas kuvaili Witkoffin toimintaa aivan tavalliseksi neuvottelutavaksi.<\/p>\n<p><strong class=\"typography-bold\">Kreml: Euroopan osallistuminen tarpeetonta<\/strong><\/p>\n<p>Ushakovin mukaan Ven\u00e4j\u00e4lle saapuu Witkoffin mukana muitakin Trumpin hallinnon edustajia. Ushakov sanoi my\u00f6s, ett\u00e4 Ven\u00e4j\u00e4 katsoo, ett\u00e4 Euroopan osallistuminen neuvotteluihin on &#8221;t\u00e4ysin tarpeetonta&#8221;.<\/p>\n<p>Yhdysvaltain alkuper\u00e4isen, Ven\u00e4j\u00e4lle my\u00f6t\u00e4mielisen 28-kohtaisen rauhansuunnitelman my\u00f6t\u00e4 Euroopassa arvosteltiin sit\u00e4, ett\u00e4 Yhdysvallat ja Ven\u00e4j\u00e4 yrittiv\u00e4t p\u00e4\u00e4tt\u00e4\u00e4 Ukrainan kohtalosta Euroopan yli.<\/p>\n<p>Ukraina ja Yhdysvallat ty\u00f6stiv\u00e4t viikonloppuna Genevess\u00e4 muokkauksia rauhansuunnitelmaan, mutta viimeisimm\u00e4n version sis\u00e4lt\u00f6\u00e4 ei ole avattu julkisuuteen.<\/p>\n<p>Yhdysvaltain presidentti Donald Trump kertoi tiistaina uuden suunnitelman olevan muokattu versio aiemmasta, 28 kohdan rauhansuunnitelmasta.<\/p>\n<p>Ven\u00e4j\u00e4 kertoi keskiviikkona n\u00e4hneens\u00e4 muokatun suunnitelman. Asiaa kommentoineen Ushakovin mukaan suunnitelma vaatii tarkkaa analysointia eik\u00e4 Ven\u00e4j\u00e4 ollut viel\u00e4 keskustellut siit\u00e4 kenenk\u00e4\u00e4n kanssa.<\/p>\n<p>Ushakov lis\u00e4si, ett\u00e4 muokatussa suunnitelmassa on joitain my\u00f6nteisi\u00e4 puolia, mutta monet kohdat vaativat viel\u00e4 neuvotteluja.<\/p>\n<p><strong class=\"typography-bold\">Trump: Se oli vain kartta<\/strong><\/p>\n<p>Air Force One -virkakoneessaan lehdist\u00f6lle puhunut Trump kuvaili alkuper\u00e4ist\u00e4 28-kohtaista rauhansuunnitelmaluonnosta alustavaksi konseptiksi.<\/p>\n<p>\u2013\u2009Se oli vain kartta. Se ei ollut suunnitelma vaan konsepti, Trump sanoi.<\/p>\n<p>Trump sanoi, ett\u00e4 suunnitelmaluonnoksen kohtien m\u00e4\u00e4r\u00e4\u00e4 olisi neuvottelujen jatkuessa laskettu ainakin 22:een.\u00a0<\/p>\n<p>Muun muassa Financial Times ja Pol itico kertoivat aiemmin, ett\u00e4 Ukraina ja Yhdysvallat olivat ty\u00f6st\u00e4neet viikonloppuna uutta, 19-kohtaista rauhansuunnitelmaa.<\/p>\n<p>Trump sanoi tiistaina, ett\u00e4 Ven\u00e4j\u00e4 olisi my\u00f6s tehnyt my\u00f6nnytyksi\u00e4 neuvotteluissa.<\/p>\n<p>Aiemmin Trump oli vaatinut, ett\u00e4 <strong class=\"typography-bold\">Volodyyr Zelenskyi<\/strong> hyv\u00e4ksyisi alkuper\u00e4isen suunnitelman t\u00e4m\u00e4n viikon torstaihin menness\u00e4. Tiistaina Trump sanoi kuitenkin lehdist\u00f6lle, ettei aikarajaa ei ole ja takaraja on sodan p\u00e4\u00e4ttymisess\u00e4.<\/p>\n<p><strong class=\"typography-bold\">Zelenskyi: Ukraina hyv\u00e4ksyy periaatteet<\/strong><\/p>\n<p>Ukrainan presidentti Volodymyr Zelenskyi tiistai-iltana pit\u00e4m\u00e4ss\u00e4\u00e4n videopuheessaan, ett\u00e4 Ukraina hyv\u00e4ksyy muokatun Yhdysvaltojen rauhansuunnitelman periaatteet.<\/p>\n<p>\u2013\u2009T\u00e4m\u00e4n (Genevess\u00e4 valmistellun) asiakirjan periaatteet voivat kehitty\u00e4 perusteellisemmiksi sopimuksiksi, Zelenskyi sanoi.<\/p>\n<p>Zelenskyin mukaan paljon riippuu Yhdysvalloista, sill\u00e4 Ven\u00e4j\u00e4 ottaa kaikkein vakavimmin Yhdysvaltojen voiman.<\/p>\n<p>H\u00e4n sanoi luottavansa siihen, ett\u00e4 Ukrainan aktiivinen yhteisty\u00f6 Yhdysvaltojen ja presidentti Trumpin kanssa jatkuu.<\/p>\n<p>Sen lis\u00e4ksi, ett\u00e4 Trump kertoi l\u00e4hett\u00e4v\u00e4ns\u00e4 Witkoffin Moskovaan, h\u00e4n kertoi Yhdysvaltain maavoimaministerin <strong class=\"typography-bold\">Dan Driscollin<\/strong> tapaavan ukrainalaisia. Zelenskyin kansliap\u00e4\u00e4llik\u00f6n <strong class=\"typography-bold\">Andri Jermakin<\/strong> mukaan Driscollin odotetaan vierailevan Ukrainassa t\u00e4ll\u00e4 viikolla.<\/p>\n<p>Trump sanoi olevansa itse valmis tapaamaan Putinin ja Zelenskyin vasta sen j\u00e4lkeen, kun rauhansuunnitelma on saatu aikaan tai se on viimeistelyvaiheessa.<\/p>\n<p>Juttua t\u00e4ydennetty 26.11.2025 kello 19.11.<\/p>\n","protected":false},"excerpt":{"rendered":"Kreml: Keskustelut sodan lopettamisesta vakavasti otettavia | MTV UutisetHypp\u00e4\u00e4 p\u00e4\u00e4sis\u00e4lt\u00f6\u00f6nSis\u00e4ll\u00f6t Tomi EinonenVastaava p\u00e4\u00e4toimittaja Ilkka AhtiainenUutisp\u00e4\u00e4toimittaja Mona HaapsaariToimitusp\u00e4\u00e4llikk\u00f6 Teemu&hellip;\n","protected":false},"author":2,"featured_media":100865,"comment_status":"","ping_status":"","sticky":false,"template":"","format":"standard","meta":{"footnotes":""},"categories":[14],"tags":[22,23,26,27,33,31,30,17,24,25,28,29,15,18,21,32,19,20,56,16,59,60,61],"class_list":{"0":"post-100864","1":"post","2":"type-post","3":"status-publish","4":"format-standard","5":"has-post-thumbnail","7":"category-ulkomaat","8":"tag-breaking-news","9":"tag-breakingnews","10":"tag-featured-news","11":"tag-featurednews","12":"tag-fi","13":"tag-finland","14":"tag-finnish","15":"tag-headlines","16":"tag-latest-news","17":"tag-latestnews","18":"tag-main-news","19":"tag-mainnews","20":"tag-news","21":"tag-otsikot","22":"tag-paauutiset","23":"tag-suomi","24":"tag-top-stories","25":"tag-topstories","26":"tag-ulkomaat","27":"tag-uutiset","28":"tag-world","29":"tag-world-news","30":"tag-worldnews"},"share_on_mastodon":{"url":"https:\/\/pubeurope.com\/@fi\/115617949841229913","error":""},"_links":{"self":[{"href":"https:\/\/www.europesays.com\/fi\/wp-json\/wp\/v2\/posts\/100864","targetHints":{"allow":["GET"]}}],"collection":[{"href":"https:\/\/www.europesays.com\/fi\/wp-json\/wp\/v2\/posts"}],"about":[{"href":"https:\/\/www.europesays.com\/fi\/wp-json\/wp\/v2\/types\/post"}],"author":[{"embeddable":true,"href":"https:\/\/www.europesays.com\/fi\/wp-json\/wp\/v2\/users\/2"}],"replies":[{"embeddable":true,"href":"https:\/\/www.europesays.com\/fi\/wp-json\/wp\/v2\/comments?post=100864"}],"version-history":[{"count":0,"href":"https:\/\/www.europesays.com\/fi\/wp-json\/wp\/v2\/posts\/100864\/revisions"}],"wp:featuredmedia":[{"embeddable":true,"href":"https:\/\/www.europesays.com\/fi\/wp-json\/wp\/v2\/media\/100865"}],"wp:attachment":[{"href":"https:\/\/www.europesays.com\/fi\/wp-json\/wp\/v2\/media?parent=100864"}],"wp:term":[{"taxonomy":"category","embeddable":true,"href":"https:\/\/www.europesays.com\/fi\/wp-json\/wp\/v2\/categories?post=100864"},{"taxonomy":"post_tag","embeddable":true,"href":"https:\/\/www.europesays.com\/fi\/wp-json\/wp\/v2\/tags?post=100864"}],"curies":[{"name":"wp","href":"https:\/\/api.w.org\/{rel}","templated":true}]}}