{"id":100870,"date":"2025-11-26T20:46:08","date_gmt":"2025-11-26T20:46:08","guid":{"rendered":"https:\/\/www.europesays.com\/fi\/100870\/"},"modified":"2025-11-26T20:46:08","modified_gmt":"2025-11-26T20:46:08","slug":"joutsen-raiteilla-helsingin-toolonlahdella-lahijunia-peruttu","status":"publish","type":"post","link":"https:\/\/www.europesays.com\/fi\/100870\/","title":{"rendered":"Joutsen raiteilla Helsingin T\u00f6\u00f6l\u00f6nlahdella \u2013 l\u00e4hijunia peruttu"},"content":{"rendered":"<p><strong class=\"typography-bold\">Raiteille eksynyt joutsen aiheutti pelastusoperaation l\u00e4hell\u00e4 Helsingin p\u00e4\u00e4rautatieasemaa.<\/strong><\/p>\n<p>Kaksi junaraidetta oli suljettu liikenteelt\u00e4 puolen tunnin ajan Helsingiss\u00e4 raiteille eksyneen joutsenen takia. Loukkaantunutta joutsenta olivat raiteilta pelastamassa sek\u00e4 pelastuslaitos ett\u00e4 poliisi.<\/p>\n<p>Helsingin pelastuslaitos kertoi, ett\u00e4 loukkaantunut joutsen oli saatu kiinni ja toimitetaan jatkohoitoon Korkeasaaren el\u00e4intarhaan.<\/p>\n<p>H\u00e4lytys el\u00e4imen pelastamisesta tuli illalla ennen puolta kuutta. Helsingin seudun liikenteen (HSL) viestinn\u00e4st\u00e4 kerrottiin STT:lle klo 19:n maissa, ett\u00e4 liikenne oli palautunut normaaliksi. HSL perui ainakin kolme l\u00e4hijunaa ennen iltakuutta, sen j\u00e4lkeen liikenne on saatu ohjattua liikkumaan muita raiteita pitkin.<\/p>\n<p>Tapaus ei suinkaan ole ensimm\u00e4inen laatuaan. Helmikuussa 2019 kaupunkilaisjoutsen oli eksynyt kaveriporukastaan v\u00e4\u00e4rille raiteille, mik\u00e4 aiheutti ongelmia junaliikenteelle.<\/p>\n<p>P\u00e4ivitetty kello 19.20.<\/p>\n<p><strong class=\"typography-bold\">Lue lis\u00e4\u00e4: <\/strong><a class=\"underline\" data-testid=\"internal-link\" role=\"link\" data-sentry-element=\"Link\" data-sentry-component=\"InternalLink\" data-sentry-source-file=\"InternalLink.tsx\" href=\"https:\/\/www.mtvuutiset.fi\/artikkeli\/kaveriporukasta-eksynyt-kaupunkilaisjoutsen-katkaisi-junaliikenteen-helsingissa-tilanne-sai-onnellisen-lopun\/7295884\" rel=\"nofollow noopener\" target=\"_blank\"><strong class=\"typography-bold\">Kaveriporukasta eksynyt kaupunkilaisjoutsen katkaisi junaliikenteen Helsingiss\u00e4<\/strong><\/a><\/p>\n","protected":false},"excerpt":{"rendered":"Raiteille eksynyt joutsen aiheutti pelastusoperaation l\u00e4hell\u00e4 Helsingin p\u00e4\u00e4rautatieasemaa. Kaksi junaraidetta oli suljettu liikenteelt\u00e4 puolen tunnin ajan Helsingiss\u00e4 raiteille&hellip;\n","protected":false},"author":2,"featured_media":100871,"comment_status":"","ping_status":"","sticky":false,"template":"","format":"standard","meta":{"footnotes":""},"categories":[117],"tags":[33,31,30,72,476,118,32,119,477],"class_list":{"0":"post-100870","1":"post","2":"type-post","3":"status-publish","4":"format-standard","5":"has-post-thumbnail","7":"category-luonto","8":"tag-fi","9":"tag-finland","10":"tag-finnish","11":"tag-luonto","12":"tag-nature","13":"tag-science","14":"tag-suomi","15":"tag-tiede","16":"tag-wildlife"},"share_on_mastodon":{"url":"https:\/\/pubeurope.com\/@fi\/115617961305070171","error":""},"_links":{"self":[{"href":"https:\/\/www.europesays.com\/fi\/wp-json\/wp\/v2\/posts\/100870","targetHints":{"allow":["GET"]}}],"collection":[{"href":"https:\/\/www.europesays.com\/fi\/wp-json\/wp\/v2\/posts"}],"about":[{"href":"https:\/\/www.europesays.com\/fi\/wp-json\/wp\/v2\/types\/post"}],"author":[{"embeddable":true,"href":"https:\/\/www.europesays.com\/fi\/wp-json\/wp\/v2\/users\/2"}],"replies":[{"embeddable":true,"href":"https:\/\/www.europesays.com\/fi\/wp-json\/wp\/v2\/comments?post=100870"}],"version-history":[{"count":0,"href":"https:\/\/www.europesays.com\/fi\/wp-json\/wp\/v2\/posts\/100870\/revisions"}],"wp:featuredmedia":[{"embeddable":true,"href":"https:\/\/www.europesays.com\/fi\/wp-json\/wp\/v2\/media\/100871"}],"wp:attachment":[{"href":"https:\/\/www.europesays.com\/fi\/wp-json\/wp\/v2\/media?parent=100870"}],"wp:term":[{"taxonomy":"category","embeddable":true,"href":"https:\/\/www.europesays.com\/fi\/wp-json\/wp\/v2\/categories?post=100870"},{"taxonomy":"post_tag","embeddable":true,"href":"https:\/\/www.europesays.com\/fi\/wp-json\/wp\/v2\/tags?post=100870"}],"curies":[{"name":"wp","href":"https:\/\/api.w.org\/{rel}","templated":true}]}}