{"id":100872,"date":"2025-11-26T20:57:09","date_gmt":"2025-11-26T20:57:09","guid":{"rendered":"https:\/\/www.europesays.com\/fi\/100872\/"},"modified":"2025-11-26T20:57:09","modified_gmt":"2025-11-26T20:57:09","slug":"inna-tahtinen-julkaisi-kuvan-indonesialaisesta-sairaalasta-lomareissu-sai-surkean-lopun","status":"publish","type":"post","link":"https:\/\/www.europesays.com\/fi\/100872\/","title":{"rendered":"Inna T\u00e4htinen julkaisi kuvan indonesialaisesta sairaalasta \u2013 lomareissu sai surkean lopun"},"content":{"rendered":"<p>Inna T\u00e4htisen piti palata Balilta Suomeen. Kohtalo p\u00e4\u00e4tti toisin.<\/p>\n<p class=\"article-body mb-nof-24 px-nof-16\">Miss Helsinki 2020 <a class=\"article-personlink\" href=\"https:\/\/www.is.fi\/haku\/?query=Inna%20T%C3%A4htinen\" rel=\"nofollow noopener\" target=\"_blank\">Inna T\u00e4htinen<\/a> on lomaillut Balilla Indonesiassa.<\/p>\n<p class=\"article-body mb-nof-24 px-nof-16\">H\u00e4nen piti jo palata Suomeen.<\/p>\n<p class=\"article-body mb-nof-24 px-nof-16\">Kohtalo p\u00e4\u00e4tti toisin.<\/p>\n<p class=\"article-body mb-nof-24 px-nof-16\">Nimitt\u00e4in: missi sairastui \u00e4rh\u00e4kk\u00e4\u00e4n vatsatautiin.<\/p>\n<p class=\"article-body mb-nof-24 px-nof-16\">\u2013 Ei oo pysynyt mik\u00e4\u00e4n sis\u00e4ll\u00e4 viimeiseen vuorokauteen. Vointi on hutera, kuumeinen, vatsa ihan super kipe\u00e4 ja itkett\u00e4\u00e4, h\u00e4n valitteli <a class=\"article-genericlink\" href=\"https:\/\/www.instagram.com\/stories\/innatahtinen\/\" rel=\"nofollow noopener\" target=\"_blank\">Instagram-tarinoissaan<\/a> tiistain ja keskiviikon v\u00e4lisen\u00e4 y\u00f6n\u00e4 26. marraskuuta.<\/p>\n<p class=\"article-body mb-nof-24 px-nof-16\">Lopputulos oli karu:<\/p>\n<p class=\"article-body mb-nof-24 px-nof-16\">\u2013 Ei muuta kuin tippaa tyt\u00f6lle, h\u00e4n kirjoittaa tarinassa.<\/p>\n<p class=\"article-body mb-nof-24 px-nof-16\">Taustalla on kuva sairaalasta. Seuraavassa tarinassa nainen jo makaakin sairaalapedill\u00e4. Kolmen tunnin tiputushoidon j\u00e4lkeen olo oli jo parempi, mutta sairaalahenkil\u00f6kunta ei p\u00e4\u00e4st\u00e4nyt T\u00e4htist\u00e4 pois.<\/p>\n<p class=\"article-body mb-nof-24 px-nof-16\">N\u00e4in ollen paluulento lykk\u00e4\u00e4ntyi. Matka Balilta kotiin kest\u00e4\u00e4 ainakin 19 ja puoli tuntia.<\/p>\n<p class=\"article-body mb-nof-24 px-nof-16\">\u2013 Potilas ei ole kunnossa lent\u00e4m\u00e4\u00e4n, l\u00e4\u00e4k\u00e4rilausunnossa kirjoitetaan.<\/p>\n<p class=\"article-body mb-nof-24 px-nof-16\">T\u00e4htinen on julkaissut sairaalareissustaan my\u00f6s <a class=\"article-genericlink\" href=\"https:\/\/www.instagram.com\/p\/DRhWVYgEk-a\/\" rel=\"nofollow noopener\" target=\"_blank\">kuvasarjan<\/a>. Satsin ensimm\u00e4inen kuva on tosin bikinikuva rannalta. Kuvassa n\u00e4kyy T\u00e4htisen missiyst\u00e4v\u00e4n <a class=\"article-personlink\" href=\"https:\/\/www.is.fi\/haku\/?query=Emmi%20Suurosen\" rel=\"nofollow noopener\" target=\"_blank\">Emmi Suurosen<\/a> takapuoli.<\/p>\n<p class=\"article-body mb-nof-24 px-nof-16\">\u2013 Emmi Suurosen berberi sopii paremmin fiidiin kuin masutauti-Inna, h\u00e4n perustelee tarinassaan.<\/p>\n<p class=\"article-body mb-nof-24 px-nof-16\">\u2013 Just nyt mun ois pit\u00e4nyt istua koneessa kohti kotisuomea. El\u00e4m\u00e4 yll\u00e4tti, ja nyt sit\u00e4 toivutaan pikku masutaudista. Uusi yritys huomenna\/ylihuomenna, h\u00e4n kirjoittaa kuvatekstiss\u00e4.<\/p>\n<p class=\"article-body mb-nof-24 px-nof-16\">Muun muassa Emmi Suuronen on reagoinut p\u00e4ivitykseen liikuttuneella hymi\u00f6ll\u00e4 sek\u00e4 syd\u00e4mill\u00e4.<\/p>\n<p class=\"article-body mb-nof-24 px-nof-16\">Somevaikuttaja <a class=\"article-personlink\" href=\"https:\/\/www.is.fi\/haku\/?query=Kata%20K%C3%A4m%C3%A4r%C3%A4inen\" rel=\"nofollow noopener\" target=\"_blank\">Kata K\u00e4m\u00e4r\u00e4inen<\/a>, jonka kanssa T\u00e4htinen on my\u00f6s viett\u00e4nyt reissuaan, n\u00e4kee asiassa hopeareunuksen:<\/p>\n<p class=\"article-body mb-nof-24 px-nof-16\">\u2013 T\u00e4\u00e4 oli universumin valinta ett\u00e4 sain pit\u00e4\u00e4 sut t\u00e4\u00e4ll\u00e4 pari p\u00e4iv\u00e4\u00e4 pidemp\u00e4\u00e4n, h\u00e4n kirjoittaa.<\/p>\n<p><script async src=\"\/\/www.instagram.com\/embed.js\"><\/script><\/p>\n","protected":false},"excerpt":{"rendered":"Inna T\u00e4htisen piti palata Balilta Suomeen. Kohtalo p\u00e4\u00e4tti toisin. Miss Helsinki 2020 Inna T\u00e4htinen on lomaillut Balilla Indonesiassa.&hellip;\n","protected":false},"author":2,"featured_media":100873,"comment_status":"","ping_status":"","sticky":false,"template":"","format":"standard","meta":{"footnotes":""},"categories":[136],"tags":[407,137,33,31,30,34,408,32,109],"class_list":{"0":"post-100872","1":"post","2":"type-post","3":"status-publish","4":"format-standard","5":"has-post-thumbnail","7":"category-julkkikset","8":"tag-celebrities","9":"tag-entertainment","10":"tag-fi","11":"tag-finland","12":"tag-finnish","13":"tag-ilta-sanomat","14":"tag-julkkikset","15":"tag-suomi","16":"tag-viihde"},"share_on_mastodon":{"url":"https:\/\/pubeurope.com\/@fi\/115618004681024544","error":""},"_links":{"self":[{"href":"https:\/\/www.europesays.com\/fi\/wp-json\/wp\/v2\/posts\/100872","targetHints":{"allow":["GET"]}}],"collection":[{"href":"https:\/\/www.europesays.com\/fi\/wp-json\/wp\/v2\/posts"}],"about":[{"href":"https:\/\/www.europesays.com\/fi\/wp-json\/wp\/v2\/types\/post"}],"author":[{"embeddable":true,"href":"https:\/\/www.europesays.com\/fi\/wp-json\/wp\/v2\/users\/2"}],"replies":[{"embeddable":true,"href":"https:\/\/www.europesays.com\/fi\/wp-json\/wp\/v2\/comments?post=100872"}],"version-history":[{"count":0,"href":"https:\/\/www.europesays.com\/fi\/wp-json\/wp\/v2\/posts\/100872\/revisions"}],"wp:featuredmedia":[{"embeddable":true,"href":"https:\/\/www.europesays.com\/fi\/wp-json\/wp\/v2\/media\/100873"}],"wp:attachment":[{"href":"https:\/\/www.europesays.com\/fi\/wp-json\/wp\/v2\/media?parent=100872"}],"wp:term":[{"taxonomy":"category","embeddable":true,"href":"https:\/\/www.europesays.com\/fi\/wp-json\/wp\/v2\/categories?post=100872"},{"taxonomy":"post_tag","embeddable":true,"href":"https:\/\/www.europesays.com\/fi\/wp-json\/wp\/v2\/tags?post=100872"}],"curies":[{"name":"wp","href":"https:\/\/api.w.org\/{rel}","templated":true}]}}