{"id":100913,"date":"2025-11-26T22:01:11","date_gmt":"2025-11-26T22:01:11","guid":{"rendered":"https:\/\/www.europesays.com\/fi\/100913\/"},"modified":"2025-11-26T22:01:11","modified_gmt":"2025-11-26T22:01:11","slug":"nyt-kyseenalaisti-trumpin-kestavyyden-presidentti-kilahti-toimittaja-on-ruma-sisalta-ja-ulkoa-uutissuomalainen","status":"publish","type":"post","link":"https:\/\/www.europesays.com\/fi\/100913\/","title":{"rendered":"NYT kyseenalaisti Trumpin kest\u00e4vyyden, presidentti kilahti: &#8221;Toimittaja on ruma sis\u00e4lt\u00e4 ja ulkoa&#8221; | Uutissuomalainen"},"content":{"rendered":"<p>The New York Timesin tiistaina julkaisema <a href=\"https:\/\/www.nytimes.com\/2025\/11\/25\/us\/politics\/trump-age-health.html\" rel=\"nofollow noopener\" target=\"_blank\">artikkeli<\/a> on her\u00e4tt\u00e4nyt presidentti <strong>Donald Trumpin<\/strong> raivon.<\/p>\n<p><strong>Katie Rogersin<\/strong> ja <strong>Dylan Freedmanin<\/strong> artikkelissa esitettiin, ett\u00e4 presidentin kest\u00e4vyys ja energia on hiipumaan p\u00e4in. Artikkelissa pureuduttiin muun muassa Trumpin hiljalleen v\u00e4hentyviin julkisiin esiintymisiin, jotka ajoittuvat p\u00e4\u00e4asiassa iltap\u00e4iv\u00e4n tunteihin, sek\u00e4 niihin kertoihin, jolloin h\u00e4n on vaikuttanut nukahtavan kameroiden edess\u00e4.<\/p>\n<p>My\u00f6s Trumpin haluttomuus kertoa yksityiskohtia terveystiedoistaan nostettiin artikkelissa esiin.<\/p>\n<p>\u2013\u2009Ep\u00e4onnistuneen New York Timesin hyypi\u00f6t ovat taas vauhdissa, aloittaa Trump keskiviikkona julkaisemansa Truth Social &#8211;<a href=\"https:\/\/truthsocial.com\/@realDonaldTrump\/posts\/115615998120894392\" rel=\"nofollow noopener\" target=\"_blank\">postauksen<\/a>.<\/p>\n<p>T\u00e4m\u00e4n j\u00e4lkeen h\u00e4n listaa pitk\u00e4sti saavutuksinaan pit\u00e4mi\u00e4\u00e4n asioita, kuten usein lausumansa v\u00e4itteen kahdeksan sodan p\u00e4\u00e4tt\u00e4misest\u00e4.<\/p>\n<p>\u2013\u2009Kaikki t\u00e4m\u00e4 vaatii paljon ty\u00f6t\u00e4 ja energiaa, enk\u00e4 ole koskaan ty\u00f6skennellyt n\u00e4in rankasti. Silti radikaalit vasemmistokahjot kohta kaatuvassa New York Timesissa julkaisivat minusta roskajutun, ett\u00e4 energiani olisivat lopussa, vaikka faktat osoittavat muuta, presidentti kirjoittaa.<\/p>\n<p>Trump sanoo kaiken NYT:n h\u00e4nest\u00e4 kirjoittaman olevan negatiivista, ja kutsuu lehte\u00e4 &#8221;r\u00e4\u00e4syksi&#8221; ja &#8221;kansan viholliseksi&#8221;.<\/p>\n<p>\u2013\u2009Jutun kirjoittaja Katie Rogers, jolle on annettu teht\u00e4v\u00e4ksi kirjoittaa ainoastaan negatiivisia juttuja minusta, on kolmosluokan toimittaja, joka on ruma sis\u00e4lt\u00e4 ja ulkoa.<\/p>\n<p>Jutun toista kirjoittajaa Dylan Freedmania Trump ei mainitse nimelt\u00e4. Postaus sis\u00e4lt\u00e4\u00e4 runsaasti caps lockilla kirjoitettua teksti\u00e4 ja kirjoitusvirheit\u00e4.<\/p>\n<p>Ukrainan rauhanprosessin etenemisest\u00e4 Trump on viimeksi postannut eilen.<\/p>\n","protected":false},"excerpt":{"rendered":"The New York Timesin tiistaina julkaisema artikkeli on her\u00e4tt\u00e4nyt presidentti Donald Trumpin raivon. Katie Rogersin ja Dylan Freedmanin&hellip;\n","protected":false},"author":2,"featured_media":100914,"comment_status":"","ping_status":"","sticky":false,"template":"","format":"standard","meta":{"footnotes":""},"categories":[14],"tags":[22,23,585,26,27,33,31,30,17,24,25,28,29,15,18,21,142,637,144,32,19,20,549,56,16,638,59,60,61,143],"class_list":{"0":"post-100913","1":"post","2":"type-post","3":"status-publish","4":"format-standard","5":"has-post-thumbnail","7":"category-ulkomaat","8":"tag-breaking-news","9":"tag-breakingnews","10":"tag-donald-trump","11":"tag-featured-news","12":"tag-featurednews","13":"tag-fi","14":"tag-finland","15":"tag-finnish","16":"tag-headlines","17":"tag-latest-news","18":"tag-latestnews","19":"tag-main-news","20":"tag-mainnews","21":"tag-news","22":"tag-otsikot","23":"tag-paauutiset","24":"tag-poliitikot","25":"tag-politiikka","26":"tag-presidentti","27":"tag-suomi","28":"tag-top-stories","29":"tag-topstories","30":"tag-ukrainan-sota","31":"tag-ulkomaat","32":"tag-uutiset","33":"tag-valtiovalta","34":"tag-world","35":"tag-world-news","36":"tag-worldnews","37":"tag-yhdysvaltain-politiikka"},"share_on_mastodon":{"url":"https:\/\/pubeurope.com\/@fi\/115618256258175303","error":""},"_links":{"self":[{"href":"https:\/\/www.europesays.com\/fi\/wp-json\/wp\/v2\/posts\/100913","targetHints":{"allow":["GET"]}}],"collection":[{"href":"https:\/\/www.europesays.com\/fi\/wp-json\/wp\/v2\/posts"}],"about":[{"href":"https:\/\/www.europesays.com\/fi\/wp-json\/wp\/v2\/types\/post"}],"author":[{"embeddable":true,"href":"https:\/\/www.europesays.com\/fi\/wp-json\/wp\/v2\/users\/2"}],"replies":[{"embeddable":true,"href":"https:\/\/www.europesays.com\/fi\/wp-json\/wp\/v2\/comments?post=100913"}],"version-history":[{"count":0,"href":"https:\/\/www.europesays.com\/fi\/wp-json\/wp\/v2\/posts\/100913\/revisions"}],"wp:featuredmedia":[{"embeddable":true,"href":"https:\/\/www.europesays.com\/fi\/wp-json\/wp\/v2\/media\/100914"}],"wp:attachment":[{"href":"https:\/\/www.europesays.com\/fi\/wp-json\/wp\/v2\/media?parent=100913"}],"wp:term":[{"taxonomy":"category","embeddable":true,"href":"https:\/\/www.europesays.com\/fi\/wp-json\/wp\/v2\/categories?post=100913"},{"taxonomy":"post_tag","embeddable":true,"href":"https:\/\/www.europesays.com\/fi\/wp-json\/wp\/v2\/tags?post=100913"}],"curies":[{"name":"wp","href":"https:\/\/api.w.org\/{rel}","templated":true}]}}