{"id":100917,"date":"2025-11-26T22:03:09","date_gmt":"2025-11-26T22:03:09","guid":{"rendered":"https:\/\/www.europesays.com\/fi\/100917\/"},"modified":"2025-11-26T22:03:09","modified_gmt":"2025-11-26T22:03:09","slug":"auto-leimahti-liekkeihin-omistaja-hyppasi-rattiin","status":"publish","type":"post","link":"https:\/\/www.europesays.com\/fi\/100917\/","title":{"rendered":"Auto leimahti liekkeihin \u2013 Omistaja hypp\u00e4si rattiin"},"content":{"rendered":"<p>Henkil\u00f6auto tuhoutui t\u00e4ysin palossa Polvij\u00e4rvell\u00e4. Omistajan toiminta esti suuremmat taloudelliset vauriot, kertoo Pohjois-Karjalan pelastuslaitos.<\/p>\n<p><img decoding=\"async\" class=\"image image-show image-preview\" src=\"https:\/\/www.europesays.com\/fi\/wp-content\/uploads\/2025\/11\/8a9189964775184d25be6cbe61c8a5759000617c3c70f117a6d766403adcf477.jpg\" alt=\"\"\/><img decoding=\"async\" class=\"image image-show\" src=\"https:\/\/www.europesays.com\/fi\/wp-content\/uploads\/2025\/11\/1764194589_185_8a9189964775184d25be6cbe61c8a5759000617c3c70f117a6d766403adcf477.jpg\" alt=\"\"\/><\/p>\n<p>Syttymissyyst\u00e4 ei ole toistaiseksi tietoa. Kuvituskuva. paulus pitkala<\/p>\n<p class=\"paragraph\">Henkil\u00f6auto tuhoutui t\u00e4ysin tulipalossa Polvij\u00e4rvell\u00e4, kertoo <a href=\"https:\/\/otiedote.fi\/release_view\/2828\" rel=\"noopener nofollow\" target=\"_blank\">Pohjois-Karjalan pelastuslaitos<\/a>. Pelastuslaitos sai h\u00e4lytyksen keskiviikkona kello 17.27.<\/p>\n<p class=\"paragraph\">Palon huomasi auton omistaja, joka oli tullut t\u00f6ist\u00e4. H\u00e4n oli pys\u00e4k\u00f6inyt auton talon viereen. Sis\u00e4ll\u00e4 talossa h\u00e4n huomasi, ett\u00e4 auton konepellin alta tulee voimakkaasti savua.<\/p>\n<p class=\"paragraph\">Omistaja juoksi autolle, sai sen k\u00e4yntiin ja peruutti jo tulessa olleen auton neuvokkaasti kauemmaksi rakennuksesta.<\/p>\n<p class=\"paragraph\">Onnettomuudessa ei syntynyt henkil\u00f6vahinkoja, eik\u00e4 l\u00e4heinen rakennus vaurioitunut. Pelastuslaitos sammutti henkil\u00f6auton ja varmisti, ettei palo p\u00e4\u00e4ssyt levi\u00e4m\u00e4\u00e4n l\u00e4heiseen rakennukseen sek\u00e4 imeytti onnettomuusautosta valuneita \u00f6ljyj\u00e4. Syttymissyyst\u00e4 ei ole tietoa.<\/p>\n","protected":false},"excerpt":{"rendered":"Henkil\u00f6auto tuhoutui t\u00e4ysin palossa Polvij\u00e4rvell\u00e4. Omistajan toiminta esti suuremmat taloudelliset vauriot, kertoo Pohjois-Karjalan pelastuslaitos. Syttymissyyst\u00e4 ei ole toistaiseksi&hellip;\n","protected":false},"author":2,"featured_media":100918,"comment_status":"","ping_status":"","sticky":false,"template":"","format":"standard","meta":{"footnotes":""},"categories":[5],"tags":[35,22,23,26,27,33,31,30,17,24,25,121,28,29,15,120,18,21,122,32,128,19,20,1265,16],"class_list":{"0":"post-100917","1":"post","2":"type-post","3":"status-publish","4":"format-standard","5":"has-post-thumbnail","7":"category-otsikot","8":"tag-24h","9":"tag-breaking-news","10":"tag-breakingnews","11":"tag-featured-news","12":"tag-featurednews","13":"tag-fi","14":"tag-finland","15":"tag-finnish","16":"tag-headlines","17":"tag-latest-news","18":"tag-latestnews","19":"tag-liikenne-ja-kuljetus","20":"tag-main-news","21":"tag-mainnews","22":"tag-news","23":"tag-onnettomuustapaus","24":"tag-otsikot","25":"tag-paauutiset","26":"tag-pelastaminen","27":"tag-suomi","28":"tag-tieliikenne","29":"tag-top-stories","30":"tag-topstories","31":"tag-tulipalot","32":"tag-uutiset"},"share_on_mastodon":{"url":"https:\/\/pubeurope.com\/@fi\/115618264282902044","error":""},"_links":{"self":[{"href":"https:\/\/www.europesays.com\/fi\/wp-json\/wp\/v2\/posts\/100917","targetHints":{"allow":["GET"]}}],"collection":[{"href":"https:\/\/www.europesays.com\/fi\/wp-json\/wp\/v2\/posts"}],"about":[{"href":"https:\/\/www.europesays.com\/fi\/wp-json\/wp\/v2\/types\/post"}],"author":[{"embeddable":true,"href":"https:\/\/www.europesays.com\/fi\/wp-json\/wp\/v2\/users\/2"}],"replies":[{"embeddable":true,"href":"https:\/\/www.europesays.com\/fi\/wp-json\/wp\/v2\/comments?post=100917"}],"version-history":[{"count":0,"href":"https:\/\/www.europesays.com\/fi\/wp-json\/wp\/v2\/posts\/100917\/revisions"}],"wp:featuredmedia":[{"embeddable":true,"href":"https:\/\/www.europesays.com\/fi\/wp-json\/wp\/v2\/media\/100918"}],"wp:attachment":[{"href":"https:\/\/www.europesays.com\/fi\/wp-json\/wp\/v2\/media?parent=100917"}],"wp:term":[{"taxonomy":"category","embeddable":true,"href":"https:\/\/www.europesays.com\/fi\/wp-json\/wp\/v2\/categories?post=100917"},{"taxonomy":"post_tag","embeddable":true,"href":"https:\/\/www.europesays.com\/fi\/wp-json\/wp\/v2\/tags?post=100917"}],"curies":[{"name":"wp","href":"https:\/\/api.w.org\/{rel}","templated":true}]}}