{"id":100938,"date":"2025-11-26T22:39:09","date_gmt":"2025-11-26T22:39:09","guid":{"rendered":"https:\/\/www.europesays.com\/fi\/100938\/"},"modified":"2025-11-26T22:39:09","modified_gmt":"2025-11-26T22:39:09","slug":"kaikki-samsung-laitteet-jotka-ovat-jo-saaneet-marraskuun-2025-tietoturvapaivityksen-samsung-magazine","status":"publish","type":"post","link":"https:\/\/www.europesays.com\/fi\/100938\/","title":{"rendered":"Kaikki Samsung-laitteet, jotka ovat jo saaneet marraskuun 2025 tietoturvap\u00e4ivityksen \u2013 Samsung Magazine"},"content":{"rendered":"<p class=\"gt-block\">Marraskuun 2025 tietoturvap\u00e4ivitys sis\u00e4lt\u00e4\u00e4 korjauksia yli 45 Samsungin ja Googlen haavoittuvuuteen. Sen asentaminen on yksi helpoimmista tavoista suojata laitteesi digitaalisilta uhilta. T\u00e4ss\u00e4 on luettelo kaikista Samsungin laitteista, jotka ovat jo saaneet korealaiselta j\u00e4ttil\u00e4iselt\u00e4 uusimman tietoturvakorjauksen.\u00a0<\/p>\n<p class=\"gt-block\">Kaksi haavoittuvuuksista on luokiteltu kriittisiksi, kun taas loput ovat korkean riskin haavoittuvuuksia. Kahdesta kriittisest\u00e4 haavoittuvuudesta toinen vaikuttaa Android-versioihin versioon 13 asti, kun taas toinen koskee vain Android 16:ta. P\u00e4ivitys sis\u00e4lt\u00e4\u00e4 my\u00f6s korjauksia Samsungin omista ohjelmistoista l\u00f6yt\u00e4miin virheisiin, jotka vaikuttavat vain laitteisiin. Galaxy, niit\u00e4 on yhteens\u00e4 yhdeks\u00e4n. Kolme niist\u00e4 on merkitty eritt\u00e4in vaarallisiksi ja yksi kohtalaisen vaarallisiksi.\u00a0<\/p>\n<p>Samsungin marraskuun tietoturvap\u00e4ivitys on saatavilla n\u00e4ille laitteille 25. marraskuuta alkaen\u00a0<br \/>\n<b>Neuvoja\u00a0Galaxy\u00a0S<\/b>\u00a0<\/p>\n<ul>\n<li>Galaxy\u00a0S25,\u00a0Galaxy\u00a0S25+,\u00a0Galaxy\u00a0S25\u00a0Edge,\u00a0Galaxy\u00a0S25 Ultra\u00a0\u00a0<\/li>\n<li>Galaxy\u00a0S24,\u00a0Galaxy\u00a0S24+,\u00a0Galaxy\u00a0S24 Ultra\u00a0<\/li>\n<li>Galaxy\u00a0S23,\u00a0Galaxy\u00a0S23+,\u00a0Galaxy\u00a0S23 Ultra\u00a0<\/li>\n<li>Galaxy\u00a0S25FE\u00a0<\/li>\n<li>Galaxy\u00a0S24FE\u00a0<\/li>\n<li>Galaxy\u00a0S23FE\u00a0<\/li>\n<\/ul>\n<p><b>Neuvoja\u00a0Galaxy\u00a0Z<\/b>\u00a0<\/p>\n<ul>\n<li>Galaxy\u00a0Z Fold7,\u00a0Galaxy\u00a0Z Flip7\u00a0<\/li>\n<li>Galaxy\u00a0Z Fold6,\u00a0Galaxy\u00a0Z Flip6\u00a0<\/li>\n<li>Galaxy\u00a0Z Fold5,\u00a0Galaxy\u00a0Z Flip5\u00a0<\/li>\n<\/ul>\n<p><b>Neuvoja\u00a0Galaxy\u00a0A<\/b>\u00a0<\/p>\n<ul>\n<li>Galaxy\u00a0A06\u00a0<\/li>\n<li>Galaxy\u00a0A17\u00a0<\/li>\n<li>Galaxy\u00a0A36 5g\u00a0<\/li>\n<li>Galaxy\u00a0A13 5g\u00a0<\/li>\n<li>Galaxy\u00a0A54\u00a0<\/li>\n<li>Galaxy\u00a0A26\u00a0<\/li>\n<li>Galaxy\u00a0A15 5G, A15 4G, A16 4G\u00a0<\/li>\n<li>Galaxy\u00a0A56\u00a0<\/li>\n<li>Galaxy\u00a0A24\u00a0<\/li>\n<\/ul>\n<p><b>Neuvoja\u00a0Galaxy\u00a0M<\/b>\u00a0<\/p>\n<ul>\n<li>Galaksi M23\u00a0<\/li>\n<li>Galaksi M56\u00a0<\/li>\n<li>Galaksi M17\u00a0<\/li>\n<\/ul>\n<p class=\"gt-block\"><b>Neuvoja\u00a0Galaxy\u00a0F<\/b>\u00a0<\/p>\n<ul>\n<li>Galaxy\u00a0F17\u00a0<\/li>\n<li>Galaxy\u00a0Xcover\u00a0<\/li>\n<li>Galaxy\u00a0XCover 6 Pro\u00a0<\/li>\n<li>Galaxy\u00a0XCover 7,\u00a0Galaxy\u00a0XCover 7 Pro\u00a0<\/li>\n<li>Galaxy\u00a0Katso\u00a0<\/li>\n<li>Galaxy\u00a0Katso 8,\u00a0Galaxy\u00a0Katso 8 Klassikko\u00a0<\/li>\n<li>Galaxy\u00a0Katso 7\u00a0<\/li>\n<\/ul>\n<p><b>Galaxy\u00a0Kieleke<\/b>\u00a0<\/p>\n<ul>\n<li>Galaxy\u00a0V\u00e4lilehti S11,\u00a0Galaxy\u00a0V\u00e4lilehti S11 Ultra\u00a0<\/li>\n<\/ul>\n<p class=\"gt-block\">Jos laitteesi on yll\u00e4 olevassa luettelossa, siirry osoitteeseen\u00a0Asetukset -&gt; Ohjelmistop\u00e4ivitys -&gt; Lataa ja asennaJos sit\u00e4 ei ole listalla ja laitteesi on oikeutettu, p\u00e4ivitys pit\u00e4isi saapua pian.<\/p>\n","protected":false},"excerpt":{"rendered":"Marraskuun 2025 tietoturvap\u00e4ivitys sis\u00e4lt\u00e4\u00e4 korjauksia yli 45 Samsungin ja Googlen haavoittuvuuteen. Sen asentaminen on yksi helpoimmista tavoista suojata&hellip;\n","protected":false},"author":2,"featured_media":1627,"comment_status":"","ping_status":"","sticky":false,"template":"","format":"standard","meta":{"footnotes":""},"categories":[86],"tags":[420,33,31,30,421,32,91,92],"class_list":{"0":"post-100938","1":"post","2":"type-post","3":"status-publish","4":"format-standard","5":"has-post-thumbnail","7":"category-laitteet","8":"tag-equipment","9":"tag-fi","10":"tag-finland","11":"tag-finnish","12":"tag-laitteet","13":"tag-suomi","14":"tag-technology","15":"tag-teknologia"},"share_on_mastodon":{"url":"https:\/\/pubeurope.com\/@fi\/115618405611221658","error":""},"_links":{"self":[{"href":"https:\/\/www.europesays.com\/fi\/wp-json\/wp\/v2\/posts\/100938","targetHints":{"allow":["GET"]}}],"collection":[{"href":"https:\/\/www.europesays.com\/fi\/wp-json\/wp\/v2\/posts"}],"about":[{"href":"https:\/\/www.europesays.com\/fi\/wp-json\/wp\/v2\/types\/post"}],"author":[{"embeddable":true,"href":"https:\/\/www.europesays.com\/fi\/wp-json\/wp\/v2\/users\/2"}],"replies":[{"embeddable":true,"href":"https:\/\/www.europesays.com\/fi\/wp-json\/wp\/v2\/comments?post=100938"}],"version-history":[{"count":0,"href":"https:\/\/www.europesays.com\/fi\/wp-json\/wp\/v2\/posts\/100938\/revisions"}],"wp:featuredmedia":[{"embeddable":true,"href":"https:\/\/www.europesays.com\/fi\/wp-json\/wp\/v2\/media\/1627"}],"wp:attachment":[{"href":"https:\/\/www.europesays.com\/fi\/wp-json\/wp\/v2\/media?parent=100938"}],"wp:term":[{"taxonomy":"category","embeddable":true,"href":"https:\/\/www.europesays.com\/fi\/wp-json\/wp\/v2\/categories?post=100938"},{"taxonomy":"post_tag","embeddable":true,"href":"https:\/\/www.europesays.com\/fi\/wp-json\/wp\/v2\/tags?post=100938"}],"curies":[{"name":"wp","href":"https:\/\/api.w.org\/{rel}","templated":true}]}}