{"id":100939,"date":"2025-11-26T22:41:11","date_gmt":"2025-11-26T22:41:11","guid":{"rendered":"https:\/\/www.europesays.com\/fi\/100939\/"},"modified":"2025-11-26T22:41:11","modified_gmt":"2025-11-26T22:41:11","slug":"katri-niskanen-kertoo-millainen-on-aitina","status":"publish","type":"post","link":"https:\/\/www.europesays.com\/fi\/100939\/","title":{"rendered":"Katri Niskanen kertoo, millainen on \u00e4itin\u00e4"},"content":{"rendered":"<p class=\"ingress\">Muotisuunnittelija Katri Niskanen on saanut aina tukea muusikkopuolisoltaan. &#8221;Totta kai se toimii molempiin suuntiin.&#8221;<\/p>\n<p>Upeista iltapuvuistaan tunnettu<strong> Katri Niskanen<\/strong> juhlisti viisitoistavuotista uraansa. Se k\u00e4ynnistyi todenteolla Muodin huipulla -ohjelman voitosta.<\/p>\n<p>\u201dSeuraavana vuonna aloin suunnitella mallistoja ja avasin myym\u00e4l\u00e4n Helsinkiin\u201d, Katri kertoi uransa 15-vuotisjuhlassa G18 -juhlatilassa Helsingiss\u00e4.<\/p>\n<p>Katrilla on riitt\u00e4nyt asiakkaita, ja aika on mennyt intohimoty\u00f6ss\u00e4 nopeasti. Silti aina ei ole ollut helppoa.<br \/>\u201dMotivaationpuutetta en ole koskaan kokenut, mutta v\u00e4lill\u00e4 on ollut rankkoja p\u00e4ivi\u00e4 ja vuosia. V\u00e4lill\u00e4 menn\u00e4\u00e4n yl\u00f6s ja v\u00e4lill\u00e4 alas\u2009\u2013\u2009luovuudessa itsess\u00e4\u00e4n on ne samat aallot.\u201d<\/p>\n<p>\u201dOn ollut t\u00e4rke\u00e4\u00e4, ett\u00e4 minulla on my\u00f6s yksityinen puoli\u201d<\/p>\n<p>Huippuhiiht\u00e4j\u00e4perheess\u00e4 kasvanut Katri on pit\u00e4nyt oman ydinperheens\u00e4 parrasvalojen ulkopuolella. H\u00e4nell\u00e4 on kaksi lasta Egotrippi-\u00adb\u00e4ndist\u00e4 tutun muusikon <strong>Niklas Variston<\/strong> kanssa.<\/p>\n<p>\u201dOn ollut t\u00e4rke\u00e4\u00e4, ett\u00e4 minulla on my\u00f6s yksityinen puoli. Olen kuitenkin tosi paljon t\u00f6ill\u00e4ni esill\u00e4. Se on tuntunut todella hyv\u00e4lt\u00e4 ratkaisulta.\u201d<\/p>\n<p>Pitkien ty\u00f6p\u00e4ivien j\u00e4lkeen Katri arvostaa kotiruokaa, yhteisi\u00e4 aterioita ja muutenkin yhdess\u00e4oloa.<\/p>\n<p>\u201dOlen ihan hyv\u00e4 \u00e4iti, ja muutenkin perhekeskeinen. Puolisoltani olen saanut t\u00e4yden tuen. Luovana ihmisen\u00e4 h\u00e4n tiet\u00e4\u00e4 flow-tilani. Saan uppoutua siihen niin pitk\u00e4ksi aikaa kuin tarvitsee. H\u00e4n lukee hyvin tilanteita, ja totta kai se toimii molempiin suuntiin. Se on ollut minulle \u00e4\u00e4rett\u00f6m\u00e4n t\u00e4rke\u00e4\u00e4.\u201d<\/p>\n<p>    Sinua voi kiinnostaa my\u00f6s:<\/p>\n<ol class=\"read-also__list\">\n<li>\n<p>            <img loading=\"lazy\" decoding=\"async\" class=\"card__image awpo-lqip awpo-lazy\" width=\"2000\" height=\"1500\" src=\"https:\/\/www.europesays.com\/fi\/wp-content\/uploads\/2025\/11\/dscf4839.jpg\"\/>                <a href=\"https:\/\/anna.fi\/kategoria\/ihmiset\" class=\"card__vignette\" rel=\"nofollow noopener\" target=\"_blank\"><br \/>\n            Ihmiset          <\/a><\/p>\n<p>      <a href=\"https:\/\/anna.fi\/ihmiset\/muotisuunnittelija-anne-mari-pahkala-on-glamouria-rakastava-minimalisti\" class=\"card__link-overlay\" rel=\"nofollow noopener\" target=\"_blank\">Muotisuunnittelija Anne-Mari Pahkala rakastaa glamouria \u2013 omassa pukeutumisessaan h\u00e4n vannoo minimalismin nimeen<\/a><\/p>\n<\/li>\n<li>\n<p>            <img loading=\"lazy\" decoding=\"async\" class=\"card__image awpo-lqip awpo-lazy\" width=\"2000\" height=\"1500\" src=\"https:\/\/www.europesays.com\/fi\/wp-content\/uploads\/2025\/11\/dscf6068.jpg\"\/>                <a href=\"https:\/\/anna.fi\/kategoria\/ihmiset\" class=\"card__vignette\" rel=\"nofollow noopener\" target=\"_blank\"><br \/>\n            Ihmiset          <\/a><\/p>\n<p>      <a href=\"https:\/\/anna.fi\/ihmiset\/kun-anni-ruuth-lapsena-kuuli-etta-isa-tulee-kotiin-han-lausui-aidilleen-uhkavaatimuksen\" class=\"card__link-overlay\" rel=\"nofollow noopener\" target=\"_blank\">Muotisuunnittelija Anni Ruuthin lapsuutta varjosti is\u00e4n juominen, 11-vuotiaana h\u00e4n lausui \u00e4idilleen uhkavaatimuksen<\/a><\/p>\n<\/li>\n<li>\n<p>            <img loading=\"lazy\" decoding=\"async\" class=\"card__image awpo-lqip awpo-lazy\" width=\"2520\" height=\"1601\" src=\"https:\/\/www.europesays.com\/fi\/wp-content\/uploads\/2025\/11\/thumbnail_zalando_dvf_campaign_11_2x3.jpg\"\/>                <a href=\"https:\/\/anna.fi\/kategoria\/lifestyle\/muoti\" class=\"card__vignette\" rel=\"nofollow noopener\" target=\"_blank\"><br \/>\n            Muoti          <\/a><\/p>\n<p>      <a href=\"https:\/\/anna.fi\/lifestyle\/muoti\/diane-von-furstenberg\" class=\"card__link-overlay\" rel=\"nofollow noopener\" target=\"_blank\">Muotisuunnittelija Diane von Furstenberg kehitti aikoinaan mekon, joka imartelee jokaista \u2013 t\u00e4llainen se on<\/a><\/p>\n<\/li>\n<\/ol>\n","protected":false},"excerpt":{"rendered":"Muotisuunnittelija Katri Niskanen on saanut aina tukea muusikkopuolisoltaan. &#8221;Totta kai se toimii molempiin suuntiin.&#8221; Upeista iltapuvuistaan tunnettu Katri&hellip;\n","protected":false},"author":2,"featured_media":100940,"comment_status":"","ping_status":"","sticky":false,"template":"","format":"standard","meta":{"footnotes":""},"categories":[136],"tags":[407,137,33,31,30,19367,408,19368,106,19369,32,109],"class_list":{"0":"post-100939","1":"post","2":"type-post","3":"status-publish","4":"format-standard","5":"has-post-thumbnail","7":"category-julkkikset","8":"tag-celebrities","9":"tag-entertainment","10":"tag-fi","11":"tag-finland","12":"tag-finnish","13":"tag-juhlamekot","14":"tag-julkkikset","15":"tag-katri-niskanen","16":"tag-muoti","17":"tag-suomalainen-design","18":"tag-suomi","19":"tag-viihde"},"share_on_mastodon":{"url":"https:\/\/pubeurope.com\/@fi\/115618413653117742","error":""},"_links":{"self":[{"href":"https:\/\/www.europesays.com\/fi\/wp-json\/wp\/v2\/posts\/100939","targetHints":{"allow":["GET"]}}],"collection":[{"href":"https:\/\/www.europesays.com\/fi\/wp-json\/wp\/v2\/posts"}],"about":[{"href":"https:\/\/www.europesays.com\/fi\/wp-json\/wp\/v2\/types\/post"}],"author":[{"embeddable":true,"href":"https:\/\/www.europesays.com\/fi\/wp-json\/wp\/v2\/users\/2"}],"replies":[{"embeddable":true,"href":"https:\/\/www.europesays.com\/fi\/wp-json\/wp\/v2\/comments?post=100939"}],"version-history":[{"count":0,"href":"https:\/\/www.europesays.com\/fi\/wp-json\/wp\/v2\/posts\/100939\/revisions"}],"wp:featuredmedia":[{"embeddable":true,"href":"https:\/\/www.europesays.com\/fi\/wp-json\/wp\/v2\/media\/100940"}],"wp:attachment":[{"href":"https:\/\/www.europesays.com\/fi\/wp-json\/wp\/v2\/media?parent=100939"}],"wp:term":[{"taxonomy":"category","embeddable":true,"href":"https:\/\/www.europesays.com\/fi\/wp-json\/wp\/v2\/categories?post=100939"},{"taxonomy":"post_tag","embeddable":true,"href":"https:\/\/www.europesays.com\/fi\/wp-json\/wp\/v2\/tags?post=100939"}],"curies":[{"name":"wp","href":"https:\/\/api.w.org\/{rel}","templated":true}]}}