{"id":100943,"date":"2025-11-26T22:49:10","date_gmt":"2025-11-26T22:49:10","guid":{"rendered":"https:\/\/www.europesays.com\/fi\/100943\/"},"modified":"2025-11-26T22:49:10","modified_gmt":"2025-11-26T22:49:10","slug":"martti-suosalon-tahdittama-naytelma-pois-teatterilavalta","status":"publish","type":"post","link":"https:\/\/www.europesays.com\/fi\/100943\/","title":{"rendered":"Martti Suosalon t\u00e4hditt\u00e4m\u00e4 n\u00e4ytelm\u00e4 pois teatterilavalta"},"content":{"rendered":"<p>Helsingin kaupunginteatteri kertoo asiasta sosiaalisessa mediassa.<\/p>\n<p><img decoding=\"async\" class=\"image image-show image-preview\" src=\"https:\/\/www.europesays.com\/fi\/wp-content\/uploads\/2025\/11\/21d3b86299aecddf6c0e7711ae1a9aad30a8cd7c1d90f52b952923bab219bf3e.jpg\" alt=\"\"\/><img decoding=\"async\" class=\"image image-show\" src=\"https:\/\/www.europesays.com\/fi\/wp-content\/uploads\/2025\/11\/1764197350_657_21d3b86299aecddf6c0e7711ae1a9aad30a8cd7c1d90f52b952923bab219bf3e.jpg\" alt=\"\"\/><\/p>\n<p>Martti Suosalo ja Mika Nuojua t\u00e4hditt\u00e4v\u00e4t Kivi\u00e4 taskussa -n\u00e4ytelm\u00e4\u00e4. Tapio Vanhatalo<\/p>\n<p class=\"paragraph\">Suosittu Kivi\u00e4 taskussa -n\u00e4ytelm\u00e4 loppuu ensi vuonna.<\/p>\n<p class=\"paragraph\">Helsingin Kaupunginteatteri tiedottaa asiasta sosiaalisen median kanavissaan.<\/p>\n<p class=\"paragraph\">Jos julkaisu ei n\u00e4y, voit katsoa sen <a href=\"https:\/\/www.instagram.com\/p\/DReaFE9jKMn\/\" rel=\"noopener nofollow\" target=\"_blank\">t\u00e4st\u00e4 linkist\u00e4<\/a>.<\/p>\n<p class=\"paragraph\">\u2013 K\u00e4sitt\u00e4m\u00e4t\u00f6n menestysn\u00e4ytelm\u00e4 on naurattanut ja liikuttanut t\u00e4ysi\u00e4 katsomoita jo 23 vuoden ajan \u2013 tauotta! Kivi\u00e4 taskussa on rikkonut enn\u00e4tykset ja on kiistaton osa suomalaista teatterihistoriaa, tiedotteessa kuvataan.<\/p>\n<p class=\"paragraph\">N\u00e4ytelm\u00e4n viimeinen esitys on 10. marraskuuta.<\/p>\n<p class=\"paragraph\">Martti Suosalon ja Mika Nuojuan t\u00e4hditt\u00e4m\u00e4\u00e4 n\u00e4ytelm\u00e4\u00e4 on esitetty yli 23 vuoden ajan. Ensi-iltansa se sai 24. lokakuuta 2002.<\/p>\n<p class=\"paragraph\">N\u00e4ytelm\u00e4 on pisimp\u00e4\u00e4n yht\u00e4jaksoisesti Suomessa esitetty n\u00e4ytelm\u00e4.<\/p>\n<p class=\"paragraph\">N\u00e4ytelm\u00e4n tuhannes esitys n\u00e4hd\u00e4\u00e4n joulukuussa 2025.<\/p>\n<p><script async src=\"\/\/www.instagram.com\/embed.js\"><\/script><\/p>\n","protected":false},"excerpt":{"rendered":"Helsingin kaupunginteatteri kertoo asiasta sosiaalisessa mediassa. Martti Suosalo ja Mika Nuojua t\u00e4hditt\u00e4v\u00e4t Kivi\u00e4 taskussa -n\u00e4ytelm\u00e4\u00e4. Tapio Vanhatalo Suosittu&hellip;\n","protected":false},"author":2,"featured_media":100944,"comment_status":"","ping_status":"","sticky":false,"template":"","format":"standard","meta":{"footnotes":""},"categories":[130],"tags":[35,137,33,31,30,763,1616,32,397,485,484,140,109],"class_list":{"0":"post-100943","1":"post","2":"type-post","3":"status-publish","4":"format-standard","5":"has-post-thumbnail","7":"category-viihde","8":"tag-24h","9":"tag-entertainment","10":"tag-fi","11":"tag-finland","12":"tag-finnish","13":"tag-kulttuuri-ja-viihde","14":"tag-media-viestinta","15":"tag-suomi","16":"tag-taide","17":"tag-taide-yleista","18":"tag-taiteellinen-ilmaisu-ja-mediat","19":"tag-tv-ja-elokuvat","20":"tag-viihde"},"share_on_mastodon":{"url":"https:\/\/pubeurope.com\/@fi\/115618445108748080","error":""},"_links":{"self":[{"href":"https:\/\/www.europesays.com\/fi\/wp-json\/wp\/v2\/posts\/100943","targetHints":{"allow":["GET"]}}],"collection":[{"href":"https:\/\/www.europesays.com\/fi\/wp-json\/wp\/v2\/posts"}],"about":[{"href":"https:\/\/www.europesays.com\/fi\/wp-json\/wp\/v2\/types\/post"}],"author":[{"embeddable":true,"href":"https:\/\/www.europesays.com\/fi\/wp-json\/wp\/v2\/users\/2"}],"replies":[{"embeddable":true,"href":"https:\/\/www.europesays.com\/fi\/wp-json\/wp\/v2\/comments?post=100943"}],"version-history":[{"count":0,"href":"https:\/\/www.europesays.com\/fi\/wp-json\/wp\/v2\/posts\/100943\/revisions"}],"wp:featuredmedia":[{"embeddable":true,"href":"https:\/\/www.europesays.com\/fi\/wp-json\/wp\/v2\/media\/100944"}],"wp:attachment":[{"href":"https:\/\/www.europesays.com\/fi\/wp-json\/wp\/v2\/media?parent=100943"}],"wp:term":[{"taxonomy":"category","embeddable":true,"href":"https:\/\/www.europesays.com\/fi\/wp-json\/wp\/v2\/categories?post=100943"},{"taxonomy":"post_tag","embeddable":true,"href":"https:\/\/www.europesays.com\/fi\/wp-json\/wp\/v2\/tags?post=100943"}],"curies":[{"name":"wp","href":"https:\/\/api.w.org\/{rel}","templated":true}]}}