{"id":100947,"date":"2025-11-26T22:53:13","date_gmt":"2025-11-26T22:53:13","guid":{"rendered":"https:\/\/www.europesays.com\/fi\/100947\/"},"modified":"2025-11-26T22:53:13","modified_gmt":"2025-11-26T22:53:13","slug":"ulkoministeri-elina-valtonen-venajan-asevoimien-kyvykkyyksia-tulisi-rajoittaa-politiikka","status":"publish","type":"post","link":"https:\/\/www.europesays.com\/fi\/100947\/","title":{"rendered":"Ulkoministeri Elina Valtonen: Ven\u00e4j\u00e4n asevoimien kyvykkyyksi\u00e4 tulisi rajoittaa | Politiikka"},"content":{"rendered":"<p class=\"aw-1gybjub aw-5vja16 kEtdKx kmuxyA yle__article__paragraph\">EU-maiden ulkoministerit k\u00e4viv\u00e4t l\u00e4pi rauhansuunnitelman t\u00e4m\u00e4nhetkist\u00e4 tilannetta G20-kokouksessa, Genevess\u00e4 ja EU:n ja Afrikan unionin huippukokouksessa k\u00e4ytyjen neuvottelujen j\u00e4lkeen.<\/p>\n<p><img decoding=\"async\" alt=\"Elina Valtonen.\" src=\"https:\/\/www.europesays.com\/fi\/wp-content\/uploads\/2025\/11\/39-152029268c16a1a175ca.jpeg\" class=\"aw-1l9m598 hKVVvP\"\/><\/p>\n<p>Avaa kuvien katselu<\/p>\n<p>Ulkoministeri Elina Valtonen (kok.) keskusteli ulkoministerikollegoidensa kanssa rauhansuunnitelmasta keskiviikkona. Valtonen kuvattiin eduskunnassa 10. syyskuuta 2025. Kuva: Silja Viitala \/ Yle<\/p>\n<p>26.11. 13:34\u2022P\u00e4ivitetty 26.11. 14:34<\/p>\n<p class=\"aw-1gybjub aw-1p7kakr kEtdKx cEmitX yle__article__paragraph\">EU:n ulkoministerit keskustelivat t\u00e4n\u00e4\u00e4n keskiviikkona et\u00e4yhteyksin Ukrainan rauhanneuvotteluista ja Ven\u00e4j\u00e4n hy\u00f6kk\u00e4yssodasta. Suomea ep\u00e4virallisessa kokouksessa edusti ulkoministeri <strong class=\"aw-ak79eh KyCXm yle__article__strong\">Elina Valtonen<\/strong> (kok.).<\/p>\n<p class=\"aw-1gybjub aw-1p7kakr kEtdKx cEmitX yle__article__paragraph\">Roomasta asiaa et\u00e4yhteyksin kommentoineen Valtosen mukaan keskustelu rauhasta on viime p\u00e4ivin\u00e4 kulkenut EU:n n\u00e4k\u00f6kulmasta parempaan suuntaan.<\/p>\n<p class=\"aw-1gybjub aw-1p7kakr kEtdKx cEmitX yle__article__paragraph\">\u2013 Vain Ukraina voi m\u00e4\u00e4ritell\u00e4 rauhanehdot, jotka koskevat sit\u00e4 itse\u00e4\u00e4n. Suomen tuki Ukrainan itsem\u00e4\u00e4r\u00e4\u00e4misoikeudelle on vankkumaton, Valtonen totesi.<\/p>\n<p class=\"aw-1gybjub aw-1p7kakr kEtdKx cEmitX yle__article__paragraph\">Valtonen arvioi, ett\u00e4 Ven\u00e4j\u00e4 ei ole toistaiseksi n\u00e4ytt\u00e4nyt kompromissihalukkuutta neuvotteluissa. Valtonen painotti, ett\u00e4 vaikka sota loppuisi huomenna, Ven\u00e4j\u00e4n uhka ei h\u00e4vi\u00e4. Euroopan on varauduttava monin keinoin, eik\u00e4 esimerkiksi pakotteista osana keinovalikoimaa tulisi luopua.<\/p>\n<p class=\"aw-1gybjub aw-1p7kakr kEtdKx cEmitX yle__article__paragraph\">Lis\u00e4ksi ministeri totesi, ett\u00e4 Ven\u00e4j\u00e4n tulisi palata noudattamaan kansainv\u00e4list\u00e4 oikeutta, tunnustaa v\u00e4hemmist\u00f6jen ja ihmisoikeudet ja j\u00e4rjest\u00e4\u00e4 vapaat vaalit.<\/p>\n<p class=\"aw-1gybjub aw-1p7kakr kEtdKx cEmitX yle__article__paragraph\">Ven\u00e4j\u00e4\u00e4 ei my\u00f6sk\u00e4\u00e4n tulisi vapauttaa sotarikoksista eik\u00e4 vastuusta ja sen pit\u00e4isi osallistua yhteisty\u00f6h\u00f6n sotarikostutkintojen kanssa, ulkoministeri totesi.<\/p>\n<p>Valtonen: Olisi kohtuullista rajoittaa my\u00f6s Ven\u00e4j\u00e4n asevoimia<\/p>\n<p class=\"aw-1gybjub aw-1p7kakr kEtdKx cEmitX yle__article__paragraph\">Jos Ukrainan asevoimia kohtaan halutaan asettaa rajoituksia, tulisi sellaisia asettaa my\u00f6s Ven\u00e4j\u00e4lle, ministeri totesi.<\/p>\n<p class=\"aw-1gybjub aw-1p7kakr kEtdKx cEmitX yle__article__paragraph\">\u2013 On kohtuullista, ett\u00e4 jos uhrille asetetaan esimerkiksi puolustusvoimien kokoa koskevia vaatimuksia tai rajoituksia, v\u00e4hint\u00e4\u00e4n vastaavat vaatimukset tulee osoittaa my\u00f6s hy\u00f6kk\u00e4\u00e4j\u00e4\u00e4n.<\/p>\n<p class=\"aw-1gybjub aw-1p7kakr kEtdKx cEmitX yle__article__paragraph\">\u2013 Ven\u00e4j\u00e4n asevoimien kyvykkyyksiin tulisi asettaa rajoitteita.<\/p>\n<p class=\"aw-1gybjub aw-1p7kakr kEtdKx cEmitX yle__article__paragraph\">Valtonen perusteli vaadetta viittaamalla Ven\u00e4j\u00e4n ja Yhdysvaltain valmistelemaan rauhansuunnitelmaan. Se sis\u00e4lsi vaatimuksen Ukrainan asevoimien koon pienent\u00e4misest\u00e4 ja kansainv\u00e4lisen l\u00e4sn\u00e4olon rajoittamisesta.<\/p>\n<p class=\"aw-1gybjub aw-1p7kakr kEtdKx cEmitX yle__article__paragraph\">\u2013 Tuskin Moskovassa t\u00e4llaiselle ajatustavalle hurrataan, mutta varmasti t\u00e4lle l\u00f6ytyy laajasti kansainv\u00e4list\u00e4 tukea. T\u00e4m\u00e4n voisi kytke\u00e4 laajemminkin asekontrollij\u00e4rjestelm\u00e4\u00e4n my\u00f6s Ven\u00e4j\u00e4n osalta. Ven\u00e4j\u00e4 on ollut historiallisesti uhka naapurimailleen eik\u00e4 toisinp\u00e4in.<\/p>\n<p class=\"aw-1gybjub aw-1p7kakr kEtdKx cEmitX yle__article__paragraph\">Ulkoministerin mukaan Ven\u00e4j\u00e4 saadaan kyll\u00e4 taivuteltua t\u00e4h\u00e4n ja muihin vaatimuksiin, mutta vain, jos sill\u00e4 ei ole muita vaihtoehtoja.<\/p>\n<p class=\"aw-1gybjub aw-1p7kakr kEtdKx cEmitX yle__article__paragraph\">My\u00f6s Ukrainan ulkoministeri <strong class=\"aw-ak79eh KyCXm yle__article__strong\">Andri Sybiha<\/strong> osallistui kokoukseen. Sybiha kertoi Valtosen mukaan ajankohtaisesta tilanteesta rauhanneuvotteluissa ja rintamalla.<\/p>\n<p class=\"aw-1gybjub aw-1p7kakr kEtdKx cEmitX yle__article__paragraph\">Valtonen kertoi kokouksesta tiedotustilaisuudessa iltap\u00e4iv\u00e4ll\u00e4 keskiviikkona. N\u00e4ytimme tiedotustilaisuuden suorana verkkosivuillamme ja <a class=\"aw-iao6s4 iHOxEa yle__article__link\" href=\"https:\/\/areena.yle.fi\/1-76703995\" role=\"link\" rel=\"nofollow noopener\" target=\"_blank\">Yle Areenassa<\/a>.<\/p>\n<p class=\"aw-1gybjub aw-1p7kakr kEtdKx cEmitX yle__article__paragraph\">Voit katsoa koko tiedotustilaisuuden alta:<\/p>\n<p><img decoding=\"async\" alt=\"\" src=\"https:\/\/www.europesays.com\/fi\/wp-content\/uploads\/2025\/11\/39-152029568c16a1c7c9c3.jpeg\" class=\"aw-1l9m598 hKVVvP\"\/>Neuvotteluja rauhasta k\u00e4yd\u00e4\u00e4n p\u00e4ivitt\u00e4in<\/p>\n<p class=\"aw-1gybjub aw-1p7kakr kEtdKx cEmitX yle__article__paragraph\">Rauhansuunnitelmasta Ukrainaan on neuvoteltu viime p\u00e4ivin\u00e4 useaan otteeseen. Ukrainan presidentti <strong class=\"aw-ak79eh KyCXm yle__article__strong\">Volodymyr Zelenskyi<\/strong> kertoi tiistaina, ett\u00e4 Ukraina voi hyv\u00e4ksy\u00e4 Yhdysvaltain muokatun rauhansuunnitelman periaatteet.<\/p>\n<ul class=\"aw-1jjocuh iJTSwP yle__article__list yle__article__list--ul\">\n<li class=\"aw-1j7gwms gNYKfi\">Lue neuvottelujen uusimmista k\u00e4\u00e4nteist\u00e4 <a class=\"aw-iao6s4 iHOxEa yle__article__link\" href=\"https:\/\/yle.fi\/a\/74-20010573\" role=\"link\" rel=\"nofollow noopener\" target=\"_blank\">Ven\u00e4j\u00e4n hy\u00f6kk\u00e4yssotaa seuraavasta Ylen p\u00e4ivittyv\u00e4st\u00e4 seuranta-artikkelista<\/a>.<\/li>\n<\/ul>\n<p class=\"aw-1gybjub aw-1p7kakr kEtdKx cEmitX yle__article__paragraph\">Yhdysvallat k\u00e4vi keskusteluja Ven\u00e4j\u00e4n kanssa Abu Dhabissa tiistaina. Yhdysvaltain presidentti <strong class=\"aw-ak79eh KyCXm yle__article__strong\">Donald Trump<\/strong> ilmoitti my\u00f6s peruneensa Ukrainalle aiemmin asettamansa torstain takarajan suunnitelman hyv\u00e4ksymiseksi.<\/p>\n<p class=\"aw-1gybjub aw-1p7kakr kEtdKx cEmitX yle__article__paragraph\">Niin sanottu halukkaiden maiden koalitio kokousti my\u00f6s tiistaina. Tasavallan presidentti <strong class=\"aw-ak79eh KyCXm yle__article__strong\">Alexander Stubb<\/strong> osallistui Britannian p\u00e4\u00e4ministeri <strong class=\"aw-ak79eh KyCXm yle__article__strong\">Keir Starmerin<\/strong> ja Ranskan presidentti <strong class=\"aw-ak79eh KyCXm yle__article__strong\">Emmanuel Macronin<\/strong> is\u00e4nn\u00f6im\u00e4\u00e4n kokoukseen et\u00e4yhteydell\u00e4.<\/p>\n<p class=\"aw-1gybjub aw-1p7kakr kEtdKx cEmitX yle__article__paragraph\">Starmer, Macron ja Saksan liittokansleri <strong class=\"aw-ak79eh KyCXm yle__article__strong\">Friedrich Merz<\/strong> ilmaisivat kokouksen j\u00e4lkeen tukensa Trumpin rauhansuunnitelmalle.<\/p>\n<p class=\"aw-1gybjub aw-1p7kakr kEtdKx cEmitX yle__article__paragraph\">Ulkoministeri Valtonen <a class=\"aw-iao6s4 iHOxEa yle__article__link\" href=\"https:\/\/yle.fi\/a\/74-20195858\" role=\"link\" rel=\"nofollow noopener\" target=\"_blank\">kertoi tiistaina, ett\u00e4 Suomi on ehdottanut<\/a> ainakin energiainfrastruktuurin kattavaa tulitaukoa alkavaksi jo torstaina.<\/p>\n<p class=\"aw-1gybjub aw-1p7kakr kEtdKx cEmitX yle__article__paragraph\">Uutista p\u00e4ivitetty kauttaaltaan 26.11. kello 14.34.<\/p>\n","protected":false},"excerpt":{"rendered":"EU-maiden ulkoministerit k\u00e4viv\u00e4t l\u00e4pi rauhansuunnitelman t\u00e4m\u00e4nhetkist\u00e4 tilannetta G20-kokouksessa, Genevess\u00e4 ja EU:n ja Afrikan unionin huippukokouksessa k\u00e4ytyjen neuvottelujen j\u00e4lkeen.&hellip;\n","protected":false},"author":2,"featured_media":100948,"comment_status":"","ping_status":"","sticky":false,"template":"","format":"standard","meta":{"footnotes":""},"categories":[14],"tags":[22,23,13505,26,27,33,31,30,17,24,25,28,29,15,18,21,637,4083,32,19,20,1303,56,16,547,987,59,60,61],"class_list":{"0":"post-100947","1":"post","2":"type-post","3":"status-publish","4":"format-standard","5":"has-post-thumbnail","7":"category-ulkomaat","8":"tag-breaking-news","9":"tag-breakingnews","10":"tag-elina-valtonen","11":"tag-featured-news","12":"tag-featurednews","13":"tag-fi","14":"tag-finland","15":"tag-finnish","16":"tag-headlines","17":"tag-latest-news","18":"tag-latestnews","19":"tag-main-news","20":"tag-mainnews","21":"tag-news","22":"tag-otsikot","23":"tag-paauutiset","24":"tag-politiikka","25":"tag-rauhanneuvottelut","26":"tag-suomi","27":"tag-top-stories","28":"tag-topstories","29":"tag-ukraina","30":"tag-ulkomaat","31":"tag-uutiset","32":"tag-venaja","33":"tag-venajan-hyokkays","34":"tag-world","35":"tag-world-news","36":"tag-worldnews"},"share_on_mastodon":{"url":"https:\/\/pubeurope.com\/@fi\/115618460791415557","error":""},"_links":{"self":[{"href":"https:\/\/www.europesays.com\/fi\/wp-json\/wp\/v2\/posts\/100947","targetHints":{"allow":["GET"]}}],"collection":[{"href":"https:\/\/www.europesays.com\/fi\/wp-json\/wp\/v2\/posts"}],"about":[{"href":"https:\/\/www.europesays.com\/fi\/wp-json\/wp\/v2\/types\/post"}],"author":[{"embeddable":true,"href":"https:\/\/www.europesays.com\/fi\/wp-json\/wp\/v2\/users\/2"}],"replies":[{"embeddable":true,"href":"https:\/\/www.europesays.com\/fi\/wp-json\/wp\/v2\/comments?post=100947"}],"version-history":[{"count":0,"href":"https:\/\/www.europesays.com\/fi\/wp-json\/wp\/v2\/posts\/100947\/revisions"}],"wp:featuredmedia":[{"embeddable":true,"href":"https:\/\/www.europesays.com\/fi\/wp-json\/wp\/v2\/media\/100948"}],"wp:attachment":[{"href":"https:\/\/www.europesays.com\/fi\/wp-json\/wp\/v2\/media?parent=100947"}],"wp:term":[{"taxonomy":"category","embeddable":true,"href":"https:\/\/www.europesays.com\/fi\/wp-json\/wp\/v2\/categories?post=100947"},{"taxonomy":"post_tag","embeddable":true,"href":"https:\/\/www.europesays.com\/fi\/wp-json\/wp\/v2\/tags?post=100947"}],"curies":[{"name":"wp","href":"https:\/\/api.w.org\/{rel}","templated":true}]}}