{"id":100949,"date":"2025-11-26T22:54:10","date_gmt":"2025-11-26T22:54:10","guid":{"rendered":"https:\/\/www.europesays.com\/fi\/100949\/"},"modified":"2025-11-26T22:54:10","modified_gmt":"2025-11-26T22:54:10","slug":"henkiloauto-suistui-tielta-tyrnavalla-kuljettaja-loukkaantui-pohjois-pohjanmaa","status":"publish","type":"post","link":"https:\/\/www.europesays.com\/fi\/100949\/","title":{"rendered":"Henkil\u00f6auto suistui tielt\u00e4 Tyrn\u00e4v\u00e4ll\u00e4, kuljettaja loukkaantui | Pohjois-Pohjanmaa"},"content":{"rendered":"<p class=\"aw-1gybjub aw-5vja16 kEtdKx kmuxyA yle__article__paragraph\">Onnettomuuden syyt\u00e4 ei viel\u00e4 tiedet\u00e4.<\/p>\n<p><img decoding=\"async\" alt=\"Pohjois-Pohjanmaan pelastuslaitoksen logo hihassa ja palo-autojen kyljess\u00e4.\" src=\"https:\/\/www.europesays.com\/fi\/wp-content\/uploads\/2025\/11\/39-1225607659e4b7134b4e.jpeg\" class=\"aw-1l9m598 hKVVvP\"\/><\/p>\n<p>Avaa kuvien katselu<\/p>\n<p>Onnettomuuspaikalla oli kolme pelastuslaitoksen yksikk\u00f6\u00e4. Kuva: Paulus Markkula \/ Yle<\/p>\n<p class=\"aw-1gybjub aw-1p7kakr kEtdKx cEmitX yle__article__paragraph\">Henkil\u00f6auto suistui tielt\u00e4 Tyrn\u00e4v\u00e4n Kestil\u00e4ntiell\u00e4 keskiviikkona iltap\u00e4iv\u00e4ll\u00e4.<\/p>\n<p class=\"aw-1gybjub aw-1p7kakr kEtdKx cEmitX yle__article__paragraph\">Ajoneuvossa oli onnettomuushetkell\u00e4 ainoastaan kuljettaja, joka p\u00e4\u00e4si sivullisten avustamana ulos autosta. Ensihoito kuljetti h\u00e4net onnettomuuspaikalta jatkohoitoon.<\/p>\n<p class=\"aw-1gybjub aw-1p7kakr kEtdKx cEmitX yle__article__paragraph\">Pelastuslaitos varmisti, ettei onnettomuusautosta tullut vuotoja ymp\u00e4rist\u00f6\u00f6n.<\/p>\n<p class=\"aw-1gybjub aw-1p7kakr kEtdKx cEmitX yle__article__paragraph\">Pelastust\u00f6iden aikana tapahtumapaikalla on ollut yksi k\u00e4yt\u00f6ss\u00e4 yksi ajokaista paikalla olevien pelastusajoneuvojen takia. Kohteeseen h\u00e4lytettiin kolme pelastusyksikk\u00f6\u00e4 ja p\u00e4ivyst\u00e4v\u00e4 palomestari Pohjois-Pohjanmaan pelastuslaitokselta.<\/p>\n<p class=\"aw-1gybjub aw-1p7kakr kEtdKx cEmitX yle__article__paragraph\">Pelastustoimien arvioidaan kest\u00e4v\u00e4n noin kello 17.45:en saakka.<\/p>\n<p class=\"aw-1gybjub aw-1p7kakr kEtdKx cEmitX yle__article__paragraph\">Onnettomuuden syyt\u00e4 ei viel\u00e4 tiedet\u00e4. Poliisi tutkii asiaa.<\/p>\n","protected":false},"excerpt":{"rendered":"Onnettomuuden syyt\u00e4 ei viel\u00e4 tiedet\u00e4. Avaa kuvien katselu Onnettomuuspaikalla oli kolme pelastuslaitoksen yksikk\u00f6\u00e4. Kuva: Paulus Markkula \/ Yle&hellip;\n","protected":false},"author":2,"featured_media":100950,"comment_status":"","ping_status":"","sticky":false,"template":"","format":"standard","meta":{"footnotes":""},"categories":[12],"tags":[22,23,26,27,33,31,30,17,24,25,990,28,29,15,837,18,21,728,32,4134,19,20,19370,16],"class_list":{"0":"post-100949","1":"post","2":"type-post","3":"status-publish","4":"format-standard","5":"has-post-thumbnail","7":"category-suomi","8":"tag-breaking-news","9":"tag-breakingnews","10":"tag-featured-news","11":"tag-featurednews","12":"tag-fi","13":"tag-finland","14":"tag-finnish","15":"tag-headlines","16":"tag-latest-news","17":"tag-latestnews","18":"tag-liikenneonnettomuudet","19":"tag-main-news","20":"tag-mainnews","21":"tag-news","22":"tag-onnettomuudet","23":"tag-otsikot","24":"tag-paauutiset","25":"tag-pohjois-pohjanmaa","26":"tag-suomi","27":"tag-tieliikenneonnettomuudet","28":"tag-top-stories","29":"tag-topstories","30":"tag-tyrnava","31":"tag-uutiset"},"share_on_mastodon":{"url":"https:\/\/pubeurope.com\/@fi\/115618464723774951","error":""},"_links":{"self":[{"href":"https:\/\/www.europesays.com\/fi\/wp-json\/wp\/v2\/posts\/100949","targetHints":{"allow":["GET"]}}],"collection":[{"href":"https:\/\/www.europesays.com\/fi\/wp-json\/wp\/v2\/posts"}],"about":[{"href":"https:\/\/www.europesays.com\/fi\/wp-json\/wp\/v2\/types\/post"}],"author":[{"embeddable":true,"href":"https:\/\/www.europesays.com\/fi\/wp-json\/wp\/v2\/users\/2"}],"replies":[{"embeddable":true,"href":"https:\/\/www.europesays.com\/fi\/wp-json\/wp\/v2\/comments?post=100949"}],"version-history":[{"count":0,"href":"https:\/\/www.europesays.com\/fi\/wp-json\/wp\/v2\/posts\/100949\/revisions"}],"wp:featuredmedia":[{"embeddable":true,"href":"https:\/\/www.europesays.com\/fi\/wp-json\/wp\/v2\/media\/100950"}],"wp:attachment":[{"href":"https:\/\/www.europesays.com\/fi\/wp-json\/wp\/v2\/media?parent=100949"}],"wp:term":[{"taxonomy":"category","embeddable":true,"href":"https:\/\/www.europesays.com\/fi\/wp-json\/wp\/v2\/categories?post=100949"},{"taxonomy":"post_tag","embeddable":true,"href":"https:\/\/www.europesays.com\/fi\/wp-json\/wp\/v2\/tags?post=100949"}],"curies":[{"name":"wp","href":"https:\/\/api.w.org\/{rel}","templated":true}]}}