{"id":100967,"date":"2025-11-26T23:22:09","date_gmt":"2025-11-26T23:22:09","guid":{"rendered":"https:\/\/www.europesays.com\/fi\/100967\/"},"modified":"2025-11-26T23:22:09","modified_gmt":"2025-11-26T23:22:09","slug":"kristiina-helenius-oli-washingtonissa-kun-ammuskelu-alkoi-eskaloitui-silmanrapayksessa","status":"publish","type":"post","link":"https:\/\/www.europesays.com\/fi\/100967\/","title":{"rendered":"Kristiina Helenius oli Washingtonissa, kun ammuskelu alkoi \u2013 \u201dEskaloitui silm\u00e4nr\u00e4p\u00e4yksess\u00e4\u201d"},"content":{"rendered":"<p>Vastaantulija kertoi Heleniukselle, ett\u00e4 kaupungin keskustassa on ampuja.<\/p>\n<p class=\"article-body mb-nof-24 px-nof-16\">Washington D.C.:ss\u00e4 asuva <a class=\"article-personlink\" href=\"https:\/\/www.is.fi\/haku\/?query=Kristiina%20Helenius\" rel=\"nofollow noopener\" target=\"_blank\">Kristiina Helenius<\/a> oli matkalla toimistoltaan kotiin, kun Valkoisen talon l\u00e4hell\u00e4 tapahtui ammuskelu.<\/p>\n<p class=\"article-body mb-nof-24 px-nof-16\">Kahta kansalliskaartin sotilasta ammuttiin iltap\u00e4iv\u00e4ll\u00e4 paikallista aikaa. He ovat FBI-johtaja <a class=\"article-personlink\" href=\"https:\/\/www.is.fi\/haku\/?query=Kash%20Patelin\" rel=\"nofollow noopener\" target=\"_blank\">Kash Patelin<\/a> ja Washingtonin pormestarin mukaan kriittisess\u00e4 tilassa.<\/p>\n<p class=\"article-body mb-nof-24 px-nof-16\">\u2013\u2009Oli kiire kotiin, kun remppamiehet olivat tulossa. Yht\u00e4kki\u00e4 h\u00e4lytysajoneuvojen sireenit alkoivat soida joka puolella. Heti n\u00e4ki, ettei kyse ole tavallisesta tapauksesta, Helenius kertoo IS:lle puhelimitse.<\/p>\n<p class=\"article-body mb-nof-24 px-nof-16\">Poliisi sulki Heleniuksen k\u00e4velyreitill\u00e4 olleen korttelin. Viranomaiset k\u00e4skyttiv\u00e4t ihmisi\u00e4 poisp\u00e4in tai sis\u00e4lle rakennuksiin. Pian taivaalle ilmestyi helikoptereita, vastaan ajoi my\u00f6s ambulansseja ja paloautoja.<\/p>\n<p class=\"article-body mb-nof-24 px-nof-16\">\u2013\u2009Tein u-k\u00e4\u00e4nn\u00f6ksen ja l\u00e4hdin pidemp\u00e4\u00e4 reitti\u00e4 kohti kotia. Poliisi juoksi hirve\u00e4\u00e4 vauhtia tapahtumapaikalle. Tilanne eskaloitui silm\u00e4n\u00adr\u00e4p\u00e4yksess\u00e4 \u2013 en tied\u00e4, mist\u00e4 kaikki poliisit pullahtivat.<\/p>\n<p class=\"article-body mb-nof-24 px-nof-16\">Kotiin k\u00e4velless\u00e4 Helenius ei viel\u00e4 tiennyt, millaisesta onnettomuudesta on kyse. H\u00e4n ep\u00e4ili, ett\u00e4 kyse saattaisi olla isosta tulipalosta.<\/p>\n<p class=\"article-body mb-nof-24 px-nof-16\">\u2013\u2009Samaan suuntaan k\u00e4vellyt kaveri osasi kertoa, ett\u00e4 t\u00e4\u00e4ll\u00e4 on active shooter (aktiivinen ampuja). H\u00e4n sanoi, ett\u00e4 meid\u00e4n pit\u00e4isi ehk\u00e4 menn\u00e4 rakennuksiin sis\u00e4lle, koska ampujaa ei ole pys\u00e4ytetty.<\/p>\n<p><img decoding=\"async\" src=\"https:\/\/www.europesays.com\/fi\/wp-content\/uploads\/2025\/11\/1764199329_61_468.jpg\" alt=\"Kaksi kansalliskaartilaista loukkaantui ammuskelussa vakavasti.\" class=\"_Img_1rerz_1\" style=\"aspect-ratio:1.5011727912431587\" loading=\"eager\"\/><\/p>\n<p class=\"article-picture-caption\">Kaksi kansalliskaartilaista loukkaantui ammuskelussa vakavasti. Kuva:\u00a0Brendan Smialowski \/ AFP \/ Lehtikuva<\/p>\n<p class=\"article-body mb-nof-24 px-nof-16\">Helenius p\u00e4\u00e4si kotiinsa turvaan. H\u00e4n kertoo, ett\u00e4 Washingtonissa oli ennen ampumista tavallista rauhallisempaa, sill\u00e4 Yhdysvalloissa vietet\u00e4\u00e4n torstaina kiitosp\u00e4iv\u00e4\u00e4. Juhlapyh\u00e4n my\u00f6t\u00e4 suuri osa washingtonilaisista oli jo keskiviikkona l\u00e4htenyt muualle sukuloimaan.<\/p>\n<p class=\"article-body mb-nof-24 px-nof-16\">\u2013\u2009T\u00e4m\u00e4 muutti ilmapiirin silm\u00e4nr\u00e4p\u00e4yksess\u00e4. Ihmiset olivat aika s\u00e4ik\u00e4ht\u00e4neit\u00e4. Viel\u00e4 puolitoista tuntia tilanteen j\u00e4lkeen kuulin kotoa h\u00e4lytysajoneuvot ja helikopterit.<\/p>\n<p class=\"article-body mb-nof-24 px-nof-16\">Helenius kertoo olleensa Yhdysvalloissa syyskuun 11. p\u00e4iv\u00e4n iskujen aikaan vuonna 2001, mutta tilanne yll\u00e4tti h\u00e4net silti.<\/p>\n<p class=\"article-body mb-nof-24 px-nof-16\">\u2013\u2009Koskaan ei tied\u00e4, onko kyseess\u00e4 isompi juttu vai yksitt\u00e4istoimija.<\/p>\n<p class=\"article-body mb-nof-24 px-nof-16\">\u2013\u2009Washingtonissa on paljon aseellista v\u00e4kivaltaa ja ry\u00f6st\u00f6j\u00e4, mutta ne keskittyv\u00e4t tiettyihin kaupunginosiin. Valkoisen talon ymp\u00e4rist\u00f6ss\u00e4 t\u00e4llainen ei ole ollenkaan tavallista.<\/p>\n<p class=\"article-body mb-nof-24 px-nof-16\">Helenius kertoi Ilta-Sanomien <a class=\"article-genericlink\" href=\"https:\/\/www.is.fi\/tv-ja-elokuvat\/art-2000011258208.html\" rel=\"nofollow noopener\" target=\"_blank\">kes\u00e4kuisessa haastattelussa<\/a> arjestaan Washingtonissa. H\u00e4n on viime vuosina toiminut konsulttiyrityksen ja Suomen amerikkalaisen kauppakamarin toimitusjohtajana.<\/p>\n<p class=\"article-body mb-nof-24 px-nof-16\">Heleniuksen puoliso on Ylen Moskovan-kirjeenvaihtaja <a class=\"article-personlink\" href=\"https:\/\/www.is.fi\/haku\/?query=Mika%20Hentunen\" rel=\"nofollow noopener\" target=\"_blank\">Mika Hentunen<\/a>.<\/p>\n","protected":false},"excerpt":{"rendered":"Vastaantulija kertoi Heleniukselle, ett\u00e4 kaupungin keskustassa on ampuja. Washington D.C.:ss\u00e4 asuva Kristiina Helenius oli matkalla toimistoltaan kotiin, kun&hellip;\n","protected":false},"author":2,"featured_media":100968,"comment_status":"","ping_status":"","sticky":false,"template":"","format":"standard","meta":{"footnotes":""},"categories":[5],"tags":[22,23,26,27,33,31,30,17,34,24,25,28,29,15,18,21,32,19,20,16],"class_list":{"0":"post-100967","1":"post","2":"type-post","3":"status-publish","4":"format-standard","5":"has-post-thumbnail","7":"category-otsikot","8":"tag-breaking-news","9":"tag-breakingnews","10":"tag-featured-news","11":"tag-featurednews","12":"tag-fi","13":"tag-finland","14":"tag-finnish","15":"tag-headlines","16":"tag-ilta-sanomat","17":"tag-latest-news","18":"tag-latestnews","19":"tag-main-news","20":"tag-mainnews","21":"tag-news","22":"tag-otsikot","23":"tag-paauutiset","24":"tag-suomi","25":"tag-top-stories","26":"tag-topstories","27":"tag-uutiset"},"share_on_mastodon":{"url":"https:\/\/pubeurope.com\/@fi\/115618574822279537","error":""},"_links":{"self":[{"href":"https:\/\/www.europesays.com\/fi\/wp-json\/wp\/v2\/posts\/100967","targetHints":{"allow":["GET"]}}],"collection":[{"href":"https:\/\/www.europesays.com\/fi\/wp-json\/wp\/v2\/posts"}],"about":[{"href":"https:\/\/www.europesays.com\/fi\/wp-json\/wp\/v2\/types\/post"}],"author":[{"embeddable":true,"href":"https:\/\/www.europesays.com\/fi\/wp-json\/wp\/v2\/users\/2"}],"replies":[{"embeddable":true,"href":"https:\/\/www.europesays.com\/fi\/wp-json\/wp\/v2\/comments?post=100967"}],"version-history":[{"count":0,"href":"https:\/\/www.europesays.com\/fi\/wp-json\/wp\/v2\/posts\/100967\/revisions"}],"wp:featuredmedia":[{"embeddable":true,"href":"https:\/\/www.europesays.com\/fi\/wp-json\/wp\/v2\/media\/100968"}],"wp:attachment":[{"href":"https:\/\/www.europesays.com\/fi\/wp-json\/wp\/v2\/media?parent=100967"}],"wp:term":[{"taxonomy":"category","embeddable":true,"href":"https:\/\/www.europesays.com\/fi\/wp-json\/wp\/v2\/categories?post=100967"},{"taxonomy":"post_tag","embeddable":true,"href":"https:\/\/www.europesays.com\/fi\/wp-json\/wp\/v2\/tags?post=100967"}],"curies":[{"name":"wp","href":"https:\/\/api.w.org\/{rel}","templated":true}]}}