{"id":100969,"date":"2025-11-26T23:34:10","date_gmt":"2025-11-26T23:34:10","guid":{"rendered":"https:\/\/www.europesays.com\/fi\/100969\/"},"modified":"2025-11-26T23:34:10","modified_gmt":"2025-11-26T23:34:10","slug":"judi-dench-menettaa-hitaasti-nakonsa","status":"publish","type":"post","link":"https:\/\/www.europesays.com\/fi\/100969\/","title":{"rendered":"Judi Dench menett\u00e4\u00e4 hitaasti n\u00e4k\u00f6ns\u00e4"},"content":{"rendered":"<p>            All Over Press\n        <\/p>\n<p class=\"subtitle \">Dame Judi Dench, 90, n\u00e4kee en\u00e4\u00e4 yst\u00e4viens\u00e4 \u00e4\u00e4riviivat.<\/p>\n<p class=\"article-content article-content-width !bg-background\">Esimerkiksi useista James Bond -leffoista tuttu brittilegenda , 90, kertoi ensimm\u00e4isen kerran vuonna 2012 k\u00e4rsiv\u00e4ns\u00e4 verkkokalvon ik\u00e4rappeumasta.<\/p>\n<p class=\"article-content article-content-width !bg-background\">Rappeuma voi johtaa pysyv\u00e4\u00e4n ja nopeaan n\u00e4\u00f6nmenetykseen, ja on yleisin syy sokeutumiseen yli 50-vuotiailla.<\/p>\n<p class=\"article-content article-content-width !bg-background\">Judilla sairaus on aiheuttanut sen, ettei h\u00e4n pysty en\u00e4\u00e4 n\u00e4yttelem\u00e4\u00e4n. H\u00e4nen viimeisimm\u00e4t elokuvaroolinsa on n\u00e4hty vuonna 2022.<\/p>\n<p>        <a itemprop=\"url\" href=\"https:\/\/www.seiska.fi\/ulkomaat\/rakastettu-hollywood-tahti-sokeutuu\/1590339\" rel=\"nofollow noopener\" target=\"_blank\"><\/p>\n<p class=\"section-date\">\n        <strong class=\"article-section\" data-section=\"ulkomaat\"><br \/>\n            ulkomaat<br \/>\n        <\/strong><br \/>\n        23.1. 17:30\n    <\/p>\n<p>Rakastettu Hollywood-t\u00e4hti sokeutuu\n    <\/p>\n<p itemprop=\"description\" class=\"subtitle \">\n    Judi Dench k\u00e4rsii verkkokalvon ik\u00e4rappeumasta, ja h\u00e4nen n\u00e4k\u00f6ns\u00e4 heikkenee kovaa vauhtia.\n<\/p>\n<p>        <\/a><\/p>\n<p>                <img decoding=\"async\" src=\"https:\/\/www.europesays.com\/fi\/wp-content\/uploads\/2025\/11\/2004935.webp\" width=\"576\" height=\"317\" alt=\"Judi n\u00e4htiin ensimm\u00e4ist\u00e4 kertaa James Bond -leffojen M:n roolissa vuoden 1995 elokuvassa 007 ja kultainen silm\u00e4.\" loading=\"lazy\" \/>            <\/p>\n<p>\n            Judi n\u00e4htiin ensimm\u00e4ist\u00e4 kertaa James Bond -leffojen M:n roolissa vuoden 1995 elokuvassa 007 ja kultainen silm\u00e4.<br \/>\n            All Over Press\n        <\/p>\n<p>&#8221;N\u00e4en \u00e4\u00e4riviivasi&#8221;<\/p>\n<p class=\"article-content article-content-width !bg-background\">Tuoreessa ITV Newsin <a href=\"https:\/\/www.instagram.com\/p\/DRficnDDBPe\/?hl=fi\" target=\"_blank\" rel=\"nofollow noopener\">haastattelussa<\/a> Judi kertoo, miten pahaksi sairauden oireet ovat \u00e4ityneet. H\u00e4n osallistui haastatteluun yhdess\u00e4 toisen brittilegendan, , 86, kanssa.<\/p>\n<p class=\"article-content article-content-width !bg-background\">Videolle tallennetussa haastattelussa toimittaja toteaa, ettei Judi en\u00e4\u00e4 viihdy kameroiden edess\u00e4.\u00a0<\/p>\n<p class=\"article-content article-content-width !bg-background\"> \u2013 Koska en n\u00e4e en\u00e4\u00e4, Judi toteaa.<\/p>\n<p class=\"article-content article-content-width !bg-background\"> \u2013 Mutta me n\u00e4emme sinut, Ian sanoo.<\/p>\n<p class=\"article-content article-content-width !bg-background\"> \u2013 Kyll\u00e4. Ja min\u00e4 n\u00e4en \u00e4\u00e4riviivasi, ja tunnen sinut niin hyvin Macbeth-huivissasi. Mutta en tunnista ket\u00e4\u00e4n, n\u00e4yttelij\u00e4t\u00e4r toteaa syd\u00e4n syrj\u00e4ll\u00e4\u00e4n.<\/p>\n<p>        <a itemprop=\"url\" href=\"https:\/\/www.seiska.fi\/katso\/judi-dench-ei-enaa-nae-lukea-kasikirjoituksia-siihen-on-vain-sopeuduttava\/1098158\" rel=\"nofollow noopener\" target=\"_blank\"><\/p>\n<p class=\"section-date\">\n        <strong class=\"article-section\" data-section=\"katso\"><br \/>\n            katso<br \/>\n        <\/strong><br \/>\n        31.7.2023 16:45\n    <\/p>\n<p>Judi Dench ei en\u00e4\u00e4 n\u00e4e lukea k\u00e4sikirjoituksia: \u201dSiihen on vain sopeuduttava\u201d\n    <\/p>\n<p itemprop=\"description\" class=\"subtitle \">\n    88-vuotias Judi Dench haluaa jatkaa ty\u00f6tekoa silm\u00e4npohjan ik\u00e4rappeumasta huolimatta.\n<\/p>\n<p>        <\/a><\/p>\n<p class=\"article-content article-content-width !bg-background\">Judi kertoo, ett\u00e4 se on aiheuttanut kiusallisia luuloja h\u00e4nest\u00e4, sill\u00e4 h\u00e4n j\u00e4tt\u00e4\u00e4 moikkaamatta tuttuja.\u00a0<\/p>\n<p class=\"article-content article-content-width !bg-background\"> \u2013 Se johtuu siit\u00e4, etten n\u00e4e. En n\u00e4e televisiota. En n\u00e4e lukea, h\u00e4n luettelee.<\/p>\n<p class=\"article-content article-content-width !bg-background\">Toimittaja kysyy, saattaisiko Judi viel\u00e4 astua teatterilavalle, jos elokuvissa n\u00e4ytteleminen ei onnistu.\u00a0Judi puistaa surullisena p\u00e4\u00e4t\u00e4\u00e4n.\u00a0<\/p>\n<p class=\"article-content article-content-width !bg-background\"> \u2013 Judi on loistava n\u00e4yttelij\u00e4 kaiken muun lis\u00e4ksi. Todella, todella erityinen.<\/p>\n<p>                <img decoding=\"async\" src=\"https:\/\/www.europesays.com\/fi\/wp-content\/uploads\/2025\/11\/2004958.webp\" width=\"576\" height=\"749\" alt=\"Judi on n\u00e4ytellyt useamman Bondin rinnalla. Kuvassa h\u00e4n ja Daniel Craig Skyfall-elokuvan ensi-illassa. Judin viimeiseksi Bond-leffaksi j\u00e4i n\u00e4ill\u00e4 n\u00e4kymin vuoden 2015 Spectre.\" loading=\"lazy\" \/>            <\/p>\n<p>\n            Judi on n\u00e4ytellyt useamman Bondin rinnalla. Kuvassa h\u00e4n ja Daniel Craig Skyfall-elokuvan ensi-illassa. Judin viimeiseksi Bond-leffaksi j\u00e4i n\u00e4ill\u00e4 n\u00e4kymin vuoden 2015 Spectre.<br \/>\n            All Over Press\n        <\/p>\n<p>Rakkaat yst\u00e4v\u00e4t<\/p>\n<p class=\"article-content article-content-width !bg-background\"> Sir Ian McKellenill\u00e4 ja Dame Judi Denchill\u00e4 on takanaan vuosikymmenten mittainen yst\u00e4vyys.\u00a0<\/p>\n<p class=\"article-content article-content-width !bg-background\">On kulunut 50 vuotta siit\u00e4, kun kaksikko n\u00e4ytteli ensimm\u00e4ist\u00e4 kertaa yhdess\u00e4 teatterilavalla. N\u00e4ytelm\u00e4 oli\u00a0\u00a0Macbeth. <\/p>\n<p class=\"article-content article-content-width !bg-background\"> \u2013 Min\u00e4 rakastan h\u00e4nt\u00e4, Judi sanoo liikuttuneena yst\u00e4v\u00e4st\u00e4\u00e4n.\u00a0<\/p>\n<p class=\"article-content article-content-width !bg-background\"> \u2013 Enp\u00e4 tied\u00e4&#8230; H\u00e4nell\u00e4 on ollut niin paljon miehi\u00e4 el\u00e4m\u00e4ss\u00e4\u00e4n&#8230;, Ian vitsailee.<\/p>\n<p class=\"article-content article-content-width !bg-background\"> \u2013 Paraskin puhuja, Judi laukoo, ja Ian r\u00e4j\u00e4ht\u00e4\u00e4 nauruun.<\/p>\n<p>        <a itemprop=\"url\" href=\"https:\/\/www.seiska.fi\/ulkomaat\/mita-ihmetta-anthony-hopkins-ja-ian-mckellen-pistivat-jalalla-koreasti-salma-hayek-ikuisti-poikkeuksellisen-hetken\/1389466\" rel=\"nofollow noopener\" target=\"_blank\"><\/p>\n<p class=\"section-date\">\n        <strong class=\"article-section\" data-section=\"ulkomaat\"><br \/>\n            ulkomaat<br \/>\n        <\/strong><br \/>\n        24.6.2024 20:00\n    <\/p>\n<p>Mit\u00e4 ihmett\u00e4? Anthony Hopkins ja Ian McKellen pistiv\u00e4t jalalla koreasti \u2013 Salma Hayek ikuisti poikkeuksellisen hetken\n    <\/p>\n<p itemprop=\"description\" class=\"subtitle \">\n    Legendaarinen n\u00e4yttelij\u00e4kaksikko iloitsi parketilla.\n<\/p>\n<p>        <\/a><\/p>\n<p><script async src=\"\/\/www.instagram.com\/embed.js\"><\/script><\/p>\n","protected":false},"excerpt":{"rendered":"All Over Press Dame Judi Dench, 90, n\u00e4kee en\u00e4\u00e4 yst\u00e4viens\u00e4 \u00e4\u00e4riviivat. Esimerkiksi useista James Bond -leffoista tuttu brittilegenda&hellip;\n","protected":false},"author":2,"featured_media":100970,"comment_status":"","ping_status":"","sticky":false,"template":"","format":"standard","meta":{"footnotes":""},"categories":[136],"tags":[407,137,33,31,30,4604,1971,19373,408,5557,8159,3893,19372,32,167,19374,109],"class_list":{"0":"post-100969","1":"post","2":"type-post","3":"status-publish","4":"format-standard","5":"has-post-thumbnail","7":"category-julkkikset","8":"tag-celebrities","9":"tag-entertainment","10":"tag-fi","11":"tag-finland","12":"tag-finnish","13":"tag-ian-mckellen","14":"tag-james-bond","15":"tag-judi-dench","16":"tag-julkkikset","17":"tag-macbeth","18":"tag-nako","19":"tag-sairaus","20":"tag-sokeutuminen","21":"tag-suomi","22":"tag-terveys","23":"tag-verkkokalvon-ikarappeuma","24":"tag-viihde"},"share_on_mastodon":{"url":"https:\/\/pubeurope.com\/@fi\/115618622249871974","error":""},"_links":{"self":[{"href":"https:\/\/www.europesays.com\/fi\/wp-json\/wp\/v2\/posts\/100969","targetHints":{"allow":["GET"]}}],"collection":[{"href":"https:\/\/www.europesays.com\/fi\/wp-json\/wp\/v2\/posts"}],"about":[{"href":"https:\/\/www.europesays.com\/fi\/wp-json\/wp\/v2\/types\/post"}],"author":[{"embeddable":true,"href":"https:\/\/www.europesays.com\/fi\/wp-json\/wp\/v2\/users\/2"}],"replies":[{"embeddable":true,"href":"https:\/\/www.europesays.com\/fi\/wp-json\/wp\/v2\/comments?post=100969"}],"version-history":[{"count":0,"href":"https:\/\/www.europesays.com\/fi\/wp-json\/wp\/v2\/posts\/100969\/revisions"}],"wp:featuredmedia":[{"embeddable":true,"href":"https:\/\/www.europesays.com\/fi\/wp-json\/wp\/v2\/media\/100970"}],"wp:attachment":[{"href":"https:\/\/www.europesays.com\/fi\/wp-json\/wp\/v2\/media?parent=100969"}],"wp:term":[{"taxonomy":"category","embeddable":true,"href":"https:\/\/www.europesays.com\/fi\/wp-json\/wp\/v2\/categories?post=100969"},{"taxonomy":"post_tag","embeddable":true,"href":"https:\/\/www.europesays.com\/fi\/wp-json\/wp\/v2\/tags?post=100969"}],"curies":[{"name":"wp","href":"https:\/\/api.w.org\/{rel}","templated":true}]}}