{"id":101001,"date":"2025-11-27T00:34:12","date_gmt":"2025-11-27T00:34:12","guid":{"rendered":"https:\/\/www.europesays.com\/fi\/101001\/"},"modified":"2025-11-27T00:34:12","modified_gmt":"2025-11-27T00:34:12","slug":"turku-bandstand-kutsuu-jalleen-nuoret-bandit-esiintymislavalle","status":"publish","type":"post","link":"https:\/\/www.europesays.com\/fi\/101001\/","title":{"rendered":"Turku Bandstand kutsuu j\u00e4lleen nuoret b\u00e4ndit esiintymislavalle"},"content":{"rendered":"<p>\t\t\t\tNuorten yhtyeiden ilmoittautumisaika tammikuussa 2026 j\u00e4rjestett\u00e4v\u00e4\u00e4n Turku Bandstandiin alkaa pian. S\u00e4hk\u00f6inen ilmoittautuminen on k\u00e4ynniss\u00e4 1.\u201331.12.2025. Mukaan voivat hakea b\u00e4ndit, joiden kotipaikka on Salo\u2013Forssa\u2013Laitila-kaaren sis\u00e4puolella, ja joiden j\u00e4senet ovat alle 29-vuotiaita. <\/p>\n<p>30-vuotisjuhlavuottaan viett\u00e4v\u00e4st\u00e4 tapahtumasta valitaan my\u00f6s uusia b\u00e4ndej\u00e4 mukaan Turku Rock Academyn toimintaan.<\/p>\n<p>Nuorten taide- ja toimintatalo Vimmassa (Aurakatu 16, Turku) 21.\u201324.1.2026 j\u00e4rjestett\u00e4v\u00e4 Turku Bandstand on katselmus, joka tarjoaa yhtyeille palautetta, kokemusta, kontakteja ja n\u00e4kymi\u00e4 musiikkialalla. Yhtyeiden kannattaa ilmoittautua mukaan matalalla kynnyksell\u00e4, sill\u00e4 he voivat soittaa omia tai cover-kappaleita. Kukin b\u00e4ndi esitt\u00e4\u00e4 kaksi kappaletta. Tilaisuuden j\u00e4rjest\u00e4\u00e4 Turun kaupungin nuorisoty\u00f6n palvelualue.<\/p>\n<p>Turku Bandstand ei ole kilpailu, vaan katselmus, jossa musiikkialan ammattilaiset antavat ammattitaitoista ja syv\u00e4llist\u00e4 palautetta esiintymisist\u00e4 v\u00e4litt\u00f6m\u00e4sti esitysten j\u00e4lkeen. B\u00e4ndeille palautetta ovat jakamassa muusikko <b>Mikko von Hertzen<\/b>, lehtori Ilari Hongisto (Turun konservatorio) ja Turku Rock Academyn vastaava tuottaja <b>Mark Bertenyi<\/b>.<\/p>\n<p>Turku Bandstand -b\u00e4ndikatselmus t\u00e4ytt\u00e4\u00e4 tammikuussa 30 vuotta. Tapahtuman perustaja, toiminnanjohtaja <b>Tomi Arvas<\/b> kertoo, ett\u00e4 toiminta j\u00e4rjestettiin ensimm\u00e4isen kerran paikallisena b\u00e4ndikilpailuna. &#8221;Vuonna 2019 tyyli\u00e4 vaihdettiin ja alkoi uusi aika, jossa mukana oleville yhtyeille alettiin antaa runsaasti palautetta. Kehitys on osoittautunut eritt\u00e4in toimivaksi&#8221;.<\/p>\n<p>Vuosien aikana tapahtumaan on osallistunut yli 1000 b\u00e4ndi\u00e4.<\/p>\n<p>(Turku Rock Academy, Turun Kaupunki)<\/p>\n<tr>\n<td><img loading=\"lazy\" decoding=\"async\" src=\"https:\/\/www.europesays.com\/fi\/wp-content\/uploads\/2025\/11\/1764203652_174_pic1.jpg\" width=\"520\" height=\"292\" alt=\"\"\/><\/td>\n<\/tr>\n<p><b>V2.fi | J.A. Kaunisto <\/b>\n\t\t\t\t<\/p>\n","protected":false},"excerpt":{"rendered":"Nuorten yhtyeiden ilmoittautumisaika tammikuussa 2026 j\u00e4rjestett\u00e4v\u00e4\u00e4n Turku Bandstandiin alkaa pian. S\u00e4hk\u00f6inen ilmoittautuminen on k\u00e4ynniss\u00e4 1.\u201331.12.2025. Mukaan voivat hakea&hellip;\n","protected":false},"author":2,"featured_media":101002,"comment_status":"","ping_status":"","sticky":false,"template":"","format":"standard","meta":{"footnotes":""},"categories":[130],"tags":[137,33,31,30,188,191,192,185,150,189,187,32,193,194,109,186,190],"class_list":{"0":"post-101001","1":"post","2":"type-post","3":"status-publish","4":"format-standard","5":"has-post-thumbnail","7":"category-viihde","8":"tag-entertainment","9":"tag-fi","10":"tag-finland","11":"tag-finnish","12":"tag-keskustelu","13":"tag-nintendo","14":"tag-pc-pelit","15":"tag-peli","16":"tag-pelit","17":"tag-playstation","18":"tag-starat","19":"tag-suomi","20":"tag-video","21":"tag-videopelit","22":"tag-viihde","23":"tag-viihdeuutiset","24":"tag-xbox"},"share_on_mastodon":{"url":"https:\/\/pubeurope.com\/@fi\/115618857829358026","error":""},"_links":{"self":[{"href":"https:\/\/www.europesays.com\/fi\/wp-json\/wp\/v2\/posts\/101001","targetHints":{"allow":["GET"]}}],"collection":[{"href":"https:\/\/www.europesays.com\/fi\/wp-json\/wp\/v2\/posts"}],"about":[{"href":"https:\/\/www.europesays.com\/fi\/wp-json\/wp\/v2\/types\/post"}],"author":[{"embeddable":true,"href":"https:\/\/www.europesays.com\/fi\/wp-json\/wp\/v2\/users\/2"}],"replies":[{"embeddable":true,"href":"https:\/\/www.europesays.com\/fi\/wp-json\/wp\/v2\/comments?post=101001"}],"version-history":[{"count":0,"href":"https:\/\/www.europesays.com\/fi\/wp-json\/wp\/v2\/posts\/101001\/revisions"}],"wp:featuredmedia":[{"embeddable":true,"href":"https:\/\/www.europesays.com\/fi\/wp-json\/wp\/v2\/media\/101002"}],"wp:attachment":[{"href":"https:\/\/www.europesays.com\/fi\/wp-json\/wp\/v2\/media?parent=101001"}],"wp:term":[{"taxonomy":"category","embeddable":true,"href":"https:\/\/www.europesays.com\/fi\/wp-json\/wp\/v2\/categories?post=101001"},{"taxonomy":"post_tag","embeddable":true,"href":"https:\/\/www.europesays.com\/fi\/wp-json\/wp\/v2\/tags?post=101001"}],"curies":[{"name":"wp","href":"https:\/\/api.w.org\/{rel}","templated":true}]}}