{"id":101056,"date":"2025-11-27T02:17:11","date_gmt":"2025-11-27T02:17:11","guid":{"rendered":"https:\/\/www.europesays.com\/fi\/101056\/"},"modified":"2025-11-27T02:17:11","modified_gmt":"2025-11-27T02:17:11","slug":"stefan-kraft-ei-ohittanut-matti-nykasta-maailmancupin-voittotilastossa","status":"publish","type":"post","link":"https:\/\/www.europesays.com\/fi\/101056\/","title":{"rendered":"Stefan Kraft ei ohittanut Matti Nyk\u00e4st\u00e4 maailmancupin voittotilastossa"},"content":{"rendered":"<p><strong class=\"typography-bold\">Slovenialainen Anze Lanisek voitti m\u00e4kihypyn miesten maailmancupin kilpailun Ruotsin Falunissa. Toiseksi HS132-m\u00e4est\u00e4 hypp\u00e4si it\u00e4valtalainen Stephan Embacher ja kolmanneksi slovenialainen Domen Prevc.<\/strong><\/p>\n<p>Lanisek hypp\u00e4si 129 sek\u00e4 128,5 metri\u00e4 ja ker\u00e4si yhteispisteet 262,9. Embacher h\u00e4visi h\u00e4nelle kolme pistett\u00e4.<\/p>\n<p>Suomalaisista vain <strong class=\"typography-bold\">Antti Aalto<\/strong> ylsi karsinnasta keskiviikon kilpailuun, jossa h\u00e4n j\u00e4i sijalle 37. Aalto hypp\u00e4si kilpailussa 119 metri\u00e4 eik\u00e4 ylt\u00e4nyt toiselle kierrokselle. <strong class=\"typography-bold\">Vilho Palosaari<\/strong> ja <strong class=\"typography-bold\">Kasperi Valto<\/strong> j\u00e4iv\u00e4t karsintaan.<\/p>\n<p>\u2013\u2009T\u00e4n\u00e4\u00e4n oikeastaan sain vain yhden hyv\u00e4n hypyn harjoituksissa. Yksinkertaisesti vire ei ollut en\u00e4\u00e4 kisassa sellaista luokkaa, mit\u00e4 se oli aamulla, Aalto sanoi Hiihtoliiton kotisivuilla.<\/p>\n<p><strong class=\"typography-bold\">Stefan Kraftilla<\/strong> oli mahdollisuus napata uransa 47:s ykk\u00f6ssija maailmancupissa ja samalla ohittaa voittotilastossa <strong class=\"typography-bold\">Matti Nyk\u00e4nen<\/strong>, mutta it\u00e4valtalainen j\u00e4i yhdeks\u00e4nneksi.<\/p>\n<p>M\u00e4kihypyn miesten maailmancupin kausi jatkuu loppuviikosta Rukalla.<\/p>\n","protected":false},"excerpt":{"rendered":"Slovenialainen Anze Lanisek voitti m\u00e4kihypyn miesten maailmancupin kilpailun Ruotsin Falunissa. Toiseksi HS132-m\u00e4est\u00e4 hypp\u00e4si it\u00e4valtalainen Stephan Embacher ja kolmanneksi&hellip;\n","protected":false},"author":2,"featured_media":101057,"comment_status":"","ping_status":"","sticky":false,"template":"","format":"standard","meta":{"footnotes":""},"categories":[158],"tags":[33,31,30,159,32,160],"class_list":{"0":"post-101056","1":"post","2":"type-post","3":"status-publish","4":"format-standard","5":"has-post-thumbnail","7":"category-urheilu","8":"tag-fi","9":"tag-finland","10":"tag-finnish","11":"tag-sports","12":"tag-suomi","13":"tag-urheilu"},"share_on_mastodon":{"url":"https:\/\/pubeurope.com\/@fi\/115619262997094760","error":""},"_links":{"self":[{"href":"https:\/\/www.europesays.com\/fi\/wp-json\/wp\/v2\/posts\/101056","targetHints":{"allow":["GET"]}}],"collection":[{"href":"https:\/\/www.europesays.com\/fi\/wp-json\/wp\/v2\/posts"}],"about":[{"href":"https:\/\/www.europesays.com\/fi\/wp-json\/wp\/v2\/types\/post"}],"author":[{"embeddable":true,"href":"https:\/\/www.europesays.com\/fi\/wp-json\/wp\/v2\/users\/2"}],"replies":[{"embeddable":true,"href":"https:\/\/www.europesays.com\/fi\/wp-json\/wp\/v2\/comments?post=101056"}],"version-history":[{"count":0,"href":"https:\/\/www.europesays.com\/fi\/wp-json\/wp\/v2\/posts\/101056\/revisions"}],"wp:featuredmedia":[{"embeddable":true,"href":"https:\/\/www.europesays.com\/fi\/wp-json\/wp\/v2\/media\/101057"}],"wp:attachment":[{"href":"https:\/\/www.europesays.com\/fi\/wp-json\/wp\/v2\/media?parent=101056"}],"wp:term":[{"taxonomy":"category","embeddable":true,"href":"https:\/\/www.europesays.com\/fi\/wp-json\/wp\/v2\/categories?post=101056"},{"taxonomy":"post_tag","embeddable":true,"href":"https:\/\/www.europesays.com\/fi\/wp-json\/wp\/v2\/tags?post=101056"}],"curies":[{"name":"wp","href":"https:\/\/api.w.org\/{rel}","templated":true}]}}