{"id":101086,"date":"2025-11-27T03:15:14","date_gmt":"2025-11-27T03:15:14","guid":{"rendered":"https:\/\/www.europesays.com\/fi\/101086\/"},"modified":"2025-11-27T03:15:14","modified_gmt":"2025-11-27T03:15:14","slug":"sastamalan-kirjasto-poisti-fetissitaiteilija-peter-juhanin-valokuvia-queer-taiteilijoiden-nayttelysta-marraskuun-alussa","status":"publish","type":"post","link":"https:\/\/www.europesays.com\/fi\/101086\/","title":{"rendered":"Sastamalan kirjasto poisti fetissitaiteilija Peter Juhanin valokuvia queer-taiteilijoiden n\u00e4yttelyst\u00e4 marraskuun alussa."},"content":{"rendered":"<p>N\u00e4yttelyt|Taiteilija Peter Juhanin sadomasokistista erotiikkaa huokuvat valokuvateokset olivat kirjaston mielest\u00e4 \u201dyleiseen tilaan sopimattomat\u201d. Jutun lopussa voit \u00e4\u00e4nest\u00e4\u00e4, mit\u00e4 mielt\u00e4 itse olet.<\/p>\n<p>26.11. 15:26<\/p>\n<p>Lue tiivistelm\u00e4<\/p>\n<p>Tiivistelm\u00e4 on teko\u00e4lyn tekem\u00e4 ja ihmisen tarkistama.<\/p>\n<p class=\"article-body mb-nof-24 px-nof-16 sndp-summary-bullet-point-font\">Sastamalan kirjasto poisti fetissitaiteilija Peter Juhanin homoeroottisia valokuvia queer-taiteilijoiden n\u00e4yttelyst\u00e4 marraskuun alussa.<\/p>\n<p class=\"article-body mb-nof-24 px-nof-16 sndp-summary-bullet-point-font\">Kirjastopalvelup\u00e4\u00e4llikk\u00f6 Liisa Oravasaaren mukaan rajut kuvat eiv\u00e4t sopineet yleiseen tilaan.<\/p>\n<p class=\"article-body mb-nof-24 px-nof-16 sndp-summary-bullet-point-font\">Taiteilija sanoo valikoineensa n\u00e4yttelyyn tulevat kuvat hyvin tarkkaan.<\/p>\n<p class=\"article-body mb-nof-24 px-nof-16 sndp-summary-bullet-point-font\">Koskisen mukaan h\u00e4nen taiteensa t\u00e4rkein merkitys ja tavoite on esitt\u00e4\u00e4 ihmisyyden rikkautta, seksuaalisuutta ja erilaisuutta.<\/p>\n<p class=\"article-body mb-nof-24 px-nof-16\">Taiteilija Peter Juhanin eli <a class=\"article-personlink\" href=\"https:\/\/www.hs.fi\/haku\/?query=Petteri%20Koskisen\" rel=\"nofollow noopener\" target=\"_blank\">Petteri Koskisen<\/a> eroottiset valokuvat poistettiin sopimattomina queer-taiteilijoiden n\u00e4yttelyst\u00e4 Sastamalassa.<\/p>\n<p class=\"article-body mb-nof-24 px-nof-16\">Sastamalan p\u00e4\u00e4kirjastossa on viel\u00e4 torstaihin asti esill\u00e4 Sastamala Priden j\u00e4rjest\u00e4m\u00e4 taiden\u00e4yttely, jossa yhdistys on halunnut tuoda esiin queer-taiteilijoita ja edist\u00e4\u00e4 sateenkaariteemojen n\u00e4kyvyytt\u00e4.<\/p>\n<p class=\"article-body mb-nof-24 px-nof-16\">Koskisen homo\u00aderotiikkaa huokuvat sadomasokistiset valokuvat olivat kuitenkin liikaa kirjastolle, joka poisti kuvat heti n\u00e4yttelyn avauduttua.<\/p>\n<p class=\"article-body mb-nof-24 px-nof-16\">Teosten sensuroinnista uutisoi ensimm\u00e4isen\u00e4 <a class=\"article-genericlink\" href=\"https:\/\/www.tyrvaansanomat.fi\/elamanmeno\/art-2000011638056.html\" rel=\"nofollow noopener\" target=\"_blank\">Tyrv\u00e4\u00e4n Sanomat<\/a>.<\/p>\n<p class=\"article-body mb-nof-24 px-nof-16\">\u201dNe olivat sellaista aikuisen kuvastoa, joka ei sovi t\u00e4llaiseen yleiseen tilaan, jota ei pystynyt mitenk\u00e4\u00e4n rajaamaan niin, etteiv\u00e4t kuvat olisi olleet kaikkien n\u00e4ht\u00e4viss\u00e4\u201d, Sastamalan kirjastopalvelup\u00e4\u00e4llikk\u00f6 <a class=\"article-personlink\" href=\"https:\/\/www.hs.fi\/haku\/?query=Liisa%20Oravasaari\" rel=\"nofollow noopener\" target=\"_blank\">Liisa Oravasaari<\/a> kertoo.<\/p>\n<p class=\"article-body mb-nof-24 px-nof-16\">Oravasaaren mukaan kirjastossa p\u00e4\u00e4dyttiin poistamaan n\u00e4yttelyst\u00e4 kaikki kaksitoista valokuvaa.<\/p>\n<p class=\"article-body mb-nof-24 px-nof-16\">\u201dN\u00e4yttelyn j\u00e4rjest\u00e4j\u00e4n kanssa oli keskusteltu etuk\u00e4teen, ett\u00e4 kuvien on oltava yleiseen tilaan sopivia, mutta ilmeisesti n\u00e4kemyksemme siit\u00e4 oli erilainen.\u201d<\/p>\n<p class=\"article-body mb-nof-24 px-nof-16\">Koskisen teokset poistettiin ensimm\u00e4isen\u00e4 n\u00e4yttelyp\u00e4iv\u00e4n\u00e4 3. marraskuuta.<\/p>\n<p class=\"article-body mb-nof-24 px-nof-16\">Oravasaaren mukaan j\u00e4rjest\u00e4j\u00e4taho alkoi rakentaa n\u00e4yttely\u00e4 lokakuun viimeisen\u00e4 perjantaina. Lauantaina kirjasto oli pyh\u00e4inp\u00e4iv\u00e4n takia poikkeuksellisesti vain omatoimik\u00e4yt\u00f6ss\u00e4, joten henkil\u00f6kunta oli kirjastossa paikalla seuraavan kerran vasta maanantaina ja n\u00e4ki n\u00e4yttelyn teokset ensimm\u00e4isen kerran silloin.<\/p>\n<p class=\"article-body mb-nof-24 px-nof-16\">Valokuvien rajuus oli yll\u00e4tys. Oravasaaren mukaan kuvissa oli ahdistava ja uhkaava tunnelma.<\/p>\n<p class=\"article-body mb-nof-24 px-nof-16\">\u201dKirjaston on oltava kaikille turvallinen tila.\u201d<\/p>\n<p class=\"article-body mb-nof-24 px-nof-16\">Sastamalan p\u00e4\u00e4kirjastossa on n\u00e4yttelyit\u00e4 koko ajan, kuukausittain. T\u00e4m\u00e4 oli Oravasaaren mukaan ensimm\u00e4inen kerta, kun n\u00e4kemykset n\u00e4yttelyn j\u00e4rjest\u00e4jien kanssa erosivat siit\u00e4, millainen sis\u00e4lt\u00f6 on sopivaa. Ensimm\u00e4ist\u00e4 kertaa n\u00e4yttelyn aineistoa p\u00e4\u00e4tettiin poistaa.<\/p>\n<p class=\"article-body mb-nof-24 px-nof-16\">\u201dTilanne oli kirjastolle uusi ja yll\u00e4tt\u00e4v\u00e4 ja otamme t\u00e4st\u00e4 oppia. Kaikki on kuitenkin sujunut yhteisymm\u00e4rryksess\u00e4.\u201d<\/p>\n<blockquote class=\"citation\">\n<p>\u201d<\/p>\n<p>\u201dKirjaston on oltava kaikille turvallinen tila.\u201d<\/p>\n<\/blockquote>\n<p class=\"article-body mb-nof-24 px-nof-16\">Petteri Koskinen (s. 1991) on fetissitaiteilija, joka k\u00e4sittelee mustavalkoisissa kuvissaan suorasukaisesti miesten seksuaalisuutta, seksi\u00e4, kinky-el\u00e4m\u00e4ntyyli\u00e4 sek\u00e4 v\u00e4hemmist\u00f6jen alakulttuureja. H\u00e4n sanoo pit\u00e4v\u00e4ns\u00e4 kirjastoa sopivana foorumina taiteelleen.<\/p>\n<p class=\"article-body mb-nof-24 px-nof-16\">\u201dTied\u00e4n, ett\u00e4 minulla on netiss\u00e4 tietty\u00e4 kuvastoa, ja on ollut my\u00f6s kolme n\u00e4yttely\u00e4 Helsingiss\u00e4. Siell\u00e4h\u00e4n n\u00e4kyy paljon kovia peniksi\u00e4 ja miesten takapuolia l\u00e4helt\u00e4 kuvattuna. Hyvinkin rajua, mutta en min\u00e4 niit\u00e4 tietenk\u00e4\u00e4n kirjastoymp\u00e4rist\u00f6\u00f6n vie\u201d, Koskinen sanoo.<\/p>\n<p class=\"article-body mb-nof-24 px-nof-16\">H\u00e4n my\u00f6nt\u00e4\u00e4 silti olevansa niin \u201dpunk ja radikaali\u201d, ett\u00e4 olisi voinut halutessaan niin tehd\u00e4, mutta h\u00e4n halusi t\u00e4ll\u00e4 kertaa valikoida kirjastoon p\u00e4\u00e4tyneet kuvansa tarkkaan.<\/p>\n<p class=\"article-body mb-nof-24 px-nof-16\">\u201dNautin siit\u00e4, ett\u00e4 ihmiset v\u00e4h\u00e4n suuttuvat kuvistani, saan siit\u00e4 tietynlaista nautintoa. Halusin kuitenkin olla yst\u00e4v\u00e4llinen ja n\u00e4ytt\u00e4\u00e4 helpoimman kautta itse\u00e4ni siell\u00e4 \u2013 varsinkin, kun kuviani nyt ensimm\u00e4isen kerran kutsuttiin Vammalaan\u201d, vammalalaisl\u00e4ht\u00f6inen Koskinen kertoo.<\/p>\n<p class=\"article-body mb-nof-24 px-nof-16\">\u201dKaikilla malleillani oli kuvissa housut jalassa, he poseeraavat lihaksikas yl\u00e4kroppa paljaana. Miehi\u00e4 lateksinahkainen hood [huppu] p\u00e4\u00e4ll\u00e4 ja yl\u00e4osattomia ihmisi\u00e4 eli sellaista, mit\u00e4 voi n\u00e4hd\u00e4 jopa kes\u00e4ll\u00e4 kaupungilla.\u201d<\/p>\n<p><img decoding=\"async\" src=\"https:\/\/www.europesays.com\/fi\/wp-content\/uploads\/2025\/11\/1764213312_155_468.jpg\" alt=\"\u201dFetisismi ja seksuaalisuus eiv\u00e4t ole vakavaa: ne ovat luonnollisia, kehittyvi\u00e4 ja muuttuvia osia ihmisyytt\u00e4 ik\u00e4\u00e4n katsomatta\u201d, Petteri Koskinen sanoo. Oheinen teoskuva ei ollut mukana Sastamalan n\u00e4yttelyss\u00e4, mutta on samantyylinen siell\u00e4 esill\u00e4 olleiden teoskuvien kanssa.\" class=\"_Img_1rerz_1\" style=\"aspect-ratio:0.6666666666666666\" loading=\"eager\"\/><\/p>\n<p class=\"article-picture-caption\">\u201dFetisismi ja seksuaalisuus eiv\u00e4t ole vakavaa: ne ovat luonnollisia, kehittyvi\u00e4 ja muuttuvia osia ihmisyytt\u00e4 ik\u00e4\u00e4n katsomatta\u201d, Petteri Koskinen sanoo. Oheinen teoskuva ei ollut mukana Sastamalan n\u00e4yttelyss\u00e4, mutta on samantyylinen siell\u00e4 esill\u00e4 olleiden teoskuvien kanssa. Kuva:\u00a0Peter Juhan<\/p>\n<p class=\"article-body mb-nof-24 px-nof-16\">Koskisen mukaan huput eiv\u00e4t ole eroottista kuvastoa, vaan kyseess\u00e4 on enemm\u00e4nkin pukeutumistyyli, jota fetisismigenre edustaa.<\/p>\n<p class=\"article-body mb-nof-24 px-nof-16\">\u201dPuetaan tietty uniformu ja elet\u00e4\u00e4n el\u00e4m\u00e4\u00e4 sen kautta. Ollaan totta kai seksuaalisia, mutta itsess\u00e4\u00e4n se maski tai ne kuvat eiv\u00e4t ole mill\u00e4\u00e4n tavalla esimerkiksi lapsen silmille huonoa. Aikuiset n\u00e4kev\u00e4t asiat niin eri lailla kuin lapset\u201d, Koskinen sanoo.<\/p>\n<p class=\"article-body mb-nof-24 px-nof-16\">\u201dKirjaston p\u00e4\u00e4t\u00f6ksen taustalla varmaan oli se, ett\u00e4 haluttiin suojella lapsien silmi\u00e4, ett\u00e4 ne kuvat ovat liian radikaaleja.\u201d<\/p>\n<p class=\"article-body mb-nof-24 px-nof-16\">Koskinen kertoo kuulleensa teostensa poistamisesta noin viikko sitten.<\/p>\n<p class=\"article-body mb-nof-24 px-nof-16\">\u201dTotta kai tied\u00e4n, ett\u00e4 pienell\u00e4 paikkakunnalla asiat n\u00e4hd\u00e4\u00e4n v\u00e4h\u00e4n jyrkemmin. Tavallaan ymm\u00e4rr\u00e4n, ett\u00e4 ratkaisu tehd\u00e4\u00e4n kysym\u00e4tt\u00e4 minulta, mutta se oli v\u00e4h\u00e4n h\u00f6lm\u00f6\u00e4.\u201d<\/p>\n<p class=\"article-body mb-nof-24 px-nof-16\">Oravasaaren mukaan jonkin yksitt\u00e4isen kuvan olisi voinut n\u00e4yttelyyn j\u00e4tt\u00e4\u00e4. Tilanne tuli kuitenkin eteen yht\u00e4kki\u00e4, eik\u00e4 yksitt\u00e4isten kuvien j\u00e4tt\u00e4minen olisi v\u00e4ltt\u00e4m\u00e4tt\u00e4 palvellut taiteilijan ajattelemaa kokonaisuutta.<\/p>\n<p class=\"article-body mb-nof-24 px-nof-16\">Oravasaari sanoo, ett\u00e4 n\u00e4yttelyn j\u00e4rjest\u00e4j\u00e4lle ehdotettiin, ett\u00e4 kuvat voitaisiin esitell\u00e4 p\u00e4\u00e4kirjastolla erillisess\u00e4 luentosalissa 27. marraskuuta er\u00e4\u00e4n tapahtuman yhteydess\u00e4.<\/p>\n<p class=\"article-body mb-nof-24 px-nof-16\">Koskisen ohella my\u00f6s muut n\u00e4yttelyn taiteilijat <a class=\"article-personlink\" href=\"https:\/\/www.hs.fi\/haku\/?query=Roosa%20Malvikki\" rel=\"nofollow noopener\" target=\"_blank\">Roosa Malvikki<\/a>, <a class=\"article-personlink\" href=\"https:\/\/www.hs.fi\/haku\/?query=Heikki%20%C3%84ij%C3%A4l%C3%A4\" rel=\"nofollow noopener\" target=\"_blank\">Heikki \u00c4ij\u00e4l\u00e4<\/a> ja <a class=\"article-personlink\" href=\"https:\/\/www.hs.fi\/haku\/?query=Rita%20Nyg%C3%A5rd\" rel=\"nofollow noopener\" target=\"_blank\">Rita Nyg\u00e5rd<\/a> ovat joko sastamalalaisia tai kotoisin paikkakunnalta. Heid\u00e4n teoksensa ovat olleet esill\u00e4 koko kuukauden.<\/p>\n<p class=\"article-body mb-nof-24 px-nof-16\">Koskisen mukaan h\u00e4nen taiteensa t\u00e4rkein merkitys ja tavoite on esitt\u00e4\u00e4 ihmisyyden rikkautta, seksuaalisuutta ja erilaisuutta.<\/p>\n<p class=\"article-body mb-nof-24 px-nof-16\">\u201dMe kaikki voimme olla kauniita ja v\u00e4rikk\u00e4it\u00e4 juuri kuten haluamme satuttamatta muita. Ymm\u00e4rrys tapahtuu mielest\u00e4ni vain kohtaamalla vieraat asiat silm\u00e4st\u00e4 silm\u00e4\u00e4n, joten koen, ett\u00e4 n\u00e4yttelyni teki teht\u00e4v\u00e4ns\u00e4 juuri kuten piti. Niin positiivinen kuin negatiivinen reaktio on t\u00e4rke\u00e4.\u201d<\/p>\n<p class=\"article-body mb-nof-24 px-nof-16\">Koskinen kertoo tekev\u00e4ns\u00e4 parhaillaan ensimm\u00e4ist\u00e4 taidekirjaansa. Eroottisia mieskuvia sis\u00e4lt\u00e4v\u00e4n kirjan h\u00e4n lanseeraa Berliiniss\u00e4 n\u00e4yttelyns\u00e4 yhteydess\u00e4 kev\u00e4\u00e4ll\u00e4.<\/p>\n<p class=\"article-body mb-nof-24 px-nof-16\">\u201dSiit\u00e4 tulee ehk\u00e4 viel\u00e4 entist\u00e4kin radikaalimpi.\u201d<\/p>\n<p class=\"article-body mb-nof-24 px-nof-16\">Alla voit katsella joitakin n\u00e4yttelyst\u00e4 poistettuja kuvia ja \u00e4\u00e4nest\u00e4\u00e4, mit\u00e4 itse ajattelet niist\u00e4.<\/p>\n<p><img decoding=\"async\" src=\"https:\/\/www.europesays.com\/fi\/wp-content\/uploads\/2025\/11\/1764213313_407_468.jpg\" alt=\"Puppy (2023)\" class=\"_Img_1rerz_1\" style=\"aspect-ratio:0.7072916666666667\" loading=\"eager\"\/><\/p>\n<p class=\"article-picture-caption\">Puppy (2023) Kuva:\u00a0Peter Juhan<\/p>\n<p><img decoding=\"async\" src=\"https:\/\/www.europesays.com\/fi\/wp-content\/uploads\/2025\/11\/1764213313_198_468.jpg\" alt=\"Queers Are Fucking Superior (2023)\" class=\"_Img_1rerz_1\" style=\"aspect-ratio:0.7072916666666667\" loading=\"eager\"\/><\/p>\n<p class=\"article-picture-caption\">Queers Are Fucking Superior (2023) Kuva:\u00a0Peter Juhan<\/p>\n<p><img decoding=\"async\" src=\"https:\/\/www.europesays.com\/fi\/wp-content\/uploads\/2025\/11\/1764213313_77_468.jpg\" alt=\"Swineherd's Slave I (2024)\" class=\"_Img_1rerz_1\" style=\"aspect-ratio:0.7067708333333333\" loading=\"eager\"\/><\/p>\n<p class=\"article-picture-caption\">Swineherd&#8217;s Slave I (2024) Kuva:\u00a0Peter Juhan<\/p>\n<p><img decoding=\"async\" src=\"https:\/\/www.europesays.com\/fi\/wp-content\/uploads\/2025\/11\/1764213314_156_468.jpg\" alt=\"Proud Slave Owner (2023)\" class=\"_Img_1rerz_1\" style=\"aspect-ratio:0.7072916666666667\" loading=\"eager\"\/><\/p>\n<p class=\"article-picture-caption\">Proud Slave Owner (2023) Kuva:\u00a0Peter Juhan<\/p>\n<p><img decoding=\"async\" src=\"https:\/\/www.europesays.com\/fi\/wp-content\/uploads\/2025\/11\/1764213314_338_468.jpg\" alt=\"Latex Pork Wrap I (2024)\" class=\"_Img_1rerz_1\" style=\"aspect-ratio:0.7067708333333333\" loading=\"eager\"\/><\/p>\n<p class=\"article-picture-caption\">Latex Pork Wrap I (2024) Kuva:\u00a0Peter Juhan<\/p>\n","protected":false},"excerpt":{"rendered":"N\u00e4yttelyt|Taiteilija Peter Juhanin sadomasokistista erotiikkaa huokuvat valokuvateokset olivat kirjaston mielest\u00e4 \u201dyleiseen tilaan sopimattomat\u201d. Jutun lopussa voit \u00e4\u00e4nest\u00e4\u00e4, mit\u00e4&hellip;\n","protected":false},"author":2,"featured_media":101087,"comment_status":"","ping_status":"","sticky":false,"template":"","format":"standard","meta":{"footnotes":""},"categories":[12],"tags":[22,23,26,27,33,31,30,17,46,24,25,28,29,15,18,21,32,19,20,16],"class_list":{"0":"post-101086","1":"post","2":"type-post","3":"status-publish","4":"format-standard","5":"has-post-thumbnail","7":"category-suomi","8":"tag-breaking-news","9":"tag-breakingnews","10":"tag-featured-news","11":"tag-featurednews","12":"tag-fi","13":"tag-finland","14":"tag-finnish","15":"tag-headlines","16":"tag-helsingin-sanomat","17":"tag-latest-news","18":"tag-latestnews","19":"tag-main-news","20":"tag-mainnews","21":"tag-news","22":"tag-otsikot","23":"tag-paauutiset","24":"tag-suomi","25":"tag-top-stories","26":"tag-topstories","27":"tag-uutiset"},"share_on_mastodon":{"url":"https:\/\/pubeurope.com\/@fi\/115619491119202792","error":""},"_links":{"self":[{"href":"https:\/\/www.europesays.com\/fi\/wp-json\/wp\/v2\/posts\/101086","targetHints":{"allow":["GET"]}}],"collection":[{"href":"https:\/\/www.europesays.com\/fi\/wp-json\/wp\/v2\/posts"}],"about":[{"href":"https:\/\/www.europesays.com\/fi\/wp-json\/wp\/v2\/types\/post"}],"author":[{"embeddable":true,"href":"https:\/\/www.europesays.com\/fi\/wp-json\/wp\/v2\/users\/2"}],"replies":[{"embeddable":true,"href":"https:\/\/www.europesays.com\/fi\/wp-json\/wp\/v2\/comments?post=101086"}],"version-history":[{"count":0,"href":"https:\/\/www.europesays.com\/fi\/wp-json\/wp\/v2\/posts\/101086\/revisions"}],"wp:featuredmedia":[{"embeddable":true,"href":"https:\/\/www.europesays.com\/fi\/wp-json\/wp\/v2\/media\/101087"}],"wp:attachment":[{"href":"https:\/\/www.europesays.com\/fi\/wp-json\/wp\/v2\/media?parent=101086"}],"wp:term":[{"taxonomy":"category","embeddable":true,"href":"https:\/\/www.europesays.com\/fi\/wp-json\/wp\/v2\/categories?post=101086"},{"taxonomy":"post_tag","embeddable":true,"href":"https:\/\/www.europesays.com\/fi\/wp-json\/wp\/v2\/tags?post=101086"}],"curies":[{"name":"wp","href":"https:\/\/api.w.org\/{rel}","templated":true}]}}