{"id":101104,"date":"2025-11-27T03:42:09","date_gmt":"2025-11-27T03:42:09","guid":{"rendered":"https:\/\/www.europesays.com\/fi\/101104\/"},"modified":"2025-11-27T03:42:09","modified_gmt":"2025-11-27T03:42:09","slug":"netflix-kaatui","status":"publish","type":"post","link":"https:\/\/www.europesays.com\/fi\/101104\/","title":{"rendered":"Netflix kaatui"},"content":{"rendered":"<p>Ilmi\u00f6ksi nousseen Stranger Things -sarjan suosio n\u00e4kyi ilmeisesti suoratoistopalvelun kaatumisena.<\/p>\n<p><img decoding=\"async\" class=\"image image-show image-preview\" src=\"https:\/\/www.europesays.com\/fi\/wp-content\/uploads\/2025\/11\/c089723bbc46edac9c45ae198a85dcd47178bb7d830827eed393e7468f01ec2f.jpg\" alt=\"\"\/><img decoding=\"async\" class=\"image image-show\" src=\"https:\/\/www.europesays.com\/fi\/wp-content\/uploads\/2025\/11\/1764214929_413_c089723bbc46edac9c45ae198a85dcd47178bb7d830827eed393e7468f01ec2f.jpg\" alt=\"\"\/><\/p>\n<p>Brittil\u00e4inen Millie Bobby Brown n\u00e4yttelee sarjassa Elevenin hahmoa. ZumaWire \/ MVPHOTOS<\/p>\n<p class=\"paragraph\">Netflix kaatui varhain torstaina Suomen aikaa, kertoo <a href=\"https:\/\/variety.com\/2025\/tv\/news\/netflix-crashes-stranger-things-5-1236593464\/\" target=\"_blank\" rel=\"noopener nofollow\">Variety<\/a>.<\/p>\n<p class=\"paragraph\">Kaatuminen johtui ilmeisesti yleis\u00f6rynt\u00e4yksest\u00e4. Se tapahtui samaan aikaan, kun huippusuosioon nousseen Stranger Things -sarjan uuden tuotantokauden ensimm\u00e4iset jaksot julkaistiin.<\/p>\n<p class=\"paragraph\">Sarjan viidennen kauden on m\u00e4\u00e4r\u00e4 j\u00e4\u00e4d\u00e4 sen viimeiseksi.<\/p>\n<p class=\"paragraph\">Varietyn mukaan Netflix oli alhaalla noin kolmisen minuuttia. Osalla k\u00e4ytt\u00e4jist\u00e4 h\u00e4iri\u00f6it\u00e4 saattaa esiinty\u00e4 edelleen.<\/p>\n<p class=\"paragraph\">Netflixin ongelmista on raportoitu my\u00f6s <a href=\"https:\/\/downdetector.fi\/ei-toimi\/netflix\/\" target=\"_blank\" rel=\"noopener nofollow\">Downdetector-palvelussa<\/a>. Suomessa on tehty ainakin 57 h\u00e4iri\u00f6ilmoitusta. Yhdysvalloissa ilmoituksia on tehty yli\u00a015\u00a0000.<\/p>\n<p class=\"paragraph\">J\u00e4\u00e4 n\u00e4ht\u00e4v\u00e4ksi, joutuvatko sarjan fanit tai muut Netflixin k\u00e4ytt\u00e4j\u00e4t painimaan vastaavien ongelmien kanssa viel\u00e4 my\u00f6hemminkin. Viimeisen kauden jaksot on nimitt\u00e4in tarkoitus julkaista kolmessa er\u00e4ss\u00e4.<\/p>\n<p>T\u00e4ll\u00f6in uudet jaksot tulevat<\/p>\n<p class=\"paragraph\">Nelj\u00e4 ensimm\u00e4ist\u00e4 jaksoa julkaistiin torstaina 27. marraskuuta.<\/p>\n<p class=\"paragraph\">Kolme seuraavaa jaksoa julkaistaan perjantaina 26. joulukuuta aamuy\u00f6ll\u00e4 kello 3 Suomen aikaa.<\/p>\n<p class=\"paragraph\">Viimeinen jakso julkaistaan uudenvuodenp\u00e4iv\u00e4n\u00e4 eli torstaina 1.\u00a0tammikuuta aamuy\u00f6ll\u00e4 kello\u00a03 Suomen aikaa.<\/p>\n<p class=\"paragraph\">L\u00e4hde: <a href=\"https:\/\/eu.usatoday.com\/story\/entertainment\/tv\/2025\/11\/25\/stranger-things-season-5-netflix-release-time-cast\/87451589007\/\" target=\"_blank\" rel=\"noopener nofollow\">USA Today<\/a><\/p>\n","protected":false},"excerpt":{"rendered":"Ilmi\u00f6ksi nousseen Stranger Things -sarjan suosio n\u00e4kyi ilmeisesti suoratoistopalvelun kaatumisena. Brittil\u00e4inen Millie Bobby Brown n\u00e4yttelee sarjassa Elevenin hahmoa.&hellip;\n","protected":false},"author":2,"featured_media":101105,"comment_status":"","ping_status":"","sticky":false,"template":"","format":"standard","meta":{"footnotes":""},"categories":[5],"tags":[35,22,23,26,27,33,31,30,17,2118,24,25,28,29,2121,15,18,21,32,2120,19,20,16,2119,2117],"class_list":{"0":"post-101104","1":"post","2":"type-post","3":"status-publish","4":"format-standard","5":"has-post-thumbnail","7":"category-otsikot","8":"tag-24h","9":"tag-breaking-news","10":"tag-breakingnews","11":"tag-featured-news","12":"tag-featurednews","13":"tag-fi","14":"tag-finland","15":"tag-finnish","16":"tag-headlines","17":"tag-internetvideopalvelut","18":"tag-latest-news","19":"tag-latestnews","20":"tag-main-news","21":"tag-mainnews","22":"tag-median-suoratoisto","23":"tag-news","24":"tag-otsikot","25":"tag-paauutiset","26":"tag-suomi","27":"tag-tilausvideo-video-on-demand","28":"tag-top-stories","29":"tag-topstories","30":"tag-uutiset","31":"tag-videokuvaus","32":"tag-videon-suoratoisto"},"share_on_mastodon":{"url":"https:\/\/pubeurope.com\/@fi\/115619597342082977","error":""},"_links":{"self":[{"href":"https:\/\/www.europesays.com\/fi\/wp-json\/wp\/v2\/posts\/101104","targetHints":{"allow":["GET"]}}],"collection":[{"href":"https:\/\/www.europesays.com\/fi\/wp-json\/wp\/v2\/posts"}],"about":[{"href":"https:\/\/www.europesays.com\/fi\/wp-json\/wp\/v2\/types\/post"}],"author":[{"embeddable":true,"href":"https:\/\/www.europesays.com\/fi\/wp-json\/wp\/v2\/users\/2"}],"replies":[{"embeddable":true,"href":"https:\/\/www.europesays.com\/fi\/wp-json\/wp\/v2\/comments?post=101104"}],"version-history":[{"count":0,"href":"https:\/\/www.europesays.com\/fi\/wp-json\/wp\/v2\/posts\/101104\/revisions"}],"wp:featuredmedia":[{"embeddable":true,"href":"https:\/\/www.europesays.com\/fi\/wp-json\/wp\/v2\/media\/101105"}],"wp:attachment":[{"href":"https:\/\/www.europesays.com\/fi\/wp-json\/wp\/v2\/media?parent=101104"}],"wp:term":[{"taxonomy":"category","embeddable":true,"href":"https:\/\/www.europesays.com\/fi\/wp-json\/wp\/v2\/categories?post=101104"},{"taxonomy":"post_tag","embeddable":true,"href":"https:\/\/www.europesays.com\/fi\/wp-json\/wp\/v2\/tags?post=101104"}],"curies":[{"name":"wp","href":"https:\/\/api.w.org\/{rel}","templated":true}]}}