{"id":101106,"date":"2025-11-27T03:54:10","date_gmt":"2025-11-27T03:54:10","guid":{"rendered":"https:\/\/www.europesays.com\/fi\/101106\/"},"modified":"2025-11-27T03:54:10","modified_gmt":"2025-11-27T03:54:10","slug":"kolmas-nainen-esiintyy-kirvatsin-jytassa","status":"publish","type":"post","link":"https:\/\/www.europesays.com\/fi\/101106\/","title":{"rendered":"Kolmas nainen esiintyy Kirvatsin Jyt\u00e4ss\u00e4"},"content":{"rendered":"<p>Kirvatsin Jyt\u00e4ss\u00e4 n\u00e4hd\u00e4\u00e4n kes\u00e4ll\u00e4 muun muassa suomirokin suosikki Kolmas nainen.<\/p>\n<p>26.11. 9:00<\/p>\n<p class=\"article-body mb-nof-24 px-nof-16\">Entisten ja miksei nykyistenkin nuorten nostalgiafestivaali Kirvatsin Jyt\u00e4 julkaisi kes\u00e4n ensimm\u00e4iset esiintyj\u00e4nimet. Kirjurinluodossa Lokki-lavalle nousee hein\u00e4kuussa rocksuosikki Kolmas nainen. Yhtyeen hiteist\u00e4 muistetaan muun muassa Oi Suomen nuoria, Valehtelisin jos v\u00e4itt\u00e4isin, T\u00e4st\u00e4 asti aikaa ja \u00c4iti pojastaan pappia toivoi.<\/p>\n<p class=\"article-body mb-nof-24 px-nof-16\">Kirjuriin palaa <a class=\"article-personlink\" href=\"https:\/\/www.satakunnankansa.fi\/haku\/?query=Kake%20Randelin\" rel=\"nofollow noopener\" target=\"_blank\">Kake Randelin<\/a>, joka esiintyi Kirvatsin Jyt\u00e4ss\u00e4 my\u00f6s 2017. Iskelm\u00e4artistin hittiputkesta l\u00f6ytyv\u00e4t Kielletyt tunteet, Jannu huoleton, Pakko painaa pitk\u00e4\u00e4 p\u00e4iv\u00e4\u00e4 ja Kuin joutsenlaulu. Uusi sukupolvi l\u00f6ysi Randelinin, kun JVG s\u00e4mpl\u00e4si Pakko painaa pitk\u00e4\u00e4 p\u00e4iv\u00e4\u00e4 -kappaleen osaksi hitti\u00e4\u00e4n Amattimies.<\/p>\n<p class=\"article-body mb-nof-24 px-nof-16\">Easy-yhtye soittaa Kirjurissa Eagles-yhtyeen tribuuttib\u00e4ndin\u00e4. Easy perustettiin vuonna 1974 nimell\u00e4 Musakatit ja se keikkaili nuoruuden innolla seitsem\u00e4n vuotta. Pitk\u00e4n tauon j\u00e4lkeen b\u00e4ndi teki comebackin kes\u00e4ll\u00e4 2014 Eagles-hitein.<\/p>\n<p class=\"article-body mb-nof-24 px-nof-16\">Kirvatsin Jyt\u00e4 j\u00e4rjestet\u00e4\u00e4n Porin Kirjurinluodossa 29.7.2026. Festivaali julkaisee lis\u00e4\u00e4 esiintyj\u00e4nimi\u00e4 kev\u00e4\u00e4ll\u00e4.<\/p>\n","protected":false},"excerpt":{"rendered":"Kirvatsin Jyt\u00e4ss\u00e4 n\u00e4hd\u00e4\u00e4n kes\u00e4ll\u00e4 muun muassa suomirokin suosikki Kolmas nainen. 26.11. 9:00 Entisten ja miksei nykyistenkin nuorten nostalgiafestivaali&hellip;\n","protected":false},"author":2,"featured_media":101107,"comment_status":"","ping_status":"","sticky":false,"template":"","format":"standard","meta":{"footnotes":""},"categories":[136],"tags":[407,137,33,31,30,408,80,32,109],"class_list":{"0":"post-101106","1":"post","2":"type-post","3":"status-publish","4":"format-standard","5":"has-post-thumbnail","7":"category-julkkikset","8":"tag-celebrities","9":"tag-entertainment","10":"tag-fi","11":"tag-finland","12":"tag-finnish","13":"tag-julkkikset","14":"tag-satakunnan-kansa","15":"tag-suomi","16":"tag-viihde"},"share_on_mastodon":{"url":"https:\/\/pubeurope.com\/@fi\/115619644310469667","error":""},"_links":{"self":[{"href":"https:\/\/www.europesays.com\/fi\/wp-json\/wp\/v2\/posts\/101106","targetHints":{"allow":["GET"]}}],"collection":[{"href":"https:\/\/www.europesays.com\/fi\/wp-json\/wp\/v2\/posts"}],"about":[{"href":"https:\/\/www.europesays.com\/fi\/wp-json\/wp\/v2\/types\/post"}],"author":[{"embeddable":true,"href":"https:\/\/www.europesays.com\/fi\/wp-json\/wp\/v2\/users\/2"}],"replies":[{"embeddable":true,"href":"https:\/\/www.europesays.com\/fi\/wp-json\/wp\/v2\/comments?post=101106"}],"version-history":[{"count":0,"href":"https:\/\/www.europesays.com\/fi\/wp-json\/wp\/v2\/posts\/101106\/revisions"}],"wp:featuredmedia":[{"embeddable":true,"href":"https:\/\/www.europesays.com\/fi\/wp-json\/wp\/v2\/media\/101107"}],"wp:attachment":[{"href":"https:\/\/www.europesays.com\/fi\/wp-json\/wp\/v2\/media?parent=101106"}],"wp:term":[{"taxonomy":"category","embeddable":true,"href":"https:\/\/www.europesays.com\/fi\/wp-json\/wp\/v2\/categories?post=101106"},{"taxonomy":"post_tag","embeddable":true,"href":"https:\/\/www.europesays.com\/fi\/wp-json\/wp\/v2\/tags?post=101106"}],"curies":[{"name":"wp","href":"https:\/\/api.w.org\/{rel}","templated":true}]}}