{"id":101114,"date":"2025-11-27T04:07:09","date_gmt":"2025-11-27T04:07:09","guid":{"rendered":"https:\/\/www.europesays.com\/fi\/101114\/"},"modified":"2025-11-27T04:07:09","modified_gmt":"2025-11-27T04:07:09","slug":"droonitehdasta-moukaroitiin-1000-kilometrin-paassa-rajasta","status":"publish","type":"post","link":"https:\/\/www.europesays.com\/fi\/101114\/","title":{"rendered":"Droonitehdasta moukaroitiin 1000 kilometrin p\u00e4\u00e4ss\u00e4 rajasta"},"content":{"rendered":"<p class=\"ai-optimize-6 ai-optimize-introduction\">Ukrainan asevoimat iski varhain keskiviikkoaamuna 26. marraskuuta T\u0161uvassian p\u00e4\u00e4kaupunkiin T\u0161eboksaryyn, joka sijaitsee 1000 kilometrin p\u00e4\u00e4ss\u00e4 Ukrainan rajasta, kertoo <a href=\"https:\/\/www.kyivpost.com\/post\/64998\" rel=\"nofollow noopener\" target=\"_blank\">Kyiv Post<\/a>.<\/p>\n<p class=\"ai-optimize-7\">Ukrainan p\u00e4\u00e4esikunta on <a href=\"https:\/\/t.me\/GeneralStaffZSU\/31845\" rel=\"nofollow\">vahvistanut<\/a> iskun iltap\u00e4iv\u00e4ll\u00e4 26. marraskuuta, mutta kertoo viel\u00e4 selvitt\u00e4v\u00e4ns\u00e4 vaurioiden laajuutta.<\/p>\n<p class=\"ai-optimize-12\">Kohteena oli VNIIRE-Progress-yhti\u00f6n tehdas, joka valmistaa radioelektronisia osia, kuten Kometa-antenneja, jotka suojaavat Ven\u00e4j\u00e4n Shahed-pohjaisia Geran-drooneja Ukrainan elektroniselta sodank\u00e4ynnilt\u00e4. Lis\u00e4ksi se valmistaa Kalibr- ja Iskander-ohjusten satelliittisignaalien vastaanottimia sek\u00e4 osia UMPK-liitopommeihin.<\/p>\n<p class=\"ai-optimize-13\">Telegramin ven\u00e4l\u00e4isen Astra-kanavan on onnistunut paikallistaa silminn\u00e4kij\u00e4videoiden avulla isku. Silminn\u00e4kij\u00e4videoissa n\u00e4kyy vaurioita tehtaaassa\u00a0 ja l\u00e4heisess\u00e4 12-kerroksisessa kerrostalossa.<\/p>\n<p class=\"ai-optimize-14\">T\u0161uvassian kuvern\u00f6\u00f6rin <strong>Oleg<\/strong> <strong>Nikolajevin<\/strong> mukaan pudotetun lennokin kappaleet vahingoittivat kahta asuinrakennusta ja kaksi ihmist\u00e4 loukkaantui, muttei maininnut tehtaan k\u00e4rsineen vahinkoja.<\/p>\n<p class=\"ai-optimize-16\">Tehdasta vastaan on hy\u00f6k\u00e4tty kaksi kertaa aiemmin 9. kes\u00e4kuuta ja 5. hein\u00e4kuuta. Noiden hy\u00f6kk\u00e4ysten j\u00e4lkeen tehdas pys\u00e4ytti v\u00e4liaikaisesti toimintansa.<\/p>\n<p class=\"ai-optimize-20\">Ven\u00e4j\u00e4n puolustusministeri\u00f6 v\u00e4itt\u00e4\u00e4 ilmatorjunnan pudottaneen viime y\u00f6n aikana 33 ukrainalaislennokkia Belgorodissa, Voronezhiss\u00e4, Lipetskiss\u00e4, Brjanskissa ja Mustallamerell\u00e4. Ministeri\u00f6 ei maininnut lennokkeja pudotetun T\u0161uvassiassa.<\/p>\n<p class=\"ai-optimize-8\">Korjaus klo 16.13: Ukrainan p\u00e4\u00e4esikunta on vahvistanut iskun, joten ingresssi\u00e4 ja leip\u00e4teksti\u00e4 muutettu sen mukaiseksi.<\/p>\n<blockquote class=\"twitter-tweet\" data-width=\"550\" data-dnt=\"true\">\n<p lang=\"en\" dir=\"ltr\">Last night, drones attacked Cheboksary in the Chuvash Republic of the Russian Federation. The strike likely targeted the enterprise JSC &#8221;VNIIR-Progress&#8221;. This plant is known for manufacturing &#8221;Kometa&#8221; antennas for the Russian army, which are designed to protect enemy drones from\u2026 <a href=\"https:\/\/t.co\/vts3ynhNlv\" rel=\"nofollow\">pic.twitter.com\/vts3ynhNlv<\/a><\/p>\n<p>\u2014 WarTranslated (@wartranslated) <a href=\"https:\/\/twitter.com\/wartranslated\/status\/1993600708860391728?ref_src=twsrc%5Etfw\" rel=\"nofollow noopener\" target=\"_blank\">November 26, 2025<\/a><\/p>\n<\/blockquote>\n<blockquote class=\"twitter-tweet\" data-width=\"550\" data-dnt=\"true\">\n<p lang=\"en\" dir=\"ltr\">Ukrainian drones struck the capital of the Chuvash republic of Cheboksary in Russia, which is around 1,000 km from the Ukrainian border. Target was VNIIR-Progress factory. Explosion from the factory area can be seen from multiple angles.<\/p>\n<p>VNIIR is a leading Russian developer,\u2026 <a href=\"https:\/\/t.co\/gsa4j2o9li\" rel=\"nofollow\">pic.twitter.com\/gsa4j2o9li<\/a><\/p>\n<p>\u2014 (((Tendar))) (@Tendar) <a href=\"https:\/\/twitter.com\/Tendar\/status\/1993517644687737158?ref_src=twsrc%5Etfw\" rel=\"nofollow noopener\" target=\"_blank\">November 26, 2025<\/a><\/p>\n<\/blockquote>\n<p>Poimintoja videosis\u00e4ll\u00f6ist\u00e4mme<\/p>\n<p>\t\t\t\t<script async src=\"https:\/\/platform.twitter.com\/widgets.js\" charset=\"utf-8\"><\/script><\/p>\n","protected":false},"excerpt":{"rendered":"Ukrainan asevoimat iski varhain keskiviikkoaamuna 26. marraskuuta T\u0161uvassian p\u00e4\u00e4kaupunkiin T\u0161eboksaryyn, joka sijaitsee 1000 kilometrin p\u00e4\u00e4ss\u00e4 Ukrainan rajasta, kertoo&hellip;\n","protected":false},"author":2,"featured_media":101115,"comment_status":"","ping_status":"","sticky":false,"template":"","format":"standard","meta":{"footnotes":""},"categories":[12],"tags":[22,23,26,27,33,31,30,17,24,25,28,29,15,18,21,32,19,20,16,987],"class_list":{"0":"post-101114","1":"post","2":"type-post","3":"status-publish","4":"format-standard","5":"has-post-thumbnail","7":"category-suomi","8":"tag-breaking-news","9":"tag-breakingnews","10":"tag-featured-news","11":"tag-featurednews","12":"tag-fi","13":"tag-finland","14":"tag-finnish","15":"tag-headlines","16":"tag-latest-news","17":"tag-latestnews","18":"tag-main-news","19":"tag-mainnews","20":"tag-news","21":"tag-otsikot","22":"tag-paauutiset","23":"tag-suomi","24":"tag-top-stories","25":"tag-topstories","26":"tag-uutiset","27":"tag-venajan-hyokkays"},"share_on_mastodon":{"url":"https:\/\/pubeurope.com\/@fi\/115619695490496440","error":""},"_links":{"self":[{"href":"https:\/\/www.europesays.com\/fi\/wp-json\/wp\/v2\/posts\/101114","targetHints":{"allow":["GET"]}}],"collection":[{"href":"https:\/\/www.europesays.com\/fi\/wp-json\/wp\/v2\/posts"}],"about":[{"href":"https:\/\/www.europesays.com\/fi\/wp-json\/wp\/v2\/types\/post"}],"author":[{"embeddable":true,"href":"https:\/\/www.europesays.com\/fi\/wp-json\/wp\/v2\/users\/2"}],"replies":[{"embeddable":true,"href":"https:\/\/www.europesays.com\/fi\/wp-json\/wp\/v2\/comments?post=101114"}],"version-history":[{"count":0,"href":"https:\/\/www.europesays.com\/fi\/wp-json\/wp\/v2\/posts\/101114\/revisions"}],"wp:featuredmedia":[{"embeddable":true,"href":"https:\/\/www.europesays.com\/fi\/wp-json\/wp\/v2\/media\/101115"}],"wp:attachment":[{"href":"https:\/\/www.europesays.com\/fi\/wp-json\/wp\/v2\/media?parent=101114"}],"wp:term":[{"taxonomy":"category","embeddable":true,"href":"https:\/\/www.europesays.com\/fi\/wp-json\/wp\/v2\/categories?post=101114"},{"taxonomy":"post_tag","embeddable":true,"href":"https:\/\/www.europesays.com\/fi\/wp-json\/wp\/v2\/tags?post=101114"}],"curies":[{"name":"wp","href":"https:\/\/api.w.org\/{rel}","templated":true}]}}