{"id":101132,"date":"2025-11-27T04:34:08","date_gmt":"2025-11-27T04:34:08","guid":{"rendered":"https:\/\/www.europesays.com\/fi\/101132\/"},"modified":"2025-11-27T04:34:08","modified_gmt":"2025-11-27T04:34:08","slug":"tarkkailuluokka-iskee-lyomaaseena-omaan-nilkkaan-kaikkien-on-alettava-elaa-velkajarrua-todeksi-savon-sanomat","status":"publish","type":"post","link":"https:\/\/www.europesays.com\/fi\/101132\/","title":{"rendered":"&quot;Tark\u00adkai\u00adlu\u00adluokka&quot; iskee ly\u00f6m\u00e4\u00adaseena omaan nilkkaan \u2013 kaikkien on alettava el\u00e4\u00e4 velka\u00adjarrua todeksi &#8211; Savon Sanomat"},"content":{"rendered":"<ol>\n<li><a href=\"https:\/\/news.google.com\/rss\/articles\/CBMiakFVX3lxTE9HdTh6WDZXT2xYUzlOai1BbXkxSGlLOGlaVFpCY19CUWlsM2lYWE1kNjZiY3ZOUDgtcnp5U0VYemZKeVpJc0xLQXprZ3J0dm5aYk5fYUdMQmNnaDRUbTlJeVZhSF9FQmlxSHc?oc=5\" target=\"_blank\" rel=\"nofollow noopener\">&#8221;Tark\u00adkai\u00adlu\u00adluokka&#8221; iskee ly\u00f6m\u00e4\u00adaseena omaan nilkkaan \u2013 kaikkien on alettava el\u00e4\u00e4 velka\u00adjarrua todeksi<\/a>&nbsp;&nbsp;Savon Sanomat<\/li>\n<li><a href=\"https:\/\/news.google.com\/rss\/articles\/CBMiQkFVX3lxTE5SVnhrWTFCSlRHbm94ckRnVVhGQnVxZ1g4UF9laFloVE1WQ3B3ME5nNmpxNVFNc2dJNEdoTXZKOWpvdw?oc=5\" target=\"_blank\" rel=\"nofollow noopener\">Analyysi: Hallituksen kaikki taloustavoitteet uhkaavat karata k\u00e4sist\u00e4<\/a>&nbsp;&nbsp;Yle<\/li>\n<li><a href=\"https:\/\/news.google.com\/rss\/articles\/CBMiZ0FVX3lxTE95cERSajhFR29ORmVfZk1hSURBVVBONS1WMFhwV3ByY040eVhkcV8xaGxhVGJ0ek5QakI4LXNNcmhKMTdCd18td20ycERmM1VSMTRzb3c5U2k1aGRaYzdWX3Mtd0RuSXM?oc=5\" target=\"_blank\" rel=\"nofollow noopener\">P\u00e4\u00e4kirjoitus | Suomi valui oppimestarin paikalta tarkkailuluokalle<\/a>&nbsp;&nbsp;HS.fi<\/li>\n<li><a href=\"https:\/\/news.google.com\/rss\/articles\/CBMiXkFVX3lxTE5fMlExSXpJUDNNYnZiRkQ1cjY1T2NubUV3MVcyeEJOa0NmY0Q4NFFCZzE2WVI0eWdFUC0ybFZoWnNUT1psMlJMdzM1eUxDX0hiSUJOYUZqMHhxanY0aWc?oc=5\" target=\"_blank\" rel=\"nofollow noopener\">P\u00e4\u00e4kirjoitus | Tarkkailuluokka odottaa Suomea, ja kaikki puolueet ovat siit\u00e4 vastuussa | P\u00e4\u00e4kirjoitus &amp; mielipide<\/a>&nbsp;&nbsp;Etel\u00e4-Suomen Sanomat<\/li>\n<li><a href=\"https:\/\/news.google.com\/rss\/articles\/CBMifkFVX3lxTE40dEVkOE81QVNXY0NvV3BzUncwUzN6RU9vMFlsRzRkaHVPTnM0MmI4Yy1wdHlhZUU2b1ZGVWR0ejRDYkVsMVhIdUYzUlU2RmxsTnE5eFNwMUZ2T1M2eXhPYk1zWWduZUQ2S2gtdHJ2cGNOT1NFVFhka3psX0FJdw?oc=5\" target=\"_blank\" rel=\"nofollow noopener\">Purra varoittaa hurjasta miljardisopeutuksesta<\/a>&nbsp;&nbsp;Kauppalehti<\/li>\n<\/ol>\n","protected":false},"excerpt":{"rendered":"&#8221;Tark\u00adkai\u00adlu\u00adluokka&#8221; iskee ly\u00f6m\u00e4\u00adaseena omaan nilkkaan \u2013 kaikkien on alettava el\u00e4\u00e4 velka\u00adjarrua todeksi&nbsp;&nbsp;Savon Sanomat Analyysi: Hallituksen kaikki taloustavoitteet uhkaavat&hellip;\n","protected":false},"author":2,"featured_media":101133,"comment_status":"","ping_status":"","sticky":false,"template":"","format":"standard","meta":{"footnotes":""},"categories":[12],"tags":[22,23,1617,26,27,33,31,30,17,5679,24,25,28,29,15,18,21,637,110,3911,887,32,1014,19,20,16],"class_list":{"0":"post-101132","1":"post","2":"type-post","3":"status-publish","4":"format-standard","5":"has-post-thumbnail","7":"category-suomi","8":"tag-breaking-news","9":"tag-breakingnews","10":"tag-euroopan-unioni","11":"tag-featured-news","12":"tag-featurednews","13":"tag-fi","14":"tag-finland","15":"tag-finnish","16":"tag-headlines","17":"tag-kansainvaliset-organisaatiot-ja-sopimukset","18":"tag-latest-news","19":"tag-latestnews","20":"tag-main-news","21":"tag-mainnews","22":"tag-news","23":"tag-otsikot","24":"tag-paauutiset","25":"tag-politiikka","26":"tag-ruotsi","27":"tag-saksa","28":"tag-suomen-politiikka","29":"tag-suomi","30":"tag-tanska","31":"tag-top-stories","32":"tag-topstories","33":"tag-uutiset"},"share_on_mastodon":{"url":"https:\/\/pubeurope.com\/@fi\/115619801557889485","error":""},"_links":{"self":[{"href":"https:\/\/www.europesays.com\/fi\/wp-json\/wp\/v2\/posts\/101132","targetHints":{"allow":["GET"]}}],"collection":[{"href":"https:\/\/www.europesays.com\/fi\/wp-json\/wp\/v2\/posts"}],"about":[{"href":"https:\/\/www.europesays.com\/fi\/wp-json\/wp\/v2\/types\/post"}],"author":[{"embeddable":true,"href":"https:\/\/www.europesays.com\/fi\/wp-json\/wp\/v2\/users\/2"}],"replies":[{"embeddable":true,"href":"https:\/\/www.europesays.com\/fi\/wp-json\/wp\/v2\/comments?post=101132"}],"version-history":[{"count":0,"href":"https:\/\/www.europesays.com\/fi\/wp-json\/wp\/v2\/posts\/101132\/revisions"}],"wp:featuredmedia":[{"embeddable":true,"href":"https:\/\/www.europesays.com\/fi\/wp-json\/wp\/v2\/media\/101133"}],"wp:attachment":[{"href":"https:\/\/www.europesays.com\/fi\/wp-json\/wp\/v2\/media?parent=101132"}],"wp:term":[{"taxonomy":"category","embeddable":true,"href":"https:\/\/www.europesays.com\/fi\/wp-json\/wp\/v2\/categories?post=101132"},{"taxonomy":"post_tag","embeddable":true,"href":"https:\/\/www.europesays.com\/fi\/wp-json\/wp\/v2\/tags?post=101132"}],"curies":[{"name":"wp","href":"https:\/\/api.w.org\/{rel}","templated":true}]}}