{"id":101134,"date":"2025-11-27T04:35:09","date_gmt":"2025-11-27T04:35:09","guid":{"rendered":"https:\/\/www.europesays.com\/fi\/101134\/"},"modified":"2025-11-27T04:35:09","modified_gmt":"2025-11-27T04:35:09","slug":"sm-liigan-jattipaatosten-paiva-tassa-kaikki-vaihtoehdot","status":"publish","type":"post","link":"https:\/\/www.europesays.com\/fi\/101134\/","title":{"rendered":"SM-liigan j\u00e4ttip\u00e4\u00e4t\u00f6sten p\u00e4iv\u00e4, t\u00e4ss\u00e4 kaikki vaihtoehdot"},"content":{"rendered":"<p>J\u00e4\u00e4kiekon SM-liigan osakkaat, eli seurat, p\u00e4\u00e4tt\u00e4v\u00e4t sarjan tulevaisuudesta t\u00e4n\u00e4 iltana yhti\u00f6kokouksessa. Vaihtoehtoja on useita. MTV Urheilu listasi Suomi-kiekon historiallisen p\u00e4iv\u00e4n skenaariot yhteen nippuun.<\/p>\n<p>Sarjamuotoa koskeviin muutoksiin tarvitaan kahden kolmasosan enemmist\u00f6. Liiga-seuroja on 16, mutta koska Kiekko-Espoon liigaosakkeen maksu on vaiheessa, ei se ole viel\u00e4 \u00e4\u00e4nioikeutettu. Mik\u00e4 tahansa muutos menisi l\u00e4pi, jos sen puolesta \u00e4\u00e4nest\u00e4\u00e4 10 seuraa.\u00a0<\/p>\n<p>K\u00e4\u00e4nteisesti tilanne on se, ett\u00e4 vain kuusi seuraa pystyy torppaamaan mink\u00e4 tahansa vaihtoehdon. On t\u00e4ysin mahdollista, ett\u00e4 seurat eiv\u00e4t saa mink\u00e4\u00e4nlaista p\u00e4\u00e4t\u00f6st\u00e4 aikaiseksi.\u00a0<\/p>\n<p>Illan kabinetti-istuntoa voidaan pit\u00e4\u00e4 poikkeuksellisen merkitt\u00e4v\u00e4n\u00e4 koko SM-liigan historiassa. Nyt on mahdollisuus muutokseen, jollaista ei ole sarjan 50-vuotisella taipaleella aiemmin n\u00e4hty.\u00a0<\/p>\n<p>Historiallisuutta tihkuva yhti\u00f6kokous alkaa t\u00e4n\u00e4\u00e4n klo 18. SM-liiga kertoo mahdollisista p\u00e4\u00e4t\u00f6ksist\u00e4 aikaisintaan klo 21. Lehdist\u00f6tilaisuuden alku voi kuitenkin veny\u00e4.\u00a0<\/p>\n<p>MTV Katsomo n\u00e4ytt\u00e4\u00e4 tilaisuuden suorana l\u00e4hetyksen\u00e4. Mahdollisista tehdyist\u00e4 ratkaisuista kertovat SM-liigan puheenjohtaja <strong class=\"typography-bold\">Jyrki Sepp\u00e4<\/strong> ja toimitusjohtaja <strong class=\"typography-bold\">Mikko Pulkkinen<\/strong>.<\/p>\n<p>Pressitilaisuuden ymp\u00e4rille rakentuu MTV Urheilun studiol\u00e4hetys, jossa <strong class=\"typography-bold\">Teemu Niikko<\/strong> ja <strong class=\"typography-bold\">Karri Kivi<\/strong> perkaavat tiedonannon annin heti tuoreeltaan.\u00a0<\/p>\n<p>Vaihtoehtojen buffetti<\/p>\n<p><strong class=\"typography-bold\">12+10-malli<\/strong><\/p>\n","protected":false},"excerpt":{"rendered":"J\u00e4\u00e4kiekon SM-liigan osakkaat, eli seurat, p\u00e4\u00e4tt\u00e4v\u00e4t sarjan tulevaisuudesta t\u00e4n\u00e4 iltana yhti\u00f6kokouksessa. Vaihtoehtoja on useita. MTV Urheilu listasi Suomi-kiekon&hellip;\n","protected":false},"author":2,"featured_media":27142,"comment_status":"","ping_status":"","sticky":false,"template":"","format":"standard","meta":{"footnotes":""},"categories":[5],"tags":[22,23,26,27,33,31,30,17,24,25,28,29,15,18,21,32,19,20,16],"class_list":{"0":"post-101134","1":"post","2":"type-post","3":"status-publish","4":"format-standard","5":"has-post-thumbnail","7":"category-otsikot","8":"tag-breaking-news","9":"tag-breakingnews","10":"tag-featured-news","11":"tag-featurednews","12":"tag-fi","13":"tag-finland","14":"tag-finnish","15":"tag-headlines","16":"tag-latest-news","17":"tag-latestnews","18":"tag-main-news","19":"tag-mainnews","20":"tag-news","21":"tag-otsikot","22":"tag-paauutiset","23":"tag-suomi","24":"tag-top-stories","25":"tag-topstories","26":"tag-uutiset"},"share_on_mastodon":{"url":"https:\/\/pubeurope.com\/@fi\/115619805589763427","error":""},"_links":{"self":[{"href":"https:\/\/www.europesays.com\/fi\/wp-json\/wp\/v2\/posts\/101134","targetHints":{"allow":["GET"]}}],"collection":[{"href":"https:\/\/www.europesays.com\/fi\/wp-json\/wp\/v2\/posts"}],"about":[{"href":"https:\/\/www.europesays.com\/fi\/wp-json\/wp\/v2\/types\/post"}],"author":[{"embeddable":true,"href":"https:\/\/www.europesays.com\/fi\/wp-json\/wp\/v2\/users\/2"}],"replies":[{"embeddable":true,"href":"https:\/\/www.europesays.com\/fi\/wp-json\/wp\/v2\/comments?post=101134"}],"version-history":[{"count":0,"href":"https:\/\/www.europesays.com\/fi\/wp-json\/wp\/v2\/posts\/101134\/revisions"}],"wp:featuredmedia":[{"embeddable":true,"href":"https:\/\/www.europesays.com\/fi\/wp-json\/wp\/v2\/media\/27142"}],"wp:attachment":[{"href":"https:\/\/www.europesays.com\/fi\/wp-json\/wp\/v2\/media?parent=101134"}],"wp:term":[{"taxonomy":"category","embeddable":true,"href":"https:\/\/www.europesays.com\/fi\/wp-json\/wp\/v2\/categories?post=101134"},{"taxonomy":"post_tag","embeddable":true,"href":"https:\/\/www.europesays.com\/fi\/wp-json\/wp\/v2\/tags?post=101134"}],"curies":[{"name":"wp","href":"https:\/\/api.w.org\/{rel}","templated":true}]}}