{"id":101139,"date":"2025-11-27T04:50:08","date_gmt":"2025-11-27T04:50:08","guid":{"rendered":"https:\/\/www.europesays.com\/fi\/101139\/"},"modified":"2025-11-27T04:50:08","modified_gmt":"2025-11-27T04:50:08","slug":"uutta-tietoa-archien-ja-iidan-suhteesta","status":"publish","type":"post","link":"https:\/\/www.europesays.com\/fi\/101139\/","title":{"rendered":"Uutta tietoa Archien ja Iidan suhteesta"},"content":{"rendered":"<p>Archie Cruzin ja Iida Vainion vaiherikas avoliitto on ollut median puheenaiheena enemm\u00e4n kuin kerran. Asiaan ja vaiheisiin tarkemmin palaamatta voitaneen todeta, ett\u00e4 t\u00e4ll\u00e4 hetkell\u00e4 asiat menev\u00e4t kuten kuuluukin.<\/p>\n<p>Juttu k\u00e4y selville rockari-Archien <a href=\"https:\/\/www.instagram.com\/p\/DRevcc-Cvd0\/\" rel=\"nofollow noopener\" target=\"_blank\">p\u00e4ivityksest\u00e4<\/a>, jossa h\u00e4n kertoo menev\u00e4ns\u00e4 Lahteen jouluaiheisiin perhekuvauksiin.<\/p>\n<p>Archie my\u00f6s mainostaa kuvaamoa laadukkaista kuvista.<\/p>\n<p>Lue my\u00f6s: <a href=\"https:\/\/www.como.fi\/uutiset\/archie-cruz-on-muuttunut-mies-nain-puhelee\/\" title=\"Archie Cruz on muuttunut mies \u2013 n\u00e4in puhelee\" class=\"underline-custom !font-montserrat !font-bold !underline-offset-4 !decoration-4 !decoration-red-600 !text-md\" rel=\"nofollow noopener\" target=\"_blank\">Archie Cruz on muuttunut mies \u2013 n\u00e4in puhelee<\/a><\/p>\n<p>-Winter is coming. Perheen kanssa Lahteen Joulukuvauksiin, mies kirjoittaa.<\/p>\n<p>Pariskunnan silm\u00e4ter\u00e4, tyt\u00e4r, syntyi joulun maissa, joten h\u00e4n t\u00e4ytt\u00e4\u00e4 vuoden.<\/p>\n<p>\u00c4skett\u00e4n Archie oli v\u00e4h\u00e4n toisenlaisella tuulella. H\u00e4n arvosteli levy-yhti\u00f6it\u00e4 ja keikkamyyji\u00e4 siit\u00e4, ettei h\u00e4nen suomenkieliseen projektiinsa ole osattu tarttua vaikka sit\u00e4 on tarjottu kuin manulle illallista. Niinp\u00e4 mies on ollut j\u00e4lleen siirtym\u00e4ss\u00e4 kansainv\u00e4lisemm\u00e4n musiikin pariin. H\u00e4n on kokoillut b\u00e4ndi\u00e4kin aiheen tiimoilta.<\/p>\n<p>Lue my\u00f6s: <a href=\"https:\/\/www.como.fi\/tilaa-comon-uutiskirje\/\" title=\"Tilaa Comon uutiskirje ja tied\u00e4t mist\u00e4 kahvitauolla puhutaan! Nappaa kotimaan tv-vinkit ja puheenaiheet suoraan s\u00e4hk\u00f6postiin t\u00e4st\u00e4.\" class=\"underline-custom !font-montserrat !font-bold !underline-offset-4 !decoration-4 !decoration-red-600 !text-md\" rel=\"nofollow noopener\" target=\"_blank\">Tilaa Comon uutiskirje ja tied\u00e4t mist\u00e4 kahvitauolla puhutaan! Nappaa kotimaan tv-vinkit ja puheenaiheet suoraan s\u00e4hk\u00f6postiin t\u00e4st\u00e4.<\/a><\/p>\n<p>\t\t\t<script async src=\"\/\/www.instagram.com\/embed.js\"><\/script><\/p>\n","protected":false},"excerpt":{"rendered":"Archie Cruzin ja Iida Vainion vaiherikas avoliitto on ollut median puheenaiheena enemm\u00e4n kuin kerran. Asiaan ja vaiheisiin tarkemmin&hellip;\n","protected":false},"author":2,"featured_media":60316,"comment_status":"","ping_status":"","sticky":false,"template":"","format":"standard","meta":{"footnotes":""},"categories":[133],"tags":[2345,137,33,31,30,32,206,156,109],"class_list":{"0":"post-101139","1":"post","2":"type-post","3":"status-publish","4":"format-standard","5":"has-post-thumbnail","7":"category-televisiot","8":"tag-archie-cruz","9":"tag-entertainment","10":"tag-fi","11":"tag-finland","12":"tag-finnish","13":"tag-suomi","14":"tag-televisiot","15":"tag-tv","16":"tag-viihde"},"share_on_mastodon":{"url":"https:\/\/pubeurope.com\/@fi\/115619864485355119","error":""},"_links":{"self":[{"href":"https:\/\/www.europesays.com\/fi\/wp-json\/wp\/v2\/posts\/101139","targetHints":{"allow":["GET"]}}],"collection":[{"href":"https:\/\/www.europesays.com\/fi\/wp-json\/wp\/v2\/posts"}],"about":[{"href":"https:\/\/www.europesays.com\/fi\/wp-json\/wp\/v2\/types\/post"}],"author":[{"embeddable":true,"href":"https:\/\/www.europesays.com\/fi\/wp-json\/wp\/v2\/users\/2"}],"replies":[{"embeddable":true,"href":"https:\/\/www.europesays.com\/fi\/wp-json\/wp\/v2\/comments?post=101139"}],"version-history":[{"count":0,"href":"https:\/\/www.europesays.com\/fi\/wp-json\/wp\/v2\/posts\/101139\/revisions"}],"wp:featuredmedia":[{"embeddable":true,"href":"https:\/\/www.europesays.com\/fi\/wp-json\/wp\/v2\/media\/60316"}],"wp:attachment":[{"href":"https:\/\/www.europesays.com\/fi\/wp-json\/wp\/v2\/media?parent=101139"}],"wp:term":[{"taxonomy":"category","embeddable":true,"href":"https:\/\/www.europesays.com\/fi\/wp-json\/wp\/v2\/categories?post=101139"},{"taxonomy":"post_tag","embeddable":true,"href":"https:\/\/www.europesays.com\/fi\/wp-json\/wp\/v2\/tags?post=101139"}],"curies":[{"name":"wp","href":"https:\/\/api.w.org\/{rel}","templated":true}]}}