{"id":101146,"date":"2025-11-27T04:58:11","date_gmt":"2025-11-27T04:58:11","guid":{"rendered":"https:\/\/www.europesays.com\/fi\/101146\/"},"modified":"2025-11-27T04:58:11","modified_gmt":"2025-11-27T04:58:11","slug":"jollin-remontti-valmistui-sotkamossa-kainuun-sanomat","status":"publish","type":"post","link":"https:\/\/www.europesays.com\/fi\/101146\/","title":{"rendered":"J\u00f6llin remontti valmistui Sotkamossa | Kainuun Sanomat"},"content":{"rendered":"<p>                                  Paikallisuutiset<\/p>\n<p>                <img loading=\"lazy\" decoding=\"async\" itemprop=\"contentUrl\" class=\"figure-img img-fluid\"  src=\"https:\/\/www.europesays.com\/fi\/wp-content\/uploads\/2025\/11\/1764219490_498_imengine.public.prod.hil.infomaker.io\" width=\"1852\" height=\"1392\"  alt=\"\"\/><\/p>\n<p>                                    T\u00e4n\u00e4 vuonna 90-vuotta t\u00e4ytt\u00e4v\u00e4n J\u00f6llin kauppias Teemu Korhonen kiittelee asiakkaita k\u00e4rsiv\u00e4llisyydest\u00e4 remontin aikana.<br \/>\n                                                    Kuva:<br \/>\n                    Henri Lehikoinen<\/p>\n<p>      MAINOS &#8211; juttu jatkuu mainoksen j\u00e4lkeen<\/p>\n<p>      MAINOS &#8211; mainos p\u00e4\u00e4ttyy<\/p>\n<p class=\"ew-body\">K-Supermarket Sotkamon laaja remontti on valmistunut. Kaupan visuaalinen ilme muuttui, ja kylm\u00e4keskus sek\u00e4 kaikki kylm\u00e4laitteet on uusittu.<\/p>\n<p class=\"ew-body\">\u2013 Uutta kylm\u00e4hylly\u00e4 saatiin 120 metri\u00e4. T\u00e4m\u00e4 tiet\u00e4\u00e4 parempia valikoimia ja saamme tuotteet paremmin esille, kauppias <strong id=\"strong-79e5a93275a695af1c546aaeed002613\">Teemu Korhonen<\/strong> sanoo.<\/p>\n<p class=\"ew-body\">My\u00f6s kaupan tavaraj\u00e4rje<\/p>\n<p>  <a class=\"btn btn-secondary btn-icon-left\" href=\"#coral_thread\"><br \/>\n    <img decoding=\"async\" src=\"https:\/\/www.kainuunsanomat.fi\/wp-content\/themes\/hilla-theme\/assets\/img\/icon_comments.svg\" alt=\"\"\/><br \/>\n    Kommentoi<br \/>\n    \u00a0(0)<br \/>\n  <\/a><\/p>\n<p>  <a class=\"btn btn-secondary btn-icon-left mailto_web\" href=\"mailto:toimitus@kainuunsanomat.fi?subject=Ilmoita%20asiavirheest%C3%A4&amp;body=Otsikko%3A%20J%C3%B6llin%20remontti%20valmistui%20Sotkamossa%0AUuid%3A%2035fb430a-29c3-431e-846d-4704db552157%0AUrl%3A%20https%3A%2F%2Fwww.kainuunsanomat.fi%2Fartikkeli%2Fjollin-remontti-valmistui-sotkamossa\"><br \/>\n    <img decoding=\"async\" src=\"https:\/\/www.kainuunsanomat.fi\/wp-content\/themes\/hilla-theme\/assets\/img\/icon_feedback.svg\" alt=\"\"\/><br \/>\n    Ilmoita asiavirheest\u00e4<br \/>\n  <\/a><\/p>\n","protected":false},"excerpt":{"rendered":"Paikallisuutiset T\u00e4n\u00e4 vuonna 90-vuotta t\u00e4ytt\u00e4v\u00e4n J\u00f6llin kauppias Teemu Korhonen kiittelee asiakkaita k\u00e4rsiv\u00e4llisyydest\u00e4 remontin aikana. Kuva: Henri Lehikoinen MAINOS&hellip;\n","protected":false},"author":2,"featured_media":101147,"comment_status":"","ping_status":"","sticky":false,"template":"","format":"standard","meta":{"footnotes":""},"categories":[76],"tags":[79,77,33,31,30,32,78],"class_list":{"0":"post-101146","1":"post","2":"type-post","3":"status-publish","4":"format-standard","5":"has-post-thumbnail","7":"category-talous","8":"tag-business","9":"tag-economy","10":"tag-fi","11":"tag-finland","12":"tag-finnish","13":"tag-suomi","14":"tag-talous"},"share_on_mastodon":{"url":"https:\/\/pubeurope.com\/@fi\/115619896362771718","error":""},"_links":{"self":[{"href":"https:\/\/www.europesays.com\/fi\/wp-json\/wp\/v2\/posts\/101146","targetHints":{"allow":["GET"]}}],"collection":[{"href":"https:\/\/www.europesays.com\/fi\/wp-json\/wp\/v2\/posts"}],"about":[{"href":"https:\/\/www.europesays.com\/fi\/wp-json\/wp\/v2\/types\/post"}],"author":[{"embeddable":true,"href":"https:\/\/www.europesays.com\/fi\/wp-json\/wp\/v2\/users\/2"}],"replies":[{"embeddable":true,"href":"https:\/\/www.europesays.com\/fi\/wp-json\/wp\/v2\/comments?post=101146"}],"version-history":[{"count":0,"href":"https:\/\/www.europesays.com\/fi\/wp-json\/wp\/v2\/posts\/101146\/revisions"}],"wp:featuredmedia":[{"embeddable":true,"href":"https:\/\/www.europesays.com\/fi\/wp-json\/wp\/v2\/media\/101147"}],"wp:attachment":[{"href":"https:\/\/www.europesays.com\/fi\/wp-json\/wp\/v2\/media?parent=101146"}],"wp:term":[{"taxonomy":"category","embeddable":true,"href":"https:\/\/www.europesays.com\/fi\/wp-json\/wp\/v2\/categories?post=101146"},{"taxonomy":"post_tag","embeddable":true,"href":"https:\/\/www.europesays.com\/fi\/wp-json\/wp\/v2\/tags?post=101146"}],"curies":[{"name":"wp","href":"https:\/\/api.w.org\/{rel}","templated":true}]}}