{"id":101164,"date":"2025-11-27T05:25:13","date_gmt":"2025-11-27T05:25:13","guid":{"rendered":"https:\/\/www.europesays.com\/fi\/101164\/"},"modified":"2025-11-27T05:25:13","modified_gmt":"2025-11-27T05:25:13","slug":"nyt-tuli-raju-ehdotus-venajalle-elina-valtonen-tuskin-talle-moskovassa-hurrataan","status":"publish","type":"post","link":"https:\/\/www.europesays.com\/fi\/101164\/","title":{"rendered":"Nyt tuli raju ehdotus Ven\u00e4j\u00e4lle \u2013 Elina Valtonen: \u201dTuskin t\u00e4lle Moskovassa hurrataan\u201d"},"content":{"rendered":"<p>Ulkoministeri Elina Valtonen esitteli EU-maiden ulkoministerien kokouksen j\u00e4lkeen uuden ehdotuksen Ven\u00e4j\u00e4n suuntaan.<\/p>\n<p>Ulkoministeri Elina Valtonen (kok) piti EU-maiden ulkoministereiden kokouksen j\u00e4lkeen tiedotustilaisuuden suomalaismedialle. <\/p>\n<p>26.11. 13:15 | P\u00e4ivitetty 26.11. 18:54<\/p>\n<p class=\"article-body mb-nof-24 px-nof-16\">EU-maiden ulkoministerit kokoontuivat keskiviikkona keskustelemaan Ven\u00e4j\u00e4n hy\u00f6kk\u00e4yssodasta Ukrainassa. My\u00f6s Ukrainan ulkoministeri <a class=\"article-personlink\" href=\"https:\/\/www.is.fi\/haku\/?query=Andrii%20Sybiha\" rel=\"nofollow noopener\" target=\"_blank\">Andrii Sybiha<\/a> osallistui kokoukseen.<\/p>\n<p class=\"article-body mb-nof-24 px-nof-16\">Ulkoministeri <a class=\"article-personlink\" href=\"https:\/\/www.is.fi\/haku\/?query=Elina%20Valtonen\" rel=\"nofollow noopener\" target=\"_blank\">Elina Valtonen<\/a> (kok) piti kokouksen j\u00e4lkeen tiedotustilaisuuden suomalaismedialle. Hetki hetkelt\u00e4 -seuranta l\u00f6ytyy artikkelin lopusta.<\/p>\n<p class=\"article-body mb-nof-24 px-nof-16\">\u2013\u2009On kohtuullista, ett\u00e4 jos sodan uhrille asetetaan puolustusvoimia koskevia rajoituksia, v\u00e4hint\u00e4\u00e4n vastaavat on kohdistettava hy\u00f6kk\u00e4\u00e4j\u00e4\u00e4n, Valtonen linjasi.<\/p>\n<p class=\"article-body mb-nof-24 px-nof-16\">\u2013\u2009Ven\u00e4j\u00e4n asevoimien kyvykkyyksiin tulisi asettaa rajoitteita.<\/p>\n<p class=\"article-body mb-nof-24 px-nof-16\">Valtonen perusteli ehdotusta sill\u00e4, ett\u00e4 julkisuudessa on n\u00e4hty Ven\u00e4j\u00e4n 28-kohtainen vaatimuslista, joka sis\u00e4lsi merkitt\u00e4vi\u00e4 vaatimuksia esimerkiksi Ukrainan puolustuksen suhteen.<\/p>\n<p class=\"article-body mb-nof-24 px-nof-16\">\u2013\u2009On aivan oikein k\u00e4\u00e4nt\u00e4\u00e4 p\u00f6yt\u00e4 n\u00e4in p\u00e4in. Tuskin Moskovassa t\u00e4lle ajatustavalla hurrataan, mutta varmasti l\u00f6ytyy laajasti kansainv\u00e4list\u00e4 tukea.<\/p>\n<p class=\"article-body mb-nof-24 px-nof-16\">Ulkoministerit saivat kokouksessa my\u00f6s katsauksen Ukrainan sodan neuvottelutilanteesta. Valtosen mukaan Ven\u00e4j\u00e4 ei ole osoittanut edelleenk\u00e4\u00e4n kompromissihalukkuutta neuvotteluissa.<\/p>\n<p class=\"article-body mb-nof-24 px-nof-16\">Yhdysvaltain presidentti <a class=\"article-personlink\" href=\"https:\/\/www.is.fi\/haku\/?query=Donald%20Trump\" rel=\"nofollow noopener\" target=\"_blank\">Donald Trump<\/a> kommentoi keskiviikon vastaisena y\u00f6n\u00e4, ett\u00e4 h\u00e4n ei ole asettanut Ukrainalle ja Ven\u00e4j\u00e4lle tiukkaa takarajaa rauhansuunnitelman hyv\u00e4ksymiselle. Aiemmin uutisoitiin, ett\u00e4 Trump vaatii Ukrainaa hyv\u00e4ksym\u00e4\u00e4n sopimuksen torstaihin menness\u00e4.<\/p>\n<p class=\"article-body mb-nof-24 px-nof-16\">\u2013\u2009Oli sangen ep\u00e4realistista huomiseen menness\u00e4 tehd\u00e4 kattava rauhansuunnitelma.<\/p>\n<p class=\"article-body mb-nof-24 px-nof-16\">Valtonen kertoi pit\u00e4v\u00e4ns\u00e4 hyv\u00e4n\u00e4, ett\u00e4 rauhan takaraja siirtyi.<\/p>\n","protected":false},"excerpt":{"rendered":"Ulkoministeri Elina Valtonen esitteli EU-maiden ulkoministerien kokouksen j\u00e4lkeen uuden ehdotuksen Ven\u00e4j\u00e4n suuntaan. Ulkoministeri Elina Valtonen (kok) piti EU-maiden&hellip;\n","protected":false},"author":2,"featured_media":101165,"comment_status":"","ping_status":"","sticky":false,"template":"","format":"standard","meta":{"footnotes":""},"categories":[14],"tags":[22,23,26,27,33,31,30,17,34,24,25,28,29,15,18,21,32,19,20,56,16,59,60,61],"class_list":{"0":"post-101164","1":"post","2":"type-post","3":"status-publish","4":"format-standard","5":"has-post-thumbnail","7":"category-ulkomaat","8":"tag-breaking-news","9":"tag-breakingnews","10":"tag-featured-news","11":"tag-featurednews","12":"tag-fi","13":"tag-finland","14":"tag-finnish","15":"tag-headlines","16":"tag-ilta-sanomat","17":"tag-latest-news","18":"tag-latestnews","19":"tag-main-news","20":"tag-mainnews","21":"tag-news","22":"tag-otsikot","23":"tag-paauutiset","24":"tag-suomi","25":"tag-top-stories","26":"tag-topstories","27":"tag-ulkomaat","28":"tag-uutiset","29":"tag-world","30":"tag-world-news","31":"tag-worldnews"},"share_on_mastodon":{"url":"https:\/\/pubeurope.com\/@fi\/115620002158158840","error":""},"_links":{"self":[{"href":"https:\/\/www.europesays.com\/fi\/wp-json\/wp\/v2\/posts\/101164","targetHints":{"allow":["GET"]}}],"collection":[{"href":"https:\/\/www.europesays.com\/fi\/wp-json\/wp\/v2\/posts"}],"about":[{"href":"https:\/\/www.europesays.com\/fi\/wp-json\/wp\/v2\/types\/post"}],"author":[{"embeddable":true,"href":"https:\/\/www.europesays.com\/fi\/wp-json\/wp\/v2\/users\/2"}],"replies":[{"embeddable":true,"href":"https:\/\/www.europesays.com\/fi\/wp-json\/wp\/v2\/comments?post=101164"}],"version-history":[{"count":0,"href":"https:\/\/www.europesays.com\/fi\/wp-json\/wp\/v2\/posts\/101164\/revisions"}],"wp:featuredmedia":[{"embeddable":true,"href":"https:\/\/www.europesays.com\/fi\/wp-json\/wp\/v2\/media\/101165"}],"wp:attachment":[{"href":"https:\/\/www.europesays.com\/fi\/wp-json\/wp\/v2\/media?parent=101164"}],"wp:term":[{"taxonomy":"category","embeddable":true,"href":"https:\/\/www.europesays.com\/fi\/wp-json\/wp\/v2\/categories?post=101164"},{"taxonomy":"post_tag","embeddable":true,"href":"https:\/\/www.europesays.com\/fi\/wp-json\/wp\/v2\/tags?post=101164"}],"curies":[{"name":"wp","href":"https:\/\/api.w.org\/{rel}","templated":true}]}}