{"id":101182,"date":"2025-11-27T05:51:14","date_gmt":"2025-11-27T05:51:14","guid":{"rendered":"https:\/\/www.europesays.com\/fi\/101182\/"},"modified":"2025-11-27T05:51:14","modified_gmt":"2025-11-27T05:51:14","slug":"media-yhdysvaltain-erityislahettilas-ohjeisti-venajaa-siita-miten-rauhansuunnitelmaa-kannattaa-ehdottaa-trumpille-tama-neuvotteluista-tiedetaan-nyt","status":"publish","type":"post","link":"https:\/\/www.europesays.com\/fi\/101182\/","title":{"rendered":"Media: Yhdysvaltain erityisl\u00e4hettil\u00e4s ohjeisti Ven\u00e4j\u00e4\u00e4 siit\u00e4, miten rauhansuunnitelmaa kannattaa ehdottaa Trumpille \u2013 T\u00e4m\u00e4 neuvotteluista tiedet\u00e4\u00e4n nyt"},"content":{"rendered":"<p>Erityisl\u00e4hettil\u00e4s Witkoff kertoi lokakuussa Putinin avustajalle, ett\u00e4 Trumpia olisi kehuttava Gazan-rauhansuunnitelmasta.<\/p>\n<p>26.11. 7:13<\/p>\n<p class=\"article-body mb-nof-24 px-nof-16\">Yhdysvaltain erityisl\u00e4hettil\u00e4s <a class=\"article-personlink\" href=\"https:\/\/www.satakunnankansa.fi\/haku\/?query=Steve%20Witkoff\" rel=\"nofollow noopener\" target=\"_blank\">Steve Witkoff<\/a> ohjeisti Ven\u00e4j\u00e4n presidentti <a class=\"article-personlink\" href=\"https:\/\/www.satakunnankansa.fi\/haku\/?query=Vladimir%20Putinin\" rel=\"nofollow noopener\" target=\"_blank\">Vladimir Putinin<\/a> avustajaa siit\u00e4, miten Putinin tulisi ehdottaa rauhansuunnitelmaa Yhdysvaltain presidentti <a class=\"article-personlink\" href=\"https:\/\/www.satakunnankansa.fi\/haku\/?query=Donald%20Trumpille\" rel=\"nofollow noopener\" target=\"_blank\">Donald Trumpille<\/a>.<\/p>\n<p class=\"article-body mb-nof-24 px-nof-16\">Witkoffin ja Putinin avustajan <a class=\"article-personlink\" href=\"https:\/\/www.satakunnankansa.fi\/haku\/?query=Juri%20Ushakovin\" rel=\"nofollow noopener\" target=\"_blank\">Juri Ushakovin<\/a> viime kuussa k\u00e4ym\u00e4st\u00e4 puhelinkeskustelusta kertoi uutistoimisto <a class=\"article-genericlink\" href=\"https:\/\/www.bloomberg.com\/news\/articles\/2025-11-25\/witkoff-advised-russia-on-how-to-pitch-ukraine-plan-to-trump?srnd=homepage-americas&amp;embedded-checkout=true\" rel=\"nofollow noopener\" target=\"_blank\">Bloomberg<\/a>.<\/p>\n<p class=\"article-body mb-nof-24 px-nof-16\">Bloombergin julkaiseman <a class=\"article-genericlink\" href=\"https:\/\/www.bloomberg.com\/news\/articles\/2025-11-25\/witkoff-discusses-ukraine-plans-with-key-putin-aide-transcript\" rel=\"nofollow noopener\" target=\"_blank\">litteroinnin<\/a> mukaan Witkoff kertoi Ushakoville puhelimessa, ett\u00e4 Putinin olisi kehuttava Trumpia Gazan-rauhansuunnitelmasta.<\/p>\n<p class=\"article-body mb-nof-24 px-nof-16\">\u201dOlen samaa mielt\u00e4, ett\u00e4 h\u00e4n onnittelee. H\u00e4n sanoo, ett\u00e4 herra Trump on oikea rauhan mies ja muuta sellaista\u201d, Ushakov oli todennut puhelussa.<\/p>\n<p class=\"article-body mb-nof-24 px-nof-16\">Witkoffin mukaan Trumpille voisi lis\u00e4ksi kertoa, ett\u00e4 Witkoff ja Ushakov ovat puhuneet vastaavanlaisen suunnitelman kehitt\u00e4misest\u00e4 Ukrainan ja Ven\u00e4j\u00e4n v\u00e4lille.<\/p>\n<p class=\"article-body mb-nof-24 px-nof-16\">\u201dUskon, Juri, ett\u00e4 presidentti (Trump) antaa minulle paljon tilaa ja p\u00e4\u00e4t\u00f6svaltaa sopimukseen p\u00e4\u00e4semiseksi\u201d, Witkoff oli sanonut puhelun yhteydess\u00e4.<\/p>\n<p class=\"article-body mb-nof-24 px-nof-16\">Valkoisen talon viestint\u00e4johtaja <a class=\"article-personlink\" href=\"https:\/\/www.satakunnankansa.fi\/haku\/?query=Steven%20Cheungin\" rel=\"nofollow noopener\" target=\"_blank\">Steven Cheungin <\/a>mukaan Bloombergin uutisoima puhelu vain todisti sen, ett\u00e4 Witkoff puhuu sek\u00e4 Ukrainan ett\u00e4 Ven\u00e4j\u00e4n viranomaisten kanssa p\u00e4ivitt\u00e4in saavuttaakseen rauhan. Trump taas <a class=\"article-genericlink\" href=\"https:\/\/www.youtube.com\/live\/2K8V3xqC9Gc?si=inyzCTkADUEQkBnG&amp;t=339\" rel=\"nofollow noopener\" target=\"_blank\">kuvaili<\/a> Witkoffin toimintaa perinteiseksi neuvottelutavaksi.<\/p>\n<p class=\"article-body mb-nof-24 px-nof-16\">Viime viikolla monet mediat kertoivat, ett\u00e4 Yhdysvallat oli yhdess\u00e4 Ven\u00e4j\u00e4n kanssa luonnostellut kaikkiaan 28 kohdan rauhansuunnitelman. Ukraina ja sen liittolaiset kritisoivat luonnosta siit\u00e4, ett\u00e4 se my\u00f6t\u00e4ili liikaa Ven\u00e4j\u00e4n kantoja.<\/p>\n<p class=\"article-body mb-nof-24 px-nof-16\">Ukraina ja Yhdysvallat ty\u00f6stiv\u00e4t viikonloppuna Genevess\u00e4 muokkauksia rauhansuunnitelmaan.<\/p>\n<p>Trump perui Ukrainalle annetun takarajan<\/p>\n<p class=\"article-body mb-nof-24 px-nof-16\">Trump kommentoi keskiviikon vastaisena y\u00f6n\u00e4, ett\u00e4 h\u00e4n ei ole asettanut Ukrainalle ja Ven\u00e4j\u00e4lle tiukkaa takarajaa rauhansuunnitelman hyv\u00e4ksymiselle.<\/p>\n<p class=\"article-body mb-nof-24 px-nof-16\">Aiemmin uutisoitiin, ett\u00e4 Trump vaatii Ukrainaa hyv\u00e4ksym\u00e4\u00e4n sopimuksen torstaihin menness\u00e4.<\/p>\n<p class=\"article-body mb-nof-24 px-nof-16\">&#8221;Minusta takaraja on silloin, kun se [sota] on ohi&#8221;, Trump sanoi.<\/p>\n<p class=\"article-body mb-nof-24 px-nof-16\">Trumpin mukaan neuvottelijat ovat edistyneet sek\u00e4 Ukrainan ett\u00e4 Ven\u00e4j\u00e4n osalta. Trumpin mukaan Ven\u00e4j\u00e4 on suostunut &#8221;joihinkin my\u00f6nnytyksiin&#8221;, uutistoimisto Reuters kirjoittaa.<\/p>\n<p class=\"article-body mb-nof-24 px-nof-16\">Trump sanoi, ett\u00e4 Eurooppa osallistuu &#8221;laajasti&#8221; Ukrainan turvatakuisiin. H\u00e4n kutsui alkuper\u00e4ist\u00e4 28-kohtaista rauhanluonnosta &#8221;vain tiekartaksi&#8221;.<\/p>\n<p class=\"article-body mb-nof-24 px-nof-16\">&#8221;Ukraina on hyvin tyytyv\u00e4inen&#8221;, Trump v\u00e4itti.<\/p>\n<p>Zelenskyi: Ukraina hyv\u00e4ksyy periaatteet<\/p>\n<p class=\"article-body mb-nof-24 px-nof-16\">Ukraina hyv\u00e4ksyy muokatun Yhdysvaltojen rauhansuunnitelman periaatteet, sanoi Ukrainan presidentti <a class=\"article-personlink\" href=\"https:\/\/www.satakunnankansa.fi\/haku\/?query=Volodymyr%20Zelenskyi\" rel=\"nofollow noopener\" target=\"_blank\">Volodymyr Zelenskyi<\/a> tiistai-iltana pit\u00e4m\u00e4ss\u00e4\u00e4n <a class=\"article-genericlink\" href=\"https:\/\/www.president.gov.ua\/en\/news\/bagato-zalezhit-vid-ameriki-bo-same-na-amerikansku-silu-v-ro-101609\" rel=\"nofollow noopener\" target=\"_blank\">videopuheessa<\/a>.<\/p>\n<p class=\"article-body mb-nof-24 px-nof-16\">\u201dT\u00e4m\u00e4n (Genevess\u00e4 valmistellun) asiakirjan periaatteet voivat kehitty\u00e4 perusteellisemmiksi sopimuksiksi\u201d, Zelenskyi sanoi.<\/p>\n<p class=\"article-body mb-nof-24 px-nof-16\">Zelenskyin mukaan paljon riippuu Yhdysvalloista, sill\u00e4 Ven\u00e4j\u00e4 ottaa kaikkein vakavimmin Yhdysvaltojen voiman.<\/p>\n<p class=\"article-body mb-nof-24 px-nof-16\">H\u00e4n sanoi luottavansa siihen, ett\u00e4 Ukrainan aktiivinen yhteisty\u00f6 Yhdysvaltojen ja presidentti <a class=\"article-personlink\" href=\"https:\/\/www.satakunnankansa.fi\/haku\/?query=Donald%20Trumpin\" rel=\"nofollow noopener\" target=\"_blank\">Donald Trumpin<\/a> kanssa jatkuu.<\/p>\n<p class=\"article-body mb-nof-24 px-nof-16\">Trump kirjoitti <a class=\"article-genericlink\" href=\"https:\/\/truthsocial.com\/@realDonaldTrump\/115612007398266637\" rel=\"nofollow noopener\" target=\"_blank\">Truth Social <\/a>-viestipalvelussaan tiistaina, ett\u00e4 alkuper\u00e4ist\u00e4 28-kohtaista suunnitelmaa on muokattu ja vain muutamista kohdista on en\u00e4\u00e4 kiistaa.<\/p>\n<p class=\"article-body mb-nof-24 px-nof-16\">Trump kertoi l\u00e4hett\u00e4v\u00e4ns\u00e4 Witkoffin tapaamaan Putinia Moskovaan ja Yhdysvaltain maavoimaministerin <a class=\"article-personlink\" href=\"https:\/\/www.satakunnankansa.fi\/haku\/?query=Dan%20Driscollin\" rel=\"nofollow noopener\" target=\"_blank\">Dan Driscollin<\/a> tapaamaan ukrainalaisia. Zelenskyin kansliap\u00e4\u00e4llik\u00f6n <a class=\"article-personlink\" href=\"https:\/\/www.satakunnankansa.fi\/haku\/?query=Andri%20Jermakin\" rel=\"nofollow noopener\" target=\"_blank\">Andri Jermakin<\/a> <a class=\"article-genericlink\" href=\"https:\/\/x.com\/AndriyYermak\/status\/1993425829229916512?s=20\" rel=\"nofollow\">mukaan<\/a> Driscollin odotetaan vierailevan Ukrainassa t\u00e4ll\u00e4 viikolla.<\/p>\n<p class=\"article-body mb-nof-24 px-nof-16\">Trump sanoi olevansa itse valmis tapaamaan Putinin ja Zelenskyin vasta sen j\u00e4lkeen, kun rauhansuunnitelma on saatu aikaan tai se on viimeistelyvaiheessa.<\/p>\n<p>Trump: Witkoff tapaa Putinin ensi viikolla<\/p>\n<p class=\"article-body mb-nof-24 px-nof-16\">Trump sanoi tiistaina Yhdysvaltain aikaa, ett\u00e4 Witkoffin on m\u00e4\u00e4r\u00e4 tavata Putin ensi viikolla.<\/p>\n<p class=\"article-body mb-nof-24 px-nof-16\">Yhdysvaltain presidentin Air Force One -virkakoneessa <a class=\"article-genericlink\" href=\"https:\/\/www.youtube.com\/live\/2K8V3xqC9Gc?si=AnRr_sln-bh1KYoO&amp;t=208\" rel=\"nofollow noopener\" target=\"_blank\">lehdist\u00f6lle puhunut<\/a> Trump kommentoi lis\u00e4ksi alkuper\u00e4ist\u00e4 28-kohtaista rauhansuunnitelmaluonnosta, jota h\u00e4n kuvaili alustavaksi konseptiksi.<\/p>\n<p class=\"article-body mb-nof-24 px-nof-16\">\u201dSe oli vain kartta. Se ei ollut suunnitelma vaan konsepti\u201d, Trump sanoi.<\/p>\n<p class=\"article-body mb-nof-24 px-nof-16\">Trump sanoi, ett\u00e4 suunnitelmaluonnoksen kohtien m\u00e4\u00e4r\u00e4\u00e4 olisi neuvottelujen jatkuessa laskettu ainakin 22:een. Muun muassa <a class=\"article-genericlink\" href=\"https:\/\/www.ft.com\/content\/883e5a47-430c-4fc2-85ee-cd6af9bb599d\" rel=\"nofollow noopener\" target=\"_blank\">Financial Times<\/a> ja <a class=\"article-genericlink\" href=\"https:\/\/www.politico.com\/news\/2025\/11\/24\/driscoll-meets-russians-abu-dhabi-ukraine-00667374?nid=0000014f-1646-d88f-a1cf-5f46b7bd0000&amp;nname=playbook&amp;nrid=0000015a-d43f-dc92-affb-f4bfe96e0000\" rel=\"nofollow noopener\" target=\"_blank\">Politico<\/a> kertoivat aiemmin, ett\u00e4 Ukraina ja Yhdysvallat olivat ty\u00f6st\u00e4neet viikonloppuna uutta, 19-kohtaista rauhansuunnitelmaa.<\/p>\n<p class=\"article-body mb-nof-24 px-nof-16\">Trump sanoi tiistaina, ett\u00e4 Ven\u00e4j\u00e4 olisi my\u00f6s tehnyt my\u00f6nnytyksi\u00e4 neuvotteluissa.<\/p>\n<p class=\"article-body mb-nof-24 px-nof-16\">Aiemmin Trump oli vaatinut, ett\u00e4 Zelenskyi hyv\u00e4ksyisi alkuper\u00e4isen suunnitelman t\u00e4m\u00e4n viikon torstaihin menness\u00e4. Tiistaina Trump sanoi kuitenkin lehdist\u00f6lle, ett\u00e4 t\u00e4llaista aikarajaa ei ole ja takaraja on sodan p\u00e4\u00e4ttymisess\u00e4.<\/p>\n","protected":false},"excerpt":{"rendered":"Erityisl\u00e4hettil\u00e4s Witkoff kertoi lokakuussa Putinin avustajalle, ett\u00e4 Trumpia olisi kehuttava Gazan-rauhansuunnitelmasta. 26.11. 7:13 Yhdysvaltain erityisl\u00e4hettil\u00e4s Steve Witkoff ohjeisti&hellip;\n","protected":false},"author":2,"featured_media":101183,"comment_status":"","ping_status":"","sticky":false,"template":"","format":"standard","meta":{"footnotes":""},"categories":[14],"tags":[22,23,26,27,33,31,30,17,24,25,28,29,15,18,21,80,32,19,20,56,16,59,60,61],"class_list":{"0":"post-101182","1":"post","2":"type-post","3":"status-publish","4":"format-standard","5":"has-post-thumbnail","7":"category-ulkomaat","8":"tag-breaking-news","9":"tag-breakingnews","10":"tag-featured-news","11":"tag-featurednews","12":"tag-fi","13":"tag-finland","14":"tag-finnish","15":"tag-headlines","16":"tag-latest-news","17":"tag-latestnews","18":"tag-main-news","19":"tag-mainnews","20":"tag-news","21":"tag-otsikot","22":"tag-paauutiset","23":"tag-satakunnan-kansa","24":"tag-suomi","25":"tag-top-stories","26":"tag-topstories","27":"tag-ulkomaat","28":"tag-uutiset","29":"tag-world","30":"tag-world-news","31":"tag-worldnews"},"share_on_mastodon":{"url":"https:\/\/pubeurope.com\/@fi\/115620104411234796","error":""},"_links":{"self":[{"href":"https:\/\/www.europesays.com\/fi\/wp-json\/wp\/v2\/posts\/101182","targetHints":{"allow":["GET"]}}],"collection":[{"href":"https:\/\/www.europesays.com\/fi\/wp-json\/wp\/v2\/posts"}],"about":[{"href":"https:\/\/www.europesays.com\/fi\/wp-json\/wp\/v2\/types\/post"}],"author":[{"embeddable":true,"href":"https:\/\/www.europesays.com\/fi\/wp-json\/wp\/v2\/users\/2"}],"replies":[{"embeddable":true,"href":"https:\/\/www.europesays.com\/fi\/wp-json\/wp\/v2\/comments?post=101182"}],"version-history":[{"count":0,"href":"https:\/\/www.europesays.com\/fi\/wp-json\/wp\/v2\/posts\/101182\/revisions"}],"wp:featuredmedia":[{"embeddable":true,"href":"https:\/\/www.europesays.com\/fi\/wp-json\/wp\/v2\/media\/101183"}],"wp:attachment":[{"href":"https:\/\/www.europesays.com\/fi\/wp-json\/wp\/v2\/media?parent=101182"}],"wp:term":[{"taxonomy":"category","embeddable":true,"href":"https:\/\/www.europesays.com\/fi\/wp-json\/wp\/v2\/categories?post=101182"},{"taxonomy":"post_tag","embeddable":true,"href":"https:\/\/www.europesays.com\/fi\/wp-json\/wp\/v2\/tags?post=101182"}],"curies":[{"name":"wp","href":"https:\/\/api.w.org\/{rel}","templated":true}]}}