{"id":101184,"date":"2025-11-27T05:52:08","date_gmt":"2025-11-27T05:52:08","guid":{"rendered":"https:\/\/www.europesays.com\/fi\/101184\/"},"modified":"2025-11-27T05:52:08","modified_gmt":"2025-11-27T05:52:08","slug":"osa-itasuomalaisista-voisi-harkita-yhteistyota-venalaisten-kanssa-mutta-ehtojen-lista-on-pitka-pohjois-karjala","status":"publish","type":"post","link":"https:\/\/www.europesays.com\/fi\/101184\/","title":{"rendered":"Osa it\u00e4\u00adsuomalaisista voisi harkita yhteisty\u00f6t\u00e4 ven\u00e4l\u00e4isten kanssa, mutta ehtojen lista on pitk\u00e4 | Pohjois-Karjala"},"content":{"rendered":"<p class=\"aw-1gybjub aw-5vja16 kEtdKx kmuxyA yle__article__paragraph\">Jos Ven\u00e4j\u00e4n hy\u00f6kk\u00e4yssota Ukrainassa p\u00e4\u00e4ttyy tyydytt\u00e4v\u00e4\u00e4n rauhaan, se voi avata ovia yhteisty\u00f6lle It\u00e4-Suomessa. Tulevaisuus on silti ensisijaisesti muualla, tuore selvitys osoittaa.<\/p>\n<p><img decoding=\"async\" alt=\"Rajavy\u00f6hykkeen tolppa hangessa j\u00e4rven j\u00e4\u00e4ll\u00e4.\" src=\"https:\/\/www.europesays.com\/fi\/wp-content\/uploads\/2025\/11\/39-1264030660541968bb21.jpeg\" class=\"aw-1l9m598 hKVVvP\"\/><\/p>\n<p>Avaa kuvien katselu<\/p>\n<p>Ven\u00e4j\u00e4n hy\u00f6kk\u00e4yssota Ukrainaan ja it\u00e4rajan sulku ovat aiheuttaneet taloudellisia ongelmia It\u00e4-Suomessa. Tulevaisuudessa it\u00e4suomalaiset haluavat olla v\u00e4hemm\u00e4n riippuvaisia Ven\u00e4j\u00e4st\u00e4. Kuva: Heikki Haapalainen \/ Yle<\/p>\n<p>Juttu tiivistettyn\u00e4<\/p>\n<ul class=\"aw-1jjocuh iJTSwP yle__article__list yle__article__list--ul\">\n<li class=\"aw-1j7gwms gNYKfi\">Osa It\u00e4-Suomen p\u00e4\u00e4tt\u00e4jist\u00e4 pit\u00e4\u00e4 yhteisty\u00f6t\u00e4 Ven\u00e4j\u00e4n kanssa mahdollisena, jos sota Ukrainassa p\u00e4\u00e4ttyy tyydytt\u00e4v\u00e4\u00e4n rauhaan, kertoo E2 Tutkimuksen selvitys.<\/li>\n<li class=\"aw-1j7gwms gNYKfi\">Selvityksen mukaan vajaa puolet vastaajista pit\u00e4\u00e4 yhteisty\u00f6t\u00e4 mahdollisena varauksin.<\/li>\n<li class=\"aw-1j7gwms gNYKfi\">Reilu kolmannes vastaajista ei pid\u00e4 yhteisty\u00f6t\u00e4 todenn\u00e4k\u00f6isen\u00e4 rauhankaan j\u00e4lkeen. Kriittisimmin yhteisty\u00f6h\u00f6n suhtautuvat korkeakoulut.<\/li>\n<\/ul>\n<p class=\"aw-1gybjub aw-1p7kakr kEtdKx cEmitX yle__article__paragraph\">T\u00e4m\u00e4 on teko\u00e4lyn avulla tuotettu, toimittajan tarkistama tiivistelm\u00e4.<\/p>\n<p class=\"aw-1gybjub aw-1p7kakr kEtdKx cEmitX yle__article__paragraph\">Osa it\u00e4suomalaisista p\u00e4\u00e4tt\u00e4jist\u00e4 ja vaikuttajista on valmis harkitsemaan yhteisty\u00f6t\u00e4 Ven\u00e4j\u00e4n kanssa, jos sota Ukrainassa p\u00e4\u00e4ttyy tyydytt\u00e4v\u00e4sti. Osa tyrm\u00e4\u00e4 yhteisty\u00f6n jatkossakin.<\/p>\n<p class=\"aw-1gybjub aw-1p7kakr kEtdKx cEmitX yle__article__paragraph\">Tutkimustalo E2 Tutkimus selvitti, mit\u00e4 merkitt\u00e4v\u00e4ss\u00e4 asemassa olevat it\u00e4suomalaiset ajattelevat It\u00e4-Suomen tulevaisuudesta. Tutkijat tavoittivat kyselyll\u00e4 96 vastaajaa, jotka edustavat muun muassa kuntia, yrityksi\u00e4, korkeakouluja ja j\u00e4rjest\u00f6j\u00e4. Lis\u00e4ksi tutkijat tekiv\u00e4t 17 haastattelua.<\/p>\n<p class=\"aw-1gybjub aw-1p7kakr kEtdKx cEmitX yle__article__paragraph\">Vajaa puolet vastaajista kokee, ett\u00e4 yhteisty\u00f6 ven\u00e4l\u00e4isten kanssa voi olla mahdollista varauksin. Tutkija <strong class=\"aw-ak79eh KyCXm yle__article__strong\">Atte Penttil\u00e4n<\/strong> mukaan erilaisten varaumien lista on kirjava.<\/p>\n<p class=\"aw-1gybjub aw-1p7kakr kEtdKx cEmitX yle__article__paragraph\">Mit\u00e4\u00e4n merkitt\u00e4v\u00e4\u00e4 ei todenn\u00e4k\u00f6isesti tapahdu ennen kuin Ukrainassa on riitt\u00e4v\u00e4n tyydytt\u00e4v\u00e4ksi katsottava rauha. Sen j\u00e4lkeen yhteisty\u00f6 riippuu muun muassa siit\u00e4, mihin suuntaan demokratia- ja ihmisoikeuskysymykset kehittyv\u00e4t Ven\u00e4j\u00e4ll\u00e4.<\/p>\n<p class=\"aw-1gybjub aw-1p7kakr kEtdKx cEmitX yle__article__paragraph\">It\u00e4suomalaiset joutuvat my\u00f6s pohtimaan, uskaltaako Ven\u00e4j\u00e4\u00e4n sitoutua.<\/p>\n<p class=\"aw-1gybjub aw-1p7kakr kEtdKx cEmitX yle__article__paragraph\">\u2013 Moni ei halua rakentaa vuosia yhteisty\u00f6t\u00e4, kunnes sitten taas jotain tapahtuu. Ei haluta ik\u00e4\u00e4n polttaa n\u00e4ppej\u00e4 uudestaan, Penttil\u00e4 toteaa.<\/p>\n<p><strong class=\"aw-1bgq5a3 bSmpIc\">Atte Penttil\u00e4 kertoo, millaista pohdintaa it\u00e4suomalaiset k\u00e4yv\u00e4t Ven\u00e4j\u00e4-yhteisty\u00f6h\u00f6n liittyen<\/strong><\/p>\n<p>Jos Ukrainaan tulee rauha, it\u00e4suomalaisilla on viel\u00e4 monta kysymyst\u00e4 pohdittavana ennen kuin yhteisty\u00f6 Ven\u00e4j\u00e4n kanssa voi alkaa. Atte Penttil\u00e4\u00e4 haastattelee Alberto Politi.Korkeakoulujen edustajilla jyrkin mielipide<\/p>\n<p class=\"aw-1gybjub aw-1p7kakr kEtdKx cEmitX yle__article__paragraph\">E2 Tutkimuksen selvityksess\u00e4 reilu kolmannes vastaajista ajattelee, ett\u00e4 Ven\u00e4j\u00e4-yhteisty\u00f6 olisi rauhankin j\u00e4lkeen ep\u00e4todenn\u00e4k\u00f6ist\u00e4 ja ei-toivottua. Korkeakoulujen edustajat suhtautuvat yhteisty\u00f6h\u00f6n kriittisemmin kuin esimerkiksi kunnat ja yritykset.<\/p>\n<p class=\"aw-1gybjub aw-1p7kakr kEtdKx cEmitX yle__article__paragraph\">Penttil\u00e4n mukaan t\u00e4t\u00e4 voi selitt\u00e4\u00e4 se, ett\u00e4 k\u00e4yt\u00e4nn\u00f6ss\u00e4 kaikki korkeakoulujen yhteisty\u00f6hankkeet katkesivat kuin sein\u00e4\u00e4n.<\/p>\n<p class=\"aw-1gybjub aw-1p7kakr kEtdKx cEmitX yle__article__paragraph\">\u2013 Voi my\u00f6s olla, ettei korkeakoulujen talous ole niin riippuvainen ven\u00e4l\u00e4isten kanssa tehdyst\u00e4 yhteisty\u00f6st\u00e4 kuin joillain yrityksill\u00e4 tai kunnilla, Penttil\u00e4 pohtii.<\/p>\n<p class=\"aw-1gybjub aw-1p7kakr kEtdKx cEmitX yle__article__paragraph\">Selvityksen mukaan It\u00e4-Suomen tulevaisuus on muun muassa vihre\u00e4ss\u00e4 siirtym\u00e4ss\u00e4 ja kansainv\u00e4listen osaajien ty\u00f6llist\u00e4misess\u00e4. Yli 90 prosenttia vastaajista kokee, ett\u00e4 valtion on tuettava It\u00e4-Suomen kehitt\u00e4mist\u00e4 merkitt\u00e4v\u00e4sti nykyist\u00e4 enemm\u00e4n.<\/p>\n<p><img decoding=\"async\" alt=\"Suomen kartta jossa valittuna kuusi maakuntaa.\" src=\"https:\/\/www.europesays.com\/fi\/wp-content\/uploads\/2025\/11\/39-15598696926f063f3b8d.jpeg\" loading=\"lazy\" class=\"aw-1l9m598 hKVVvP\"\/><\/p>\n<p>Avaa kuvien katselu<\/p>\n<p>E2 Tutkimus haastatteli vaikuttajia Etel\u00e4-Karjalasta, Etel\u00e4-Savosta, Kainuusta, Kymenlaaksosta, Pohjois-Karjalasta ja Pohjois-Savosta.  Kuva: Sami Takkinen \/ Yle, MapCreator, OpenStreetMap<\/p>\n","protected":false},"excerpt":{"rendered":"Jos Ven\u00e4j\u00e4n hy\u00f6kk\u00e4yssota Ukrainassa p\u00e4\u00e4ttyy tyydytt\u00e4v\u00e4\u00e4n rauhaan, se voi avata ovia yhteisty\u00f6lle It\u00e4-Suomessa. Tulevaisuus on silti ensisijaisesti muualla,&hellip;\n","protected":false},"author":2,"featured_media":101185,"comment_status":"","ping_status":"","sticky":false,"template":"","format":"standard","meta":{"footnotes":""},"categories":[12],"tags":[22,23,19392,1302,184,26,27,33,31,30,17,5188,723,71,464,24,25,28,29,15,18,21,1137,1136,32,19,20,472,16,547,10886,1356],"class_list":{"0":"post-101184","1":"post","2":"type-post","3":"status-publish","4":"format-standard","5":"has-post-thumbnail","7":"category-suomi","8":"tag-breaking-news","9":"tag-breakingnews","10":"tag-e2-tutkimus","11":"tag-etela-karjala","12":"tag-etela-savo","13":"tag-featured-news","14":"tag-featurednews","15":"tag-fi","16":"tag-finland","17":"tag-finnish","18":"tag-headlines","19":"tag-ita-suomi","20":"tag-kainuu","21":"tag-kotimaa","22":"tag-kymenlaakso","23":"tag-latest-news","24":"tag-latestnews","25":"tag-main-news","26":"tag-mainnews","27":"tag-news","28":"tag-otsikot","29":"tag-paauutiset","30":"tag-pohjois-karjala","31":"tag-pohjois-savo","32":"tag-suomi","33":"tag-top-stories","34":"tag-topstories","35":"tag-tutkimus","36":"tag-uutiset","37":"tag-venaja","38":"tag-yhteistyo","39":"tag-yritykset"},"share_on_mastodon":{"url":"https:\/\/pubeurope.com\/@fi\/115620108496892416","error":""},"_links":{"self":[{"href":"https:\/\/www.europesays.com\/fi\/wp-json\/wp\/v2\/posts\/101184","targetHints":{"allow":["GET"]}}],"collection":[{"href":"https:\/\/www.europesays.com\/fi\/wp-json\/wp\/v2\/posts"}],"about":[{"href":"https:\/\/www.europesays.com\/fi\/wp-json\/wp\/v2\/types\/post"}],"author":[{"embeddable":true,"href":"https:\/\/www.europesays.com\/fi\/wp-json\/wp\/v2\/users\/2"}],"replies":[{"embeddable":true,"href":"https:\/\/www.europesays.com\/fi\/wp-json\/wp\/v2\/comments?post=101184"}],"version-history":[{"count":0,"href":"https:\/\/www.europesays.com\/fi\/wp-json\/wp\/v2\/posts\/101184\/revisions"}],"wp:featuredmedia":[{"embeddable":true,"href":"https:\/\/www.europesays.com\/fi\/wp-json\/wp\/v2\/media\/101185"}],"wp:attachment":[{"href":"https:\/\/www.europesays.com\/fi\/wp-json\/wp\/v2\/media?parent=101184"}],"wp:term":[{"taxonomy":"category","embeddable":true,"href":"https:\/\/www.europesays.com\/fi\/wp-json\/wp\/v2\/categories?post=101184"},{"taxonomy":"post_tag","embeddable":true,"href":"https:\/\/www.europesays.com\/fi\/wp-json\/wp\/v2\/tags?post=101184"}],"curies":[{"name":"wp","href":"https:\/\/api.w.org\/{rel}","templated":true}]}}