{"id":101186,"date":"2025-11-27T05:53:08","date_gmt":"2025-11-27T05:53:08","guid":{"rendered":"https:\/\/www.europesays.com\/fi\/101186\/"},"modified":"2025-11-27T05:53:08","modified_gmt":"2025-11-27T05:53:08","slug":"aino-raisa-selviytyi-vakavasta-kolarista-mutta-menetti-kolme-ystavaansa-laakarit-antoivat-synkan-arvion","status":"publish","type":"post","link":"https:\/\/www.europesays.com\/fi\/101186\/","title":{"rendered":"Aino R\u00e4is\u00e4 selviytyi vakavasta kolarista, mutta menetti kolme yst\u00e4v\u00e4\u00e4ns\u00e4 \u2013 L\u00e4\u00e4k\u00e4rit antoivat synk\u00e4n arvion"},"content":{"rendered":"<p class=\"paragraph\">Korpilahden helmikuinen aamu oli talvinen vuonna 2022. Keli oli j\u00e4inen ja h\u00e4m\u00e4r\u00e4. Pian kyl\u00e4ll\u00e4 surtiin jo kolmen nuoren opiskelijan kuolemaa.<\/p>\n<p class=\"paragraph\">Vain Aino R\u00e4is\u00e4 j\u00e4i henkiin, kun henkil\u00f6auto ajautui kohti rekkaa surullisin seurauksin. R\u00e4is\u00e4n selvi\u00e4mist\u00e4 voi pit\u00e4\u00e4 ihmeen\u00e4.<\/p>\n<p class=\"paragraph\">Reilut kolme vuotta my\u00f6hemmin <strong>Aino R\u00e4is\u00e4<\/strong>, 24, tervehtii toimittajaa iloisesti hymyillen. H\u00e4meenlinnalaista katsellessa ei voi edes kuvitella millaisia kokemuksia h\u00e4nell\u00e4 on takanaan.<\/p>\n<p class=\"paragraph\">Liikenneonnettomuudesta selviytymisen lis\u00e4ksi h\u00e4n on joutunut rakentamaan aiemman el\u00e4m\u00e4ns\u00e4 muistot uudelleen sek\u00e4 opettelemaan niin puhumisen kuin k\u00e4velyn. Nuorella naisella riitt\u00e4\u00e4 kuitenkin kovista kokemuksista huolimatta el\u00e4m\u00e4niloa.<\/p>\n<p class=\"paragraph\">\u2013 El\u00e4m\u00e4ni on kaikesta huolimatta varsin hyv\u00e4\u00e4, nautin tavallisesta arjesta. Minulla riitt\u00e4\u00e4 my\u00f6s tavoitteita, sill\u00e4 niit\u00e4 t\u00e4ytyy olla.<\/p>\n<p class=\"paragraph\">R\u00e4is\u00e4n el\u00e4m\u00e4n muuttanut onnettomuus tapahtui Valtatiell\u00e4 9 Korpilahdella, joka on osa Jyv\u00e4skyl\u00e4\u00e4.<\/p>\n<p class=\"paragraph\">H\u00e4n istui henkil\u00f6autossa kolmen opiskelutoverinsa kanssa. Se, ett\u00e4 R\u00e4is\u00e4 istui takapenkill\u00e4, auton oikealla puolella, pelasti h\u00e4nen henkens\u00e4. Muut autossa olleet kuolivat henkil\u00f6auton kuljettajan menetetty\u00e4 liukkaalla tiell\u00e4 ajoneuvon hallinnan.<\/p>\n<p class=\"paragraph\">\u2013 Automme osui vastaan tulleen rekan keulaan. Rekan kyydiss\u00e4 oli my\u00f6s muita autoja, mik\u00e4 lis\u00e4si iskun voimakkuutta. Olin kuin ihmeen kaupalla ainoa elossa selvinnyt.<\/p>\n<p class=\"paragraph\">Vakavat vammat saanut tajuton R\u00e4is \u00e4 jouduttiin irrottamaan autosta. Sit\u00e4 ennen h\u00e4n k\u00e4rsi hapenpuutteesta parikymment\u00e4 minuuttia auton romun painaessa h\u00e4nt\u00e4 voimakkaasti.<\/p>\n<p class=\"paragraph\">\u2013 T\u00e4m\u00e4 kaikki selvisi poliisiraportista. Siit\u00e4 k\u00e4y my\u00f6s ilmi koskettava teko, sill\u00e4 joku toinen autoilija oli tuonut minulle irrotuksen ajaksi viltin, etten paleltuisi kylm\u00e4ss\u00e4 s\u00e4\u00e4ss\u00e4.<\/p>\n<p class=\"paragraph\">R\u00e4is\u00e4 vietiin Keski-Suomen keskussairaalaan Jyv\u00e4skyl\u00e4\u00e4n. Koska tilanne oli eritt\u00e4in kriittinen, h\u00e4net siirrettiin nopeasti helikopterilla Kuopion yliopistolliseen sairaalaan. Siell\u00e4 todettiin laajat vammat.<\/p>\n<p class=\"paragraph\">\u2013 Minulla todettiin vakava p\u00e4\u00e4vamma. Isku p\u00e4\u00e4h\u00e4n ja hapenpuute olivat aiheuttaneet vaikean aivovamman. Aivopaineiden laskemiseksi jouduttiin kalloni oikealta puolelta poistamaan k\u00e4mmenen kokoinen pala. Minulla oli my\u00f6s ilmarinta, mink\u00e4 lis\u00e4ksi lantioni sek\u00e4 vasen jalkani ja k\u00e4teni olivat murtuneet monesta kohtaa.<\/p>\n<p class=\"paragraph\">El\u00e4m\u00e4st\u00e4\u00e4n taistellut R\u00e4is\u00e4 voitti lopulta kamppailun kuolemaa vastaan aivopaineiden k\u00e4\u00e4nnytty\u00e4 laskuun. Samalla tajuttoman R\u00e4is\u00e4n murtumat operoitiin. H\u00e4nen ollessaan tajuttomana tapahtui erikoinen hetki.<\/p>\n<p class=\"paragraph\">\u2013 \u00c4itini soitti minulle <strong>Taylor Swiftin<\/strong> Willow-kappaleen. H\u00e4nen soittaessaan sit\u00e4 kyyneleet valuivat silmist\u00e4ni, vaikka olin tajuton.<\/p>\n<p>Onnettomuushetkell\u00e4 oli liukasta. Mika Rinne<\/p>\n<p>Kynttil\u00e4t Korpilahdella helmikuussa 2022 kolmen kuolemaan johtaneen onnettomuuden j\u00e4lkeen. Mika Rinne<\/p>\n<p>V\u00e4hitellen kuntotuen<\/p>\n<p class=\"paragraph\">R\u00e4is\u00e4 alkoi v\u00e4hitellen her\u00e4ill\u00e4 p\u00e4tkitt\u00e4in viikkojen tajuttomuuden j\u00e4lkeen. Samalla h\u00e4net p\u00e4\u00e4tettiin siirt\u00e4\u00e4 H\u00e4meenlinnaan Kanta-H\u00e4meen keskussairaalan neurologiselle vuodeosastolle.<\/p>\n<p class=\"paragraph\">\u2013 Vanhemmilleni oli tuolloin annettu arvio, etten tule koskaan nousemaan s\u00e4ngyst\u00e4 vaan olemaan aina siin\u00e4 pahasti vammautuneena. N\u00e4in ei kuitenkaan onneksi tapahtunut.<\/p>\n<p class=\"paragraph\">H\u00e4nell\u00e4 ei ole juurikaan muistikuvia keskussairaala-ajalta. H\u00e4net p\u00e4\u00e4tettiin jonkin ajan kuluttua siirt\u00e4\u00e4 kuntoutukseen Riihim\u00e4en sairaalan neurologiselle osastolle. Siell\u00e4 tapahtui heti ensimm\u00e4isen\u00e4 p\u00e4iv\u00e4n\u00e4 ihme. Aikaa onnettomuudesta oli kulunut vajaat kaksi kuukautta.<\/p>\n<p class=\"paragraph\">\u2013 Sanoin ensimm\u00e4iset sanani onnettomuuden j\u00e4lkeen. Ne olivat: \u201dEi viel\u00e4.\u201d T\u00e4m\u00e4 ajoittui siihen kun luonani k\u00e4ym\u00e4ss\u00e4 olleet vanhempani olivat l\u00e4hd\u00f6ss\u00e4 pois. Tilanne oli ollut vanhemmilleni valtava kokemus, joka oli t\u00e4ynn\u00e4 iloa.<\/p>\n<p class=\"paragraph\">R\u00e4is\u00e4 haluaa pit\u00e4\u00e4 ensimm\u00e4iset sanansa elossa jatkossakin.<\/p>\n<p class=\"paragraph\">\u2013 Olen p\u00e4\u00e4tt\u00e4nyt, ett\u00e4 nuo sanat tatuoidaan joku hetki ihooni.<\/p>\n<p class=\"paragraph\">Puhuminen ei kuitenkaan muutoin l\u00e4htenyt sujumaan helposti, sanat olivat hukassa.<\/p>\n<p class=\"paragraph\">\u2013 Minulla oli suuria ongelmia muistaa, mit\u00e4 mik\u00e4kin sana tarkoittaa. En my\u00f6sk\u00e4\u00e4n muistanut esimerkiksi esineiden nimi\u00e4, eli niit\u00e4 oli mahdoton yritt\u00e4\u00e4 sanoa \u00e4\u00e4neen. Sain t\u00e4h\u00e4n merkitt\u00e4v\u00e4\u00e4 apua pitk\u00e4kestoisesta puheterapiasta, sen avulla sanavarasto kasvoi v\u00e4hitellen.<\/p>\n<p class=\"paragraph\">My\u00f6s fyysinen harjoittelu alkoi. R\u00e4is\u00e4n oli opeteltava uudelleen monet tutut taidot.<\/p>\n<p class=\"paragraph\">\u2013 En osannut esimerkiksi k\u00e4vell\u00e4 tai sy\u00f6d\u00e4. Taitoja alettiin harjoitella eri terapeuttien kanssa. Se, ett\u00e4 nousin aluksi istumaan ja siit\u00e4 v\u00e4hitellen py\u00f6r\u00e4tuolin oli jo omanlaisensa ihme alkuarvioon n\u00e4hden.<\/p>\n<p>Ainoa siirreltiin H\u00e4meenlinnan keskussairaalan neurologisella osastolla s\u00e4ngyst\u00e4 py\u00f6r\u00e4tuoliin nostoliinojen ja fysioterapeuttien avulla. Kuva: Aino R\u00e4is\u00e4n arkisto<\/p>\n<p>Kallon implanttileikkaus tehtiin Tampereen yliopistollisessa sairaalassa.  Kuva: Aino R\u00e4is\u00e4n arkisto<\/p>\n<p>Pahoja muistiongelmia<\/p>\n<p class=\"paragraph\">Raju isku p\u00e4\u00e4h\u00e4n oli kuitenkin vienyt R\u00e4is\u00e4n muistin.<\/p>\n<p class=\"paragraph\">\u2013 Minulla ei ollut juuri mink\u00e4\u00e4nlaisia muistikuvia entisest\u00e4 el\u00e4m\u00e4st\u00e4ni. En my\u00f6sk\u00e4\u00e4n tunnistanut alkuaikoina l\u00e4hesk\u00e4\u00e4n kaikkia tuttuja ihmisi\u00e4. Onnettomuus j\u00e4tti minulle my\u00f6s kasvosokeuden, mik\u00e4 vaikeutti tunnistamista. Vanhempani tunnistin alussa erityisesti heid\u00e4n \u00e4\u00e4nest\u00e4\u00e4n.<\/p>\n<p class=\"paragraph\">\u2013 Nyky\u00e4\u00e4nkin tunnistan ihmiset puhe\u00e4\u00e4nest\u00e4. Olen oppinut lis\u00e4ksi tunnistamaan tuttuja ihmisi\u00e4 esimerkiksi silm\u00e4laseista sek\u00e4 hius- ja pukeutumistyylist\u00e4.<\/p>\n<p class=\"paragraph\">H\u00e4nell\u00e4 oli my\u00f6s erilaisia kipuja.<\/p>\n<p class=\"paragraph\">\u2013 Minulle on kerrottu, ett\u00e4 hikoilin kipujen vuoksi. En kuitenkaan muista niist\u00e4 mit\u00e4\u00e4n, eli tuon ajan muistiongelmissa on hyv\u00e4\u00e4kin.<\/p>\n<p class=\"paragraph\">Kes\u00e4kuun alussa h\u00e4n p\u00e4\u00e4si osallistumaan py\u00f6r\u00e4tuolissa veljens\u00e4 ylioppilasjuhliin.<\/p>\n<p class=\"paragraph\">\u2013 Oli tietenkin hienoa p\u00e4\u00e4st\u00e4 mukaan. Juhlissa olo oli kuitenkin h\u00e4mment\u00e4v\u00e4\u00e4, sill\u00e4 monet kysyiv\u00e4t minulta erilaisia asioista, joihin en voinut muistiongelmien vuoksi vastata.<\/p>\n<p class=\"paragraph\">R\u00e4is\u00e4lle kerrottiin viikko juhlien j\u00e4lkeen, ett\u00e4 h\u00e4n oli vammautunut onnettomuudessa, jossa menehtyi kolme ihmist\u00e4. H\u00e4n ei muistanut opiskelukavereitaan.<\/p>\n<p class=\"paragraph\">\u2013 Tuntui tietenkin pahalta kuulla n\u00e4in k\u00e4yneen. En silti muistanut heit\u00e4, eli olin samalla ihmeiss\u00e4ni. En muutoinkaan ymm\u00e4rt\u00e4nyt kunnolla mit\u00e4 itselleni oli tapahtunut, sill\u00e4 en juurikaan muistanut el\u00e4m\u00e4\u00e4ni terveen\u00e4. En my\u00f6sk\u00e4\u00e4n tiedostanut, etten muista asioita, eli oloani voisi kuvailla varsin tyhj\u00e4ksi.<\/p>\n<p class=\"paragraph\">Fyysinen kuntoutuminen eteni kaikkien yll\u00e4tykseksi edelleen vauhdilla. Kes\u00e4n aikana R\u00e4is\u00e4 k\u00e4veli kuntoutussairaalassa jo rollaattorin avulla. My\u00f6s h\u00e4nen muistinsa alkoi palata p\u00e4tkitt\u00e4in.<\/p>\n<p class=\"paragraph\">\u2013 Merkitt\u00e4v\u00e4 kokemus oli kun p\u00e4\u00e4sin k\u00e4ym\u00e4\u00e4n vanhempieni kanssa H\u00e4meenlinnassa. Ajaessamme autolla nousi mieleeni useita muistikuvia eri paikoista, tunnistin esimerkiksi vanhan kouluni.<\/p>\n<p>Aino R\u00e4is\u00e4 selvisi kuin ihmeen kaupalla vakavasta onnettomuudesta, joka tapahtui Korpilahdella vuoden 2022 helmikuussa. Tomi Olli<\/p>\n<p>Asioita ty\u00f6st\u00e4en<\/p>\n<p class=\"paragraph\">R\u00e4is\u00e4n p\u00e4\u00e4h\u00e4n asennettiin kalloimplantti noin puoli vuotta onnettomuuden j\u00e4lkeen. Sill\u00e4 korvattiin h\u00e4t\u00e4leikkauksessa poistettu kallonpala.<\/p>\n<p class=\"paragraph\">\u2013 Implantti on biolasia. Alussa siirtoalue tuntui muuta kalloa kovemmalta, mutta nyt se ei eroa muusta kallosta. Ennen implantin saantia en ollut oikeastaan edes ajatellut kallostani puuttuvan palanen, siihen suurin syy olivat muistiongelmat ja sumuinen olotila.<\/p>\n<p class=\"paragraph\">R\u00e4is\u00e4 kotiutui sairaalasta noin kahdeksan kuukautta onnettomuuden j\u00e4lkeen. Samalla jatkuivat erilaiset terapiat.<\/p>\n<p class=\"paragraph\">\u2013 Muutin vanhempieni luokse, eli ennen onnettomuutta alkanut asuminen omillani p\u00e4\u00e4ttyi. Oli kuitenkin todella upea tunne p\u00e4\u00e4st\u00e4 viimein kotiin. Kotona tehtiin my\u00f6s muutost\u00f6it\u00e4, esimerkiksi tukikaiteita lis\u00e4ttiin koska vamma vaikutti tasapainooni.<\/p>\n<p class=\"paragraph\">Jonkin ajan kuluttua alkoi R\u00e4is\u00e4lle tulla outoja tuntemuksia. H\u00e4n mietti toisinaan el\u00e4\u00e4k\u00f6 h\u00e4n oikeasti meneill\u00e4\u00e4n olevaa el\u00e4m\u00e4\u00e4 ja onko h\u00e4n l\u00e4sn\u00e4 kehossaan.<\/p>\n<p class=\"paragraph\">\u2013 Koin olevani muuttunut niin fyysisesti kuin henkisesti, samalla koko entinen el\u00e4m\u00e4ni oli poissa. Oloni oli v\u00e4lill\u00e4 painajaismainen, toivoin jonkun her\u00e4tt\u00e4v\u00e4n minut.<\/p>\n<p class=\"paragraph\">\u2013 Sain onneksi apua psykoterapiasta ja erityisesti tietoisuusharjoituksista. K\u00e4vimme samalla l\u00e4pi onnettomuusraportit, mik\u00e4 auttoi ymm\u00e4rt\u00e4m\u00e4\u00e4n kokonaisuutta. Jatkan my\u00f6s edelleen tietoisuusharjoituksia.<\/p>\n<p class=\"paragraph\">H\u00e4n kiittelee my\u00f6s vertaustuen voimaa.<\/p>\n<p class=\"paragraph\">\u2013 Olen saanut paljon apua muiden samassa tilanteessa olevien tapaamisista, heist\u00e4 on tullut l\u00e4heisi\u00e4 kavereita. Ilman Tatu ry:t\u00e4, Aivovammaliittoa ja Kanta-H\u00e4meen aivovammayhdistyst\u00e4 en min\u00e4 eik\u00e4 perheeni ymm\u00e4rt\u00e4isi el\u00e4m\u00e4nmuutosta yht\u00e4 hyvin.<\/p>\n<p class=\"paragraph\">Samoihin aikoihin nousivat mieleen menehtyneet opiskelukaverit.<\/p>\n<p class=\"paragraph\">\u2013 Muistikuvani heist\u00e4 lis\u00e4\u00e4ntyiv\u00e4t, samalla suru tapahtuneesta iski uudella voimalla, aloin k\u00e4sitell\u00e4 asiaa uudella tavalla. Olen my\u00f6s jutellut heid\u00e4n l\u00e4heistens\u00e4 kanssa tapahtuneesta, mik\u00e4 on mielest\u00e4ni ollut hyv\u00e4 eri osapuolille.<\/p>\n<p class=\"paragraph\">H\u00e4n ei halua syyllist\u00e4\u00e4 onnettomuudesta ket\u00e4\u00e4n.<\/p>\n<p class=\"paragraph\">\u2013 N\u00e4in vain tapahtui kun monet asiat kuten liukkaus ja pimeys nivoutuivat yhteen. Olen kokonaisuudessaan sit\u00e4 mielt\u00e4, ett\u00e4 ihmisten tai asioiden syyttely on vain energian hukkaamista.<\/p>\n<p>Aino muutti kotoa opiskelemaa elokuussa 2021. Onnettomuus tapahtui kuusi kuukautta my\u00f6hemmin. Kuva: Aino R\u00e4is\u00e4n arkisto<\/p>\n<p>Uuteen el\u00e4m\u00e4\u00e4n<\/p>\n<p class=\"paragraph\">R\u00e4is\u00e4 pyrki lis\u00e4\u00e4m\u00e4\u00e4n muistoja el\u00e4m\u00e4st\u00e4\u00e4n. T\u00e4rke\u00e4ss\u00e4 roolissa olivat vanhempien ja muiden kertomukset yhteisist\u00e4 kokemuksista. My\u00f6s musiikilla on ollut merkitt\u00e4v\u00e4 rooli.<\/p>\n<p class=\"paragraph\">\u2013 Kuulin jo kuntoutumisaikana musiikkikappaleita, joista olin pit\u00e4nyt. Muistin jostain syyst\u00e4 noiden kappaleiden sanat. Sain kuntoutuksen aikana my\u00f6s musiikkiterapiaa, mik\u00e4 oli hyvin virkist\u00e4v\u00e4\u00e4. Se my\u00f6s nosti mieleen erilaisia muistoja menneest\u00e4. Musiikki ja laulaminen ovat minulle edelleen eritt\u00e4in t\u00e4rkeit\u00e4 ja voimaannuttavia.<\/p>\n<p class=\"paragraph\">Onnettomuus j\u00e4tti R\u00e4is\u00e4lle aivovamman, kasvosokeuden ja murtuminen lis\u00e4ksi muitakin oireita.<\/p>\n<p class=\"paragraph\">\u2013 Tasapainoni ei ole entinen. Minun on my\u00f6s huolehdittava riitt\u00e4v\u00e4st\u00e4 levosta, sill\u00e4 unen tarve lis\u00e4\u00e4ntyi. Luonteeni onneksi s\u00e4ilyi vammautumisesta huolimatta, mist\u00e4 olen kiitollinen.<\/p>\n<p class=\"paragraph\">R\u00e4is\u00e4 ei ole antanut vakavan vamman vied\u00e4 tavoitteita el\u00e4m\u00e4st\u00e4. H\u00e4n on t\u00e4ll\u00e4 hetkell\u00e4 kulttuurialalla ty\u00f6kokeilussa.<\/p>\n<p class=\"paragraph\">\u2013 Olen taidekasvattajan apuna oppimassa ty\u00f6el\u00e4m\u00e4\u00e4. Ty\u00f6p\u00e4iv\u00e4 kest\u00e4\u00e4 kahtena p\u00e4iv\u00e4n\u00e4 viikossa nelj\u00e4 tuntia, mik\u00e4 tuntuu nyt sopivalta ajalta.<\/p>\n<p class=\"paragraph\">My\u00f6s tavoitteita riitt\u00e4\u00e4.<\/p>\n<p class=\"paragraph\">\u2013 Tavoitteeni on kasvatus- ja ohjausalan perustutkinto. Uskon ja toivon kykenev\u00e4ni suorittamaan sen jossain vaiheessa.<\/p>\n<p class=\"paragraph\">Ajatuksensa el\u00e4m\u00e4st\u00e4 h\u00e4n kiteytt\u00e4\u00e4 ytimekk\u00e4\u00e4sti.<\/p>\n<p class=\"paragraph\">\u2013 Olen kiitollinen, ett\u00e4 saan jatkaa el\u00e4m\u00e4\u00e4ni. Olisin voinut my\u00f6s j\u00e4\u00e4d\u00e4 halvaantuneena s\u00e4nkyyn, mutta onneksi niin ei k\u00e4ynyt. El\u00e4m\u00e4 onkin todella pienest\u00e4 kiinni, mit\u00e4 vain voi tapahtua hetkess\u00e4.<\/p>\n","protected":false},"excerpt":{"rendered":"Korpilahden helmikuinen aamu oli talvinen vuonna 2022. Keli oli j\u00e4inen ja h\u00e4m\u00e4r\u00e4. Pian kyl\u00e4ll\u00e4 surtiin jo kolmen nuoren&hellip;\n","protected":false},"author":2,"featured_media":101187,"comment_status":"","ping_status":"","sticky":false,"template":"","format":"standard","meta":{"footnotes":""},"categories":[5],"tags":[35,22,23,26,27,33,31,30,17,24,25,990,28,29,15,837,120,18,21,2461,32,7166,19,20,16],"class_list":{"0":"post-101186","1":"post","2":"type-post","3":"status-publish","4":"format-standard","5":"has-post-thumbnail","7":"category-otsikot","8":"tag-24h","9":"tag-breaking-news","10":"tag-breakingnews","11":"tag-featured-news","12":"tag-featurednews","13":"tag-fi","14":"tag-finland","15":"tag-finnish","16":"tag-headlines","17":"tag-latest-news","18":"tag-latestnews","19":"tag-liikenneonnettomuudet","20":"tag-main-news","21":"tag-mainnews","22":"tag-news","23":"tag-onnettomuudet","24":"tag-onnettomuustapaus","25":"tag-otsikot","26":"tag-paauutiset","27":"tag-sairaalat-ja-terveyskeskukset","28":"tag-suomi","29":"tag-tapaturmat-ja-vammat","30":"tag-top-stories","31":"tag-topstories","32":"tag-uutiset"},"share_on_mastodon":{"url":"https:\/\/pubeurope.com\/@fi\/115620112193088371","error":""},"_links":{"self":[{"href":"https:\/\/www.europesays.com\/fi\/wp-json\/wp\/v2\/posts\/101186","targetHints":{"allow":["GET"]}}],"collection":[{"href":"https:\/\/www.europesays.com\/fi\/wp-json\/wp\/v2\/posts"}],"about":[{"href":"https:\/\/www.europesays.com\/fi\/wp-json\/wp\/v2\/types\/post"}],"author":[{"embeddable":true,"href":"https:\/\/www.europesays.com\/fi\/wp-json\/wp\/v2\/users\/2"}],"replies":[{"embeddable":true,"href":"https:\/\/www.europesays.com\/fi\/wp-json\/wp\/v2\/comments?post=101186"}],"version-history":[{"count":0,"href":"https:\/\/www.europesays.com\/fi\/wp-json\/wp\/v2\/posts\/101186\/revisions"}],"wp:featuredmedia":[{"embeddable":true,"href":"https:\/\/www.europesays.com\/fi\/wp-json\/wp\/v2\/media\/101187"}],"wp:attachment":[{"href":"https:\/\/www.europesays.com\/fi\/wp-json\/wp\/v2\/media?parent=101186"}],"wp:term":[{"taxonomy":"category","embeddable":true,"href":"https:\/\/www.europesays.com\/fi\/wp-json\/wp\/v2\/categories?post=101186"},{"taxonomy":"post_tag","embeddable":true,"href":"https:\/\/www.europesays.com\/fi\/wp-json\/wp\/v2\/tags?post=101186"}],"curies":[{"name":"wp","href":"https:\/\/api.w.org\/{rel}","templated":true}]}}