{"id":101195,"date":"2025-11-27T06:17:09","date_gmt":"2025-11-27T06:17:09","guid":{"rendered":"https:\/\/www.europesays.com\/fi\/101195\/"},"modified":"2025-11-27T06:17:09","modified_gmt":"2025-11-27T06:17:09","slug":"analyysi-ukrainan-takaraja-tuli-ja-meni-vuodettu-puhelu-paljastaa-kuinka-vaarallista-suurvaltapeli-ukrainasta-on-ulkomaat","status":"publish","type":"post","link":"https:\/\/www.europesays.com\/fi\/101195\/","title":{"rendered":"Analyysi: Ukrainan takaraja tuli ja meni \u2013 vuodettu puhelu paljastaa, kuinka vaarallista suurvaltapeli Ukrainasta on | Ulkomaat"},"content":{"rendered":"<p class=\"aw-1gybjub aw-1p7kakr kEtdKx cEmitX yle__article__paragraph\"><strong class=\"aw-ak79eh KyCXm yle__article__strong\">KIOVA<\/strong> T\u00e4n\u00e4\u00e4n piti olla Ukrainan kohtalonp\u00e4iv\u00e4 \u2013 joko Ukraina suostuisi Ven\u00e4j\u00e4n ja Yhdysvaltojen laatimiin ehtoihin, tai Yhdysvallat lopettaisi lopunkin tukensa Ukrainalle.<\/p>\n<p class=\"aw-1gybjub aw-1p7kakr kEtdKx cEmitX yle__article__paragraph\">Ehdot olisivat tuhonneet Ukrainan tulevaisuuden ja palkinneet hy\u00f6kk\u00e4\u00e4j\u00e4valtio Ven\u00e4j\u00e4n \u2013 samalla yli 178\u00a0000 Ven\u00e4j\u00e4n <a class=\"aw-iao6s4 iHOxEa yle__article__link\" href=\"https:\/\/www.axios.com\/2025\/11\/24\/ukraine-russia-war-crimes-us-trump-peace-talks-cbs-60-minutes\" role=\"link\" rel=\"nofollow noopener\" target=\"_blank\">ep\u00e4ilty\u00e4<\/a> sotarikosta j\u00e4isi rankaisematta.<\/p>\n<p class=\"aw-1gybjub aw-1p7kakr kEtdKx cEmitX yle__article__paragraph\"><strong class=\"aw-ak79eh KyCXm yle__article__strong\">Viime viikolla<\/strong> julkisuuteen vuotanutta suunnitelmaa olivat mediatietojen mukaan laatimassa Miamissa vain kolme henkil\u00f6\u00e4: presidentti Trumpin erityisl\u00e4hettil\u00e4s <strong class=\"aw-ak79eh KyCXm yle__article__strong\">Steve Witkoff<\/strong>, Putinin edustaja <strong class=\"aw-ak79eh KyCXm yle__article__strong\">Kirill Dmitrijev<\/strong> sek\u00e4 yll\u00e4tt\u00e4en Trumpin v\u00e4vy <strong class=\"aw-ak79eh KyCXm yle__article__strong\">Jared Kushner<\/strong>.<\/p>\n<p class=\"aw-1gybjub aw-1p7kakr kEtdKx cEmitX yle__article__paragraph\">Tietojen mukaan edes Yhdysvaltojen ulkoministeri <strong class=\"aw-ak79eh KyCXm yle__article__strong\">Marco Rubio<\/strong> ei ollut suunnitelmasta tietoinen.<\/p>\n<p class=\"aw-1gybjub aw-1p7kakr kEtdKx cEmitX yle__article__paragraph\"><strong class=\"aw-ak79eh KyCXm yle__article__strong\">Ukrainan olivat siis<\/strong> heitt\u00e4neet bussin alle kiinteist\u00f6moguli, presidentin v\u00e4vy sek\u00e4 Putinin luottomies \u2013 kukaan heist\u00e4 ei ole vaaleilla valittu.<\/p>\n<p class=\"aw-1gybjub aw-1p7kakr kEtdKx cEmitX yle__article__paragraph\">Vuoto osoitti, kuinka kaoottisia <a class=\"aw-iao6s4 iHOxEa yle__article__link\" href=\"https:\/\/www.washingtonpost.com\/world\/2025\/11\/23\/ukraine-peace-plan-russian-wish-list\/\" role=\"link\" rel=\"nofollow noopener\" target=\"_blank\">neuvottelut ovat<\/a> ja vahvisti, ett\u00e4 Valkoisen talon sis\u00e4ll\u00e4 vallitsee ep\u00e4selvyytt\u00e4 ja hajaannusta Ukrainan neuvottelujen suhteen.<\/p>\n<p class=\"aw-1gybjub aw-1p7kakr kEtdKx cEmitX yle__article__paragraph\">Median <a class=\"aw-iao6s4 iHOxEa yle__article__link\" href=\"https:\/\/www.telegraph.co.uk\/us\/news\/2025\/11\/25\/ukraines-future-depends-who-wins-battle-white-house\/\" role=\"link\" rel=\"nofollow noopener\" target=\"_blank\">mukaan<\/a> Valkoisen talon sis\u00e4ll\u00e4 k\u00e4yd\u00e4\u00e4n kamppailua Ukrainan tukemiseen kriittisesti suhtautuvan varapresidentti <strong class=\"aw-ak79eh KyCXm yle__article__strong\">J. D. Vancen<\/strong> ja ulkoministeri Rubion v\u00e4lill\u00e4.<\/p>\n<p><img decoding=\"async\" alt=\"Ukrainan presidentti Volodymyr Zelenskyi, Yhdysvaltain presidentti Donald Trump ja h\u00e4nen kabinettinsa j\u00e4senet lounaskokouksessa pitk\u00e4 p\u00f6yd\u00e4n \u00e4\u00e4ress\u00e4\" src=\"https:\/\/www.europesays.com\/fi\/wp-content\/uploads\/2025\/11\/39-154032168f2879deaf74.jpeg\" loading=\"lazy\" class=\"aw-1l9m598 hKVVvP\"\/><\/p>\n<p>Avaa kuvien katselu<\/p>\n<p>Median mukaan varapresidentti J. D. Vance (kuvassa vasemmalla) ja ulkoministeri Marco Rubio edustavat toisistaan poikkeavia linjoja Ukrainan suhteen. Kuva: Andrew Harnik \/ Getty<\/p>\n<p class=\"aw-1gybjub aw-1p7kakr kEtdKx cEmitX yle__article__paragraph\"><strong class=\"aw-ak79eh KyCXm yle__article__strong\">Keskiviikkoy\u00f6n\u00e4 puhkesi<\/strong> uusi skandaali, kun <a class=\"aw-iao6s4 iHOxEa yle__article__link\" href=\"https:\/\/www.bloomberg.com\/news\/articles\/2025-11-25\/witkoff-advised-russia-on-how-to-pitch-ukraine-plan-to-trump?srnd=homepage-europe\" role=\"link\" rel=\"nofollow noopener\" target=\"_blank\">uutistoimisto Bloomberg<\/a> vuoti Witkoffin ja Kremlin avustajan <strong class=\"aw-ak79eh KyCXm yle__article__strong\">Juri U\u0161akovin<\/strong> puhelinkeskustelun sis\u00e4ll\u00f6n.<\/p>\n<p class=\"aw-1gybjub aw-1p7kakr kEtdKx cEmitX yle__article__paragraph\">Puhelussa Witkoff neuvoo U\u0161akovia, miten t\u00e4m\u00e4n tulisi k\u00e4sitell\u00e4 Trumpia, ja kehottaa ottamaan yhteytt\u00e4 Trumpiin ennen Zelenskyin vierailua lokakuun lopussa.<\/p>\n<p class=\"aw-1gybjub aw-1p7kakr kEtdKx cEmitX yle__article__paragraph\">Ukrainalla oli tapaamiseen korkeat odotukset pitk\u00e4n kantaman Tomahawk-ohjuksista.<\/p>\n<p class=\"aw-1gybjub aw-1p7kakr kEtdKx cEmitX yle__article__paragraph\">\u2013 Sanoin presidentille, ett\u00e4 Ven\u00e4j\u00e4n federaatio on aina halunnut rauhansopimusta. Se on minun uskomukseni. Sanoin presidentille, ett\u00e4 uskon siihen, Witkoff <a class=\"aw-iao6s4 iHOxEa yle__article__link\" href=\"https:\/\/www.bloomberg.com\/news\/articles\/2025-11-25\/witkoff-discusses-ukraine-plans-with-key-putin-aide-transcript\" role=\"link\" rel=\"nofollow noopener\" target=\"_blank\">sanoo<\/a> puhelussaan Ushakoville Bloombergin mukaan.<\/p>\n<p class=\"aw-1gybjub aw-1p7kakr kEtdKx cEmitX yle__article__paragraph\"><strong class=\"aw-ak79eh KyCXm yle__article__strong\">Lyhyt puhelu paljastaa<\/strong> neuvottelujen kyynisyyden \u2013 Ukrainan kohtaloa k\u00e4sitell\u00e4\u00e4n kuin tavanomaista kaupank\u00e4ynti\u00e4.<\/p>\n<p class=\"aw-1gybjub aw-1p7kakr kEtdKx cEmitX yle__article__paragraph\">On vaikea arvioida, kuinka paljon Witkoffin neuvoilla oli vaikutusta siihen, ett\u00e4 Ukraina j\u00e4i ilman Tomahawk-ohjuksia, mutta tapaaminen oli joka tapauksessa Ukrainalle pettymys.<\/p>\n<p class=\"aw-1gybjub aw-1p7kakr kEtdKx cEmitX yle__article__paragraph\">Puhelun vuoto vahvistaa sen, mik\u00e4 on ollut n\u00e4ht\u00e4viss\u00e4: Witkoff ei ole pelk\u00e4st\u00e4\u00e4n ven\u00e4j\u00e4mielinen, vaan suorastaan jopa vaarallinen Ukrainalle.<\/p>\n<p class=\"aw-1gybjub aw-1p7kakr kEtdKx cEmitX yle__article__paragraph\"><strong class=\"aw-ak79eh KyCXm yle__article__strong\">Vuodettu puhelu asettaa<\/strong> my\u00f6s vakavan kysymyksen: kenen etuja Witkoff oikeastaan ajaa?<\/p>\n<p class=\"aw-1gybjub aw-1p7kakr kEtdKx cEmitX yle__article__paragraph\">Ainakaan Yhdysvaltojen strategisia etuja h\u00e4n ei puolusta. Useampi <a class=\"aw-iao6s4 iHOxEa yle__article__link\" href=\"https:\/\/edition.cnn.com\/2025\/11\/26\/politics\/trump-witkoff-russian-call\" role=\"link\" rel=\"nofollow noopener\" target=\"_blank\">yhdysvaltalaissenaattori <\/a>on ollut puhelusta tyrmistynyt.<\/p>\n<p class=\"aw-1gybjub aw-1p7kakr kEtdKx cEmitX yle__article__paragraph\">\u2013 Jos h\u00e4n olisi Ven\u00e4j\u00e4n palkkaama agentti, tekisik\u00f6 h\u00e4n mit\u00e4\u00e4n toisin? republikaaniedustaja <strong class=\"aw-ak79eh KyCXm yle__article__strong\">Don Bacon<\/strong> <a class=\"aw-iao6s4 iHOxEa yle__article__link\" href=\"https:\/\/x.com\/RepDonBacon\/status\/1993446393076498714?s=20\" role=\"link\" rel=\"nofollow\">kirjoitti X:ss\u00e4<\/a>.<\/p>\n<p class=\"aw-1gybjub aw-1p7kakr kEtdKx cEmitX yle__article__paragraph\">Demokraattien kongressiedustaja puolestaan syytti Witkoffia petturiksi.<\/p>\n<p class=\"aw-1gybjub aw-1p7kakr kEtdKx cEmitX yle__article__paragraph\">\u2013 Trumpin erityisl\u00e4hettil\u00e4\u00e4n pit\u00e4isi ty\u00f6skennell\u00e4 Yhdysvalloille, ei Ven\u00e4j\u00e4lle, edustajainhuoneen j\u00e4sen <strong class=\"aw-ak79eh KyCXm yle__article__strong\">Ted Lieu<\/strong> kirjoitti.<\/p>\n<p class=\"aw-1gybjub aw-1p7kakr kEtdKx cEmitX yle__article__paragraph\"><strong class=\"aw-ak79eh KyCXm yle__article__strong\">Donald Trump<\/strong> asettui puolustamaan erityisl\u00e4hettil\u00e4st\u00e4\u00e4n, ainakin toistaiseksi.<\/p>\n<p class=\"aw-1gybjub aw-1p7kakr kEtdKx cEmitX yle__article__paragraph\">H\u00e4n kommentoi kohua lyhyesti ja totesi, ettei n\u00e4e Witkoffin toiminnassa mit\u00e4\u00e4n poikkeavaa. Trumpin mukaan Witkoffin teht\u00e4v\u00e4 on \u201dmyyd\u00e4 Ukraina Ven\u00e4j\u00e4lle\u201d. Samalla Trump ilmoitti, ett\u00e4 Witkoff matkustaa j\u00e4lleen kerran Moskovaan tapaamaan Putinia.<\/p>\n<p class=\"aw-1gybjub aw-1p7kakr kEtdKx cEmitX yle__article__paragraph\">Yht\u00e4 kiinnostava kysymys on, kuka puhelun \u00e4\u00e4nitti ja vuoti julkisuuteen.<\/p>\n<p class=\"aw-1gybjub aw-1p7kakr kEtdKx cEmitX yle__article__paragraph\"><strong class=\"aw-ak79eh KyCXm yle__article__strong\">Mediassa liikkuu ainakin<\/strong> kaksi p\u00e4\u00e4teoriaa: nauhan takana on joko Yhdysvaltojen tiedustelu tai Ven\u00e4j\u00e4 itse. On mahdollista, ett\u00e4 Ven\u00e4j\u00e4 vuosi nauhan tarkoituksella, sabotoidakseen Yhdysvaltojen ja Ukrainan v\u00e4liset edistyneet neuvottelut.<\/p>\n<p>Presidentti Putinin avustaja Juri U\u0161akov kommentoi Ven\u00e4j\u00e4n tv:n haastattelussa h\u00e4nen ja Steve Witkoffin puhelun vuotamista julkisuuteen.<\/p>\n<p class=\"aw-1gybjub aw-1p7kakr kEtdKx cEmitX yle__article__paragraph\">Vuoto her\u00e4tti ristiriitaisen reaktion sek\u00e4 Yhdysvalloissa ett\u00e4 Ven\u00e4j\u00e4ll\u00e4. Putinin edustaja Dmitriev kiirehti kommentoimaan <a class=\"aw-iao6s4 iHOxEa yle__article__link\" href=\"https:\/\/x.com\/kadmitriev\/status\/1993423351658779099?s=20\" role=\"link\" rel=\"nofollow\">X:ss\u00e4<\/a>, ett\u00e4 nauha olisi v\u00e4\u00e4renn\u00f6s.<\/p>\n<p class=\"aw-1gybjub aw-1p7kakr kEtdKx cEmitX yle__article__paragraph\">Kremlin avustaja Juri U\u0161akov puolestaan my\u00f6nsi puhelun aitouden ja syytti vuodosta Whatsappia, jonka kautta keskustelu oli ilmeisesti k\u00e4yty. Tragikoomista on, ett\u00e4 sovellus on Ven\u00e4j\u00e4ll\u00e4 kiellossa.<\/p>\n<p class=\"aw-1gybjub aw-1p7kakr kEtdKx cEmitX yle__article__paragraph\"><strong class=\"aw-ak79eh KyCXm yle__article__strong\">Ukrainassa<\/strong> moni pit\u00e4\u00e4 vuodettua puhelua osoituksena siit\u00e4, ett\u00e4 Witkoff on <a class=\"aw-iao6s4 iHOxEa yle__article__link\" href=\"https:\/\/i-ua.tv\/news\/93665-treba-provesty-rozsliduvannia-a-chy-diisno-vitkoff-pratsiuvav-na-rosiiu\" role=\"link\" rel=\"nofollow noopener\" target=\"_blank\">v\u00e4hint\u00e4\u00e4n<\/a> Ven\u00e4j\u00e4n talutusnuorassa. Ukrainan johto on pysynyt vuodon suhteen vaiti, sill\u00e4 se ei halua provosoida Trumpia, joka syytt\u00e4\u00e4 Ukrainaa helposti kiitt\u00e4m\u00e4tt\u00f6myydest\u00e4.<\/p>\n<p class=\"aw-1gybjub aw-1p7kakr kEtdKx cEmitX yle__article__paragraph\">Presidentti Zelenskyin neuvonantaja <strong class=\"aw-ak79eh KyCXm yle__article__strong\">Mykhailo Podoljak<\/strong> kuitenkin <a class=\"aw-iao6s4 iHOxEa yle__article__link\" href=\"https:\/\/x.com\/Podolyak_M\/status\/1993691139744870663\" role=\"link\" rel=\"nofollow\">kommentoi<\/a>, ettei Ukrainalla ole mit\u00e4\u00e4n tekemist\u00e4 vuodon kanssa. Ukrainan t\u00e4rkein prioriteetti on varmistaa Genevess\u00e4 Yhdysvaltojen kanssa saavutettu tulos. Siksi Zelenskyi olisi valmis matkustamaan <a class=\"aw-iao6s4 iHOxEa yle__article__link\" href=\"https:\/\/www.pravda.com.ua\/eng\/news\/2025\/11\/25\/8008954\/\" role=\"link\" rel=\"nofollow noopener\" target=\"_blank\">v\u00e4litt\u00f6m\u00e4sti<\/a> Trumpin luo Floridaan \u2013 ennen kuin Ven\u00e4j\u00e4 ehtii sabotoida neuvotteluissa saavutettuja edistysaskeleita.<\/p>\n<p class=\"aw-1gybjub aw-1p7kakr kEtdKx cEmitX yle__article__paragraph\"><strong class=\"aw-ak79eh KyCXm yle__article__strong\">Niin voi kuitenkin hyvin k\u00e4yd\u00e4.<\/strong> Ven\u00e4j\u00e4 on jo <a class=\"aw-iao6s4 iHOxEa yle__article__link\" href=\"https:\/\/www.interfax.ru\/russia\/1060018\" role=\"link\" rel=\"nofollow noopener\" target=\"_blank\">ilmoittanut<\/a>, ettei se hyv\u00e4ksy mit\u00e4\u00e4n muutoksia alkuper\u00e4iseen, 28-kohtaiseen suunnitelmaan.<\/p>\n<p class=\"aw-1gybjub aw-1p7kakr kEtdKx cEmitX yle__article__paragraph\">T\u00e4m\u00e4 voi vahvistaa ep\u00e4ilyj\u00e4, ett\u00e4 kyseess\u00e4 oli aidosti Ven\u00e4j\u00e4n laatima sopimus.<\/p>\n<p class=\"aw-1gybjub aw-1p7kakr kEtdKx cEmitX yle__article__paragraph\">H\u00e4mmennyst\u00e4 on aiheuttanut my\u00f6s se, ett\u00e4 viime p\u00e4ivin\u00e4 Ven\u00e4j\u00e4 on yll\u00e4tt\u00e4en alkanut korostaa Trumpin ja Putinin elokuussa Alaskassa tekemi\u00e4 sopimuksia.<\/p>\n<p class=\"aw-1gybjub aw-1p7kakr kEtdKx cEmitX yle__article__paragraph\">Aiemmin tapaamisesta ei vuotanut tietoa ja sit\u00e4 pidettiin Ven\u00e4j\u00e4lle ep\u00e4onnistuneena.<\/p>\n<p class=\"aw-1gybjub aw-1p7kakr kEtdKx cEmitX yle__article__paragraph\"><strong class=\"aw-ak79eh KyCXm yle__article__strong\">Tavallisille ukrainalaiselle<\/strong> tilanne on kuin painajainen. Useat haastattelemani ukrainalaiset ovat lopettaneet uutisten seuraamisen \u2013 he haluavat suojella viimeist\u00e4kin toivon pilkahdusta.<\/p>\n<p>Ven\u00e4j\u00e4 iski ymp\u00e4ri Kiovaa 25.11.<\/p>\n","protected":false},"excerpt":{"rendered":"KIOVA T\u00e4n\u00e4\u00e4n piti olla Ukrainan kohtalonp\u00e4iv\u00e4 \u2013 joko Ukraina suostuisi Ven\u00e4j\u00e4n ja Yhdysvaltojen laatimiin ehtoihin, tai Yhdysvallat lopettaisi&hellip;\n","protected":false},"author":2,"featured_media":101196,"comment_status":"","ping_status":"","sticky":false,"template":"","format":"standard","meta":{"footnotes":""},"categories":[14],"tags":[22,23,585,26,27,33,31,30,17,70,24,25,28,29,17933,15,18,21,4083,19397,32,19,20,56,16,547,987,2257,3963,59,60,61,619],"class_list":{"0":"post-101195","1":"post","2":"type-post","3":"status-publish","4":"format-standard","5":"has-post-thumbnail","7":"category-ulkomaat","8":"tag-breaking-news","9":"tag-breakingnews","10":"tag-donald-trump","11":"tag-featured-news","12":"tag-featurednews","13":"tag-fi","14":"tag-finland","15":"tag-finnish","16":"tag-headlines","17":"tag-kansainvalinen-politiikka","18":"tag-latest-news","19":"tag-latestnews","20":"tag-main-news","21":"tag-mainnews","22":"tag-marco-rubio","23":"tag-news","24":"tag-otsikot","25":"tag-paauutiset","26":"tag-rauhanneuvottelut","27":"tag-steve-witkoff","28":"tag-suomi","29":"tag-top-stories","30":"tag-topstories","31":"tag-ulkomaat","32":"tag-uutiset","33":"tag-venaja","34":"tag-venajan-hyokkays","35":"tag-vladimir-putin","36":"tag-volodymyr-zelenskyi","37":"tag-world","38":"tag-world-news","39":"tag-worldnews","40":"tag-yhdysvallat"},"share_on_mastodon":{"url":"","error":"Validation failed: Text character limit of 500 exceeded"},"_links":{"self":[{"href":"https:\/\/www.europesays.com\/fi\/wp-json\/wp\/v2\/posts\/101195","targetHints":{"allow":["GET"]}}],"collection":[{"href":"https:\/\/www.europesays.com\/fi\/wp-json\/wp\/v2\/posts"}],"about":[{"href":"https:\/\/www.europesays.com\/fi\/wp-json\/wp\/v2\/types\/post"}],"author":[{"embeddable":true,"href":"https:\/\/www.europesays.com\/fi\/wp-json\/wp\/v2\/users\/2"}],"replies":[{"embeddable":true,"href":"https:\/\/www.europesays.com\/fi\/wp-json\/wp\/v2\/comments?post=101195"}],"version-history":[{"count":0,"href":"https:\/\/www.europesays.com\/fi\/wp-json\/wp\/v2\/posts\/101195\/revisions"}],"wp:featuredmedia":[{"embeddable":true,"href":"https:\/\/www.europesays.com\/fi\/wp-json\/wp\/v2\/media\/101196"}],"wp:attachment":[{"href":"https:\/\/www.europesays.com\/fi\/wp-json\/wp\/v2\/media?parent=101195"}],"wp:term":[{"taxonomy":"category","embeddable":true,"href":"https:\/\/www.europesays.com\/fi\/wp-json\/wp\/v2\/categories?post=101195"},{"taxonomy":"post_tag","embeddable":true,"href":"https:\/\/www.europesays.com\/fi\/wp-json\/wp\/v2\/tags?post=101195"}],"curies":[{"name":"wp","href":"https:\/\/api.w.org\/{rel}","templated":true}]}}