{"id":101197,"date":"2025-11-27T06:18:08","date_gmt":"2025-11-27T06:18:08","guid":{"rendered":"https:\/\/www.europesays.com\/fi\/101197\/"},"modified":"2025-11-27T06:18:08","modified_gmt":"2025-11-27T06:18:08","slug":"kysely-yritykset-pettyivat-pikkujoulukauteen-ilta-sanomat","status":"publish","type":"post","link":"https:\/\/www.europesays.com\/fi\/101197\/","title":{"rendered":"Kysely: Yritykset pettyiv\u00e4t pikkujoulukauteen &#8211; Ilta-Sanomat"},"content":{"rendered":"<p>Pikkujoulukaudella on suuri merkitys kotimaisille matkailu- ja ravintola-alan yrityksille.<\/p>\n<p class=\"article-body mb-nof-24 px-nof-16\">Matkailu- ja ravintola-alan yritysten pikkujoulukausi ei vastaa odotuksia, selvi\u00e4\u00e4 Matkailu- ja ravintolapalvelut Maran j\u00e4senkyselyst\u00e4.<\/p>\n<p class=\"article-body mb-nof-24 px-nof-16\">Pikkujoulukaudella on suuri merkitys erityisesti ravintoloille. Toimialoista parhaimmat n\u00e4kym\u00e4t ovat kongresseilla ja messuilla, joista l\u00e4hes puolella myynti kasvaa.<\/p>\n<p class=\"article-body mb-nof-24 px-nof-16\">\u2013 Toimialamme yritykset odottivat pikkujoulukaudelta enemm\u00e4n. Yritysten ja kuluttajien varovaisuus on jatkunut pitk\u00e4\u00e4n. Toivoimme, ett\u00e4 kes\u00e4n molemmin puolin voimaan tulleet palkankorotukset, alhainen korkotaso ja ansiotuloverotuksen aleneminen olisivat saaneet kuluttajat ja kaveriporukat liikkeelle. Yrityksetk\u00e4\u00e4n eiv\u00e4t ole viett\u00e4m\u00e4ss\u00e4 pikkujouluja entiseen tapaan. Niin yritysten kuin kuluttajienkin keskiostokset ovat pienentyneet, Maran toimitusjohtaja <a class=\"article-personlink\" href=\"https:\/\/www.is.fi\/haku\/?query=Timo%20Lappi\" rel=\"nofollow noopener\" target=\"_blank\">Timo Lappi<\/a> toteaa tiedotteessa.<\/p>\n<p class=\"article-body mb-nof-24 px-nof-16\">Kyselyn mukaan yli 10 miljoonan euron liikevaihdon yrityksill\u00e4 myynti kasvaa noin 30 prosentilla yrityksist\u00e4, kun sit\u00e4 pienemmill\u00e4 kasvua on vain 17 prosentilla yrityksist\u00e4.<\/p>\n<p class=\"article-body mb-nof-24 px-nof-16\">Heikoimmat odotukset ovat pubeilla, y\u00f6kerhoilla ja keilahalleilla. Kaksi kolmannesta niist\u00e4 kertoo myynnin v\u00e4henev\u00e4n ja vain noin viidennes kasvavan. Ruokaravintoloistakin vain 20 prosenttia odottaa myynnin kasvua pikkujoulukaudella.<\/p>\n<p class=\"article-body mb-nof-24 px-nof-16\">Maran j\u00e4senkyselyyn vastasi 432 yrityst\u00e4 eri toimialoilta.<\/p>\n<p class=\"article-body mb-nof-24 px-nof-16\">Suomalainen pikkujoulukulttuuri on maailman mittakaavassa ainutlaatuinen. Pikkujouluissa on perinteisesti totuttu nauttimaan alkoholia, mutta kulttuuri on hiljalleen muuttumassa.<\/p>\n<p class=\"article-body mb-nof-24 px-nof-16\">\u2013 Budjetit ohjataan nyt sis\u00e4ll\u00f6n laatuun, ei juomien m\u00e4\u00e4r\u00e4\u00e4n. T\u00e4m\u00e4 ei ole vain trendi vaan arvojen muutos, Viihdy Turku Oy:n toimitusjohtaja, tapahtumatuottaja <a class=\"article-personlink\" href=\"https:\/\/www.is.fi\/haku\/?query=Rami%20Jarkko\" rel=\"nofollow noopener\" target=\"_blank\">Rami Jarkko<\/a> kommentoi <a class=\"article-genericlink\" href=\"https:\/\/www.is.fi\/turun-seutu\/art-2000011609324.html\" rel=\"nofollow noopener\" target=\"_blank\">IS:lle<\/a> aiemmin.<\/p>\n<p class=\"article-body mb-nof-24 px-nof-16\">Tapahtumantekij\u00e4t Oy:n toimitusjohtaja <a class=\"article-personlink\" href=\"https:\/\/www.is.fi\/haku\/?query=Kati%20Sorjanen\" rel=\"nofollow noopener\" target=\"_blank\">Kati Sorjanen<\/a> on huomannut saman asian. Trendi ei koske vain pikkujouluja vaan my\u00f6s muita henkil\u00f6st\u00f6- ja sidos\u00adryhm\u00e4tapahtumia.<\/p>\n<p class=\"article-body mb-nof-24 px-nof-16\">\u2013 Alkoholin merkitys on selv\u00e4sti v\u00e4hentynyt. On todella paljon yrityksi\u00e4, joilla linjauksena on hyvin maltillinen alkoholitarjoilu ja joilla lukee br\u00e4ndiohjeissa, ett\u00e4 alkoholi ei saa n\u00e4ky\u00e4 tapahtumasta jaetuissa kuvissa. Suhtautuminen on muuttunut vauhdikkaasti koronan j\u00e4lkeen, Sorjanen kommentoi.<\/p>\n","protected":false},"excerpt":{"rendered":"Pikkujoulukaudella on suuri merkitys kotimaisille matkailu- ja ravintola-alan yrityksille. Matkailu- ja ravintola-alan yritysten pikkujoulukausi ei vastaa odotuksia, selvi\u00e4\u00e4&hellip;\n","protected":false},"author":2,"featured_media":101198,"comment_status":"","ping_status":"","sticky":false,"template":"","format":"standard","meta":{"footnotes":""},"categories":[12],"tags":[22,23,26,27,33,31,30,17,34,24,25,28,29,15,18,21,32,19,20,16],"class_list":{"0":"post-101197","1":"post","2":"type-post","3":"status-publish","4":"format-standard","5":"has-post-thumbnail","7":"category-suomi","8":"tag-breaking-news","9":"tag-breakingnews","10":"tag-featured-news","11":"tag-featurednews","12":"tag-fi","13":"tag-finland","14":"tag-finnish","15":"tag-headlines","16":"tag-ilta-sanomat","17":"tag-latest-news","18":"tag-latestnews","19":"tag-main-news","20":"tag-mainnews","21":"tag-news","22":"tag-otsikot","23":"tag-paauutiset","24":"tag-suomi","25":"tag-top-stories","26":"tag-topstories","27":"tag-uutiset"},"share_on_mastodon":{"url":"","error":""},"_links":{"self":[{"href":"https:\/\/www.europesays.com\/fi\/wp-json\/wp\/v2\/posts\/101197","targetHints":{"allow":["GET"]}}],"collection":[{"href":"https:\/\/www.europesays.com\/fi\/wp-json\/wp\/v2\/posts"}],"about":[{"href":"https:\/\/www.europesays.com\/fi\/wp-json\/wp\/v2\/types\/post"}],"author":[{"embeddable":true,"href":"https:\/\/www.europesays.com\/fi\/wp-json\/wp\/v2\/users\/2"}],"replies":[{"embeddable":true,"href":"https:\/\/www.europesays.com\/fi\/wp-json\/wp\/v2\/comments?post=101197"}],"version-history":[{"count":0,"href":"https:\/\/www.europesays.com\/fi\/wp-json\/wp\/v2\/posts\/101197\/revisions"}],"wp:featuredmedia":[{"embeddable":true,"href":"https:\/\/www.europesays.com\/fi\/wp-json\/wp\/v2\/media\/101198"}],"wp:attachment":[{"href":"https:\/\/www.europesays.com\/fi\/wp-json\/wp\/v2\/media?parent=101197"}],"wp:term":[{"taxonomy":"category","embeddable":true,"href":"https:\/\/www.europesays.com\/fi\/wp-json\/wp\/v2\/categories?post=101197"},{"taxonomy":"post_tag","embeddable":true,"href":"https:\/\/www.europesays.com\/fi\/wp-json\/wp\/v2\/tags?post=101197"}],"curies":[{"name":"wp","href":"https:\/\/api.w.org\/{rel}","templated":true}]}}