{"id":101227,"date":"2025-11-27T07:08:08","date_gmt":"2025-11-27T07:08:08","guid":{"rendered":"https:\/\/www.europesays.com\/fi\/101227\/"},"modified":"2025-11-27T07:08:08","modified_gmt":"2025-11-27T07:08:08","slug":"jyrki-rosenberg-on-nimitetty-ylen-media-yksikon-johtajaksi-ylen-tiedotteet-yle-fi","status":"publish","type":"post","link":"https:\/\/www.europesays.com\/fi\/101227\/","title":{"rendered":"Jyrki Rosenberg on nimitetty Ylen Media-yksik\u00f6n johtajaksi \u2013 Ylen tiedotteet \u2013 yle.fi"},"content":{"rendered":"<p class=\"ydd-lead font-bold text-lg owl:text-xl\">  Rosenberg aloittaa teht\u00e4v\u00e4ss\u00e4\u00e4n viimeist\u00e4\u00e4n 1.6.2026.<\/p>\n<p>Ylen hallitus on nimitt\u00e4nyt VTM <strong>Jyrki Rosenbergin<\/strong> Media-yksik\u00f6n johtajaksi. Teht\u00e4v\u00e4ss\u00e4\u00e4n h\u00e4n vastaa mm. yhti\u00f6n strategian valmistelusta ja seurannasta, digipalvelu- ja teko\u00e4lykehityksest\u00e4, sis\u00e4lt\u00f6-, media- ja palvelustrategioista, yhti\u00f6tasoisesta kokonaisasiakkuudesta ja asiakkuusanalyysista.<\/p>\n<p>Ylen Strategia ja palvelut -yksikk\u00f6 muuttui 1.10.2025 Media-yksik\u00f6ksi. Yksik\u00f6n aiempi johtaja <strong>Marit af Bj\u00f6rkesten <\/strong>siirtyi toimitusjohtajaksi lokakuun alussa.<\/p>\n<p>Rosenbergill\u00e4 on pitk\u00e4 johtamiskokemus teknologia-alalta. H\u00e4n siirtyy Yleen av-yhti\u00f6 Studiotecin toimitusjohtajan teht\u00e4v\u00e4st\u00e4. Sit\u00e4 ennen h\u00e4n on toiminut mm. teknologiayhti\u00f6 Emberionissa toimitusjohtajana ja johtanut F-Securen yritysliiketoimintaa. Rosenbergill\u00e4 on my\u00f6s yli 15 vuoden kokemus erilaisista johtamisteht\u00e4vist\u00e4 Nokiassa mm. Nokia Musicissa ja MixRadiossa.<\/p>\n<p>Rosenbergista tulee Ylen johtoryhm\u00e4n j\u00e4sen ja h\u00e4n raportoi toimitusjohtaja af Bj\u00f6rkestenille.<\/p>\n<p>\u201dOlen innoissani ja kiitollinen mahdollisuudesta p\u00e4\u00e4st\u00e4 mukaan Ylen tiimiin. Digitalisoituvassa ja globalisoituvassa mediaymp\u00e4rist\u00f6ss\u00e4 Ylell\u00e4 on \u00e4\u00e4rimm\u00e4isen t\u00e4rke\u00e4 rooli suomalaisessa yhteiskunnassa. Kun Yle on menossa seuraavalle vuosisadalle, on t\u00e4rke\u00e4\u00e4 varmistaa, ett\u00e4 se palvelee kaikkia suomalaisia ja on median murroksessa ajan hermolla\u201d, sanoo Rosenberg.<\/p>\n<p>\u201dTeknologian heng\u00e4stytt\u00e4v\u00e4 kehitysvauhti vaatii, ett\u00e4 Yleisradio tunnistaa olennaiset muutokset ja kykenee reagoimaan niihin nopeasti. Jyrki Rosenbergin monipuolinen kokemus IT-liiketoiminnasta ja tietoturvan alalta on arvokas lis\u00e4, kun kehit\u00e4mme t\u00e4t\u00e4 valmiutta\u201d, jatkaa Ylen hallituksen puheenjohtaja <strong>Matti Apunen<\/strong>.<\/p>\n<p>\u201dYh\u00e4 merkitt\u00e4v\u00e4mpi osa Ylen sis\u00e4lt\u00f6jen katselusta, kuuntelusta ja lukemisesta tapahtuu digitaalisissa palveluissamme. Mediajohtajana Jyrki Rosenbergin teht\u00e4v\u00e4 on huolehtia, ett\u00e4 Yle pystyy vastaamaan entist\u00e4 paremmin ja nopeammin yleis\u00f6n ja yhteiskunnan muuttuviin tarpeisiin. Rosenberg tuo meille sek\u00e4 uusia n\u00e4k\u00f6kulmia ett\u00e4 vahvaa kokemusta muutosjohtamisesta haastavassa globaalissa ymp\u00e4rist\u00f6ss\u00e4\u201d, toteaa Ylen toimitusjohtaja Marit af Bj\u00f6rkesten.<\/p>\n<p><a class=\"link\" href=\"https:\/\/yle.fi\/aihe\/a\/20-10008998\" rel=\"nofollow noopener\" target=\"_blank\">Yksik\u00f6n johtajan sijaisena toimii Rosenbergin aloittamiseen saakka <strong>Jaakko Lempinen.<\/strong><\/a><\/p>\n","protected":false},"excerpt":{"rendered":"Rosenberg aloittaa teht\u00e4v\u00e4ss\u00e4\u00e4n viimeist\u00e4\u00e4n 1.6.2026. Ylen hallitus on nimitt\u00e4nyt VTM Jyrki Rosenbergin Media-yksik\u00f6n johtajaksi. Teht\u00e4v\u00e4ss\u00e4\u00e4n h\u00e4n vastaa mm.&hellip;\n","protected":false},"author":2,"featured_media":101228,"comment_status":"","ping_status":"","sticky":false,"template":"","format":"standard","meta":{"footnotes":""},"categories":[76],"tags":[79,77,33,31,30,3906,7648,12327,19401,32,78,1149],"class_list":{"0":"post-101227","1":"post","2":"type-post","3":"status-publish","4":"format-standard","5":"has-post-thumbnail","7":"category-talous","8":"tag-business","9":"tag-economy","10":"tag-fi","11":"tag-finland","12":"tag-finnish","13":"tag-johtajat","14":"tag-johtajuus","15":"tag-johtoryhmat","16":"tag-nimitysuutinen","17":"tag-suomi","18":"tag-talous","19":"tag-yle"},"share_on_mastodon":{"url":"https:\/\/pubeurope.com\/@fi\/115620407259917766","error":""},"_links":{"self":[{"href":"https:\/\/www.europesays.com\/fi\/wp-json\/wp\/v2\/posts\/101227","targetHints":{"allow":["GET"]}}],"collection":[{"href":"https:\/\/www.europesays.com\/fi\/wp-json\/wp\/v2\/posts"}],"about":[{"href":"https:\/\/www.europesays.com\/fi\/wp-json\/wp\/v2\/types\/post"}],"author":[{"embeddable":true,"href":"https:\/\/www.europesays.com\/fi\/wp-json\/wp\/v2\/users\/2"}],"replies":[{"embeddable":true,"href":"https:\/\/www.europesays.com\/fi\/wp-json\/wp\/v2\/comments?post=101227"}],"version-history":[{"count":0,"href":"https:\/\/www.europesays.com\/fi\/wp-json\/wp\/v2\/posts\/101227\/revisions"}],"wp:featuredmedia":[{"embeddable":true,"href":"https:\/\/www.europesays.com\/fi\/wp-json\/wp\/v2\/media\/101228"}],"wp:attachment":[{"href":"https:\/\/www.europesays.com\/fi\/wp-json\/wp\/v2\/media?parent=101227"}],"wp:term":[{"taxonomy":"category","embeddable":true,"href":"https:\/\/www.europesays.com\/fi\/wp-json\/wp\/v2\/categories?post=101227"},{"taxonomy":"post_tag","embeddable":true,"href":"https:\/\/www.europesays.com\/fi\/wp-json\/wp\/v2\/tags?post=101227"}],"curies":[{"name":"wp","href":"https:\/\/api.w.org\/{rel}","templated":true}]}}